{"id":7752,"date":"2023-08-10T07:55:39","date_gmt":"2023-08-10T07:55:39","guid":{"rendered":"https:\/\/pflegezentrum-yspertal.at\/wordpress\/?p=5546"},"modified":"2023-08-10T07:55:39","modified_gmt":"2023-08-10T07:55:39","slug":"sturzpraevention","status":"publish","type":"post","link":"https:\/\/pflegezentrum-yspertal.at\/wordpress\/sturzpraevention","title":{"rendered":"Sturzpr\u00e4vention"},"content":{"rendered":"\n<p>Wichtig f\u00fcr den Erhalt der Mobilit\u00e4t ist eine gest\u00e4rkte Muskulatur. Eine Gruppe von Bewohner:innen, die ihre Mobilit\u00e4t mit dem Rollator unterst\u00fctzen hat an dieser \u201eSturzpr\u00e4ventionsrunde\u201c teilgenommen. Gezielte, muskelkr\u00e4ftigende \u00dcbungen wurden unter Anleitung von Kerstin ge\u00fcbt. Anfangs mit leichten Startschwierigkeiten, jedoch nach mehreren Wiederholungen konnten die \u00dcbungen schon ganz toll durchgef\u00fchrt werden.<\/p>\n\n\n\n<figure class=\"wp-block-gallery has-nested-images columns-default is-cropped wp-block-gallery-1 is-layout-flex wp-block-gallery-is-layout-flex\">\n<figure class=\"wp-block-image size-large\"><a href=\"https:\/\/pflegezentrum-yspertal.at\/wordpress\/wp-content\/uploads\/2023\/08\/IMG-20230810-WA0095.jpg\"><img decoding=\"async\" data-id=\"5548\" src=\"https:\/\/pflegezentrum-yspertal.at\/wordpress\/wp-content\/uploads\/2023\/08\/IMG-20230810-WA0095.jpg\" alt=\"\" class=\"wp-image-5548\"\/><\/a><\/figure>\n\n\n\n<figure class=\"wp-block-image size-large\"><a href=\"https:\/\/pflegezentrum-yspertal.at\/wordpress\/wp-content\/uploads\/2023\/08\/IMG-20230810-WA0087.jpg\"><img decoding=\"async\" data-id=\"5549\" src=\"https:\/\/pflegezentrum-yspertal.at\/wordpress\/wp-content\/uploads\/2023\/08\/IMG-20230810-WA0087.jpg\" alt=\"\" class=\"wp-image-5549\"\/><\/a><\/figure>\n\n\n\n<figure class=\"wp-block-image size-large\"><a href=\"https:\/\/pflegezentrum-yspertal.at\/wordpress\/wp-content\/uploads\/2023\/08\/IMG-20230810-WA0090.jpg\"><img decoding=\"async\" data-id=\"5550\" src=\"https:\/\/pflegezentrum-yspertal.at\/wordpress\/wp-content\/uploads\/2023\/08\/IMG-20230810-WA0090.jpg\" alt=\"\" class=\"wp-image-5550\"\/><\/a><\/figure>\n\n\n\n<figure class=\"wp-block-image size-large\"><a href=\"https:\/\/pflegezentrum-yspertal.at\/wordpress\/wp-content\/uploads\/2023\/08\/IMG-20230810-WA0093.jpg\"><img decoding=\"async\" data-id=\"5547\" src=\"https:\/\/pflegezentrum-yspertal.at\/wordpress\/wp-content\/uploads\/2023\/08\/IMG-20230810-WA0093.jpg\" alt=\"\" class=\"wp-image-5547\"\/><\/a><\/figure>\n<\/figure>\n","protected":false},"excerpt":{"rendered":"<p>Wichtig f\u00fcr den Erhalt der Mobilit\u00e4t ist eine gest\u00e4rkte Muskulatur. Eine Gruppe von Bewohner:innen, die ihre Mobilit\u00e4t mit dem Rollator unterst\u00fctzen hat an dieser \u201eSturzpr\u00e4ventionsrunde\u201c teilgenommen. Gezielte, muskelkr\u00e4ftigende \u00dcbungen wurden unter Anleitung von Kerstin ge\u00fcbt. Anfangs mit leichten Startschwierigkeiten, jedoch nach mehreren Wiederholungen konnten die \u00dcbungen schon ganz toll durchgef\u00fchrt werden.<\/p>\n","protected":false},"author":4,"featured_media":7779,"comment_status":"closed","ping_status":"closed","sticky":false,"template":"","format":"standard","meta":{"inline_featured_image":false,"footnotes":""},"categories":[1],"tags":[],"class_list":["post-7752","post","type-post","status-publish","format-standard","has-post-thumbnail","hentry","category-aktuelles"],"yoast_head":"<!-- This site is optimized with the Yoast SEO plugin v27.4 - https:\/\/yoast.com\/product\/yoast-seo-wordpress\/ -->\n<title>Sturzpr\u00e4vention - Pflegezentrum Yspertal<\/title>\n<meta name=\"robots\" content=\"index, follow, max-snippet:-1, max-image-preview:large, max-video-preview:-1\" \/>\n<link rel=\"canonical\" href=\"https:\/\/yspertal.netzspinnerei.at\/sturzpraevention\" \/>\n<meta property=\"og:locale\" content=\"de_DE\" \/>\n<meta property=\"og:type\" content=\"article\" \/>\n<meta property=\"og:title\" content=\"Sturzpr\u00e4vention - Pflegezentrum Yspertal\" \/>\n<meta property=\"og:description\" content=\"Wichtig f\u00fcr den Erhalt der Mobilit\u00e4t ist eine gest\u00e4rkte Muskulatur. Eine Gruppe von Bewohner:innen, die ihre Mobilit\u00e4t mit dem Rollator unterst\u00fctzen hat an dieser \u201eSturzpr\u00e4ventionsrunde\u201c teilgenommen. Gezielte, muskelkr\u00e4ftigende \u00dcbungen wurden unter Anleitung von Kerstin ge\u00fcbt. Anfangs mit leichten Startschwierigkeiten, jedoch nach mehreren Wiederholungen konnten die \u00dcbungen schon ganz toll durchgef\u00fchrt werden.\" \/>\n<meta property=\"og:url\" content=\"https:\/\/yspertal.netzspinnerei.at\/sturzpraevention\" \/>\n<meta property=\"og:site_name\" content=\"Pflegezentrum Yspertal\" \/>\n<meta property=\"article:published_time\" content=\"2023-08-10T07:55:39+00:00\" \/>\n<meta property=\"og:image\" content=\"https:\/\/yspertal.netzspinnerei.at\/wp-content\/uploads\/2023\/08\/IMG-20230810-WA0087.jpg\" \/>\n\t<meta property=\"og:image:width\" content=\"576\" \/>\n\t<meta property=\"og:image:height\" content=\"768\" \/>\n\t<meta property=\"og:image:type\" content=\"image\/jpeg\" \/>\n<meta name=\"author\" content=\"yspertal\" \/>\n<meta name=\"twitter:card\" content=\"summary_large_image\" \/>\n<meta name=\"twitter:label1\" content=\"Verfasst von\" \/>\n\t<meta name=\"twitter:data1\" content=\"yspertal\" \/>\n\t<meta name=\"twitter:label2\" content=\"Gesch\u00e4tzte Lesezeit\" \/>\n\t<meta name=\"twitter:data2\" content=\"2\u00a0Minuten\" \/>\n<script type=\"application\/ld+json\" class=\"yoast-schema-graph\">{\"@context\":\"https:\\\/\\\/schema.org\",\"@graph\":[{\"@type\":\"Article\",\"@id\":\"https:\\\/\\\/yspertal.netzspinnerei.at\\\/sturzpraevention#article\",\"isPartOf\":{\"@id\":\"https:\\\/\\\/yspertal.netzspinnerei.at\\\/sturzpraevention\"},\"author\":{\"name\":\"yspertal\",\"@id\":\"https:\\\/\\\/yspertal.netzspinnerei.at\\\/#\\\/schema\\\/person\\\/0438af216aae016d571caa687d414651\"},\"headline\":\"Sturzpr\u00e4vention\",\"datePublished\":\"2023-08-10T07:55:39+00:00\",\"mainEntityOfPage\":{\"@id\":\"https:\\\/\\\/yspertal.netzspinnerei.at\\\/sturzpraevention\"},\"wordCount\":63,\"publisher\":{\"@id\":\"https:\\\/\\\/yspertal.netzspinnerei.at\\\/#organization\"},\"image\":{\"@id\":\"https:\\\/\\\/yspertal.netzspinnerei.at\\\/sturzpraevention#primaryimage\"},\"thumbnailUrl\":\"https:\\\/\\\/pflegezentrum-yspertal.at\\\/wordpress\\\/wp-content\\\/uploads\\\/2023\\\/08\\\/IMG-20230810-WA0087.jpg\",\"articleSection\":[\"Aktuelles\"],\"inLanguage\":\"de\"},{\"@type\":\"WebPage\",\"@id\":\"https:\\\/\\\/yspertal.netzspinnerei.at\\\/sturzpraevention\",\"url\":\"https:\\\/\\\/yspertal.netzspinnerei.at\\\/sturzpraevention\",\"name\":\"Sturzpr\u00e4vention - Pflegezentrum Yspertal\",\"isPartOf\":{\"@id\":\"https:\\\/\\\/yspertal.netzspinnerei.at\\\/#website\"},\"primaryImageOfPage\":{\"@id\":\"https:\\\/\\\/yspertal.netzspinnerei.at\\\/sturzpraevention#primaryimage\"},\"image\":{\"@id\":\"https:\\\/\\\/yspertal.netzspinnerei.at\\\/sturzpraevention#primaryimage\"},\"thumbnailUrl\":\"https:\\\/\\\/pflegezentrum-yspertal.at\\\/wordpress\\\/wp-content\\\/uploads\\\/2023\\\/08\\\/IMG-20230810-WA0087.jpg\",\"datePublished\":\"2023-08-10T07:55:39+00:00\",\"breadcrumb\":{\"@id\":\"https:\\\/\\\/yspertal.netzspinnerei.at\\\/sturzpraevention#breadcrumb\"},\"inLanguage\":\"de\",\"potentialAction\":[{\"@type\":\"ReadAction\",\"target\":[\"https:\\\/\\\/yspertal.netzspinnerei.at\\\/sturzpraevention\"]}]},{\"@type\":\"ImageObject\",\"inLanguage\":\"de\",\"@id\":\"https:\\\/\\\/yspertal.netzspinnerei.at\\\/sturzpraevention#primaryimage\",\"url\":\"https:\\\/\\\/pflegezentrum-yspertal.at\\\/wordpress\\\/wp-content\\\/uploads\\\/2023\\\/08\\\/IMG-20230810-WA0087.jpg\",\"contentUrl\":\"https:\\\/\\\/pflegezentrum-yspertal.at\\\/wordpress\\\/wp-content\\\/uploads\\\/2023\\\/08\\\/IMG-20230810-WA0087.jpg\",\"width\":576,\"height\":768},{\"@type\":\"BreadcrumbList\",\"@id\":\"https:\\\/\\\/yspertal.netzspinnerei.at\\\/sturzpraevention#breadcrumb\",\"itemListElement\":[{\"@type\":\"ListItem\",\"position\":1,\"name\":\"Home\",\"item\":\"https:\\\/\\\/pflegezentrum-yspertal.at\\\/wordpress\\\/\"},{\"@type\":\"ListItem\",\"position\":2,\"name\":\"Aktuelles\",\"item\":\"https:\\\/\\\/yspertal.netzspinnerei.at\\\/category\\\/aktuelles\"},{\"@type\":\"ListItem\",\"position\":3,\"name\":\"Sturzpr\u00e4vention\"}]},{\"@type\":\"WebSite\",\"@id\":\"https:\\\/\\\/yspertal.netzspinnerei.at\\\/#website\",\"url\":\"https:\\\/\\\/yspertal.netzspinnerei.at\\\/\",\"name\":\"Pflegezentrum Yspertal\",\"description\":\"\",\"publisher\":{\"@id\":\"https:\\\/\\\/yspertal.netzspinnerei.at\\\/#organization\"},\"potentialAction\":[{\"@type\":\"SearchAction\",\"target\":{\"@type\":\"EntryPoint\",\"urlTemplate\":\"https:\\\/\\\/yspertal.netzspinnerei.at\\\/?s={search_term_string}\"},\"query-input\":{\"@type\":\"PropertyValueSpecification\",\"valueRequired\":true,\"valueName\":\"search_term_string\"}}],\"inLanguage\":\"de\"},{\"@type\":\"Organization\",\"@id\":\"https:\\\/\\\/yspertal.netzspinnerei.at\\\/#organization\",\"name\":\"Pflegezentrum Yspertal\",\"url\":\"https:\\\/\\\/yspertal.netzspinnerei.at\\\/\",\"logo\":{\"@type\":\"ImageObject\",\"inLanguage\":\"de\",\"@id\":\"https:\\\/\\\/yspertal.netzspinnerei.at\\\/#\\\/schema\\\/logo\\\/image\\\/\",\"url\":\"https:\\\/\\\/pflegezentrum-yspertal.at\\\/wordpress\\\/wp-content\\\/uploads\\\/2023\\\/10\\\/Logo-Border.jpg\",\"contentUrl\":\"https:\\\/\\\/pflegezentrum-yspertal.at\\\/wordpress\\\/wp-content\\\/uploads\\\/2023\\\/10\\\/Logo-Border.jpg\",\"width\":787,\"height\":102,\"caption\":\"Pflegezentrum Yspertal\"},\"image\":{\"@id\":\"https:\\\/\\\/yspertal.netzspinnerei.at\\\/#\\\/schema\\\/logo\\\/image\\\/\"}},{\"@type\":\"Person\",\"@id\":\"https:\\\/\\\/yspertal.netzspinnerei.at\\\/#\\\/schema\\\/person\\\/0438af216aae016d571caa687d414651\",\"name\":\"yspertal\",\"image\":{\"@type\":\"ImageObject\",\"inLanguage\":\"de\",\"@id\":\"https:\\\/\\\/secure.gravatar.com\\\/avatar\\\/d6d6f149f3e4dfd0fec95c58d9bf27d576441d81faa3399f60eebaa71358d6a9?s=96&d=mm&r=g\",\"url\":\"https:\\\/\\\/secure.gravatar.com\\\/avatar\\\/d6d6f149f3e4dfd0fec95c58d9bf27d576441d81faa3399f60eebaa71358d6a9?s=96&d=mm&r=g\",\"contentUrl\":\"https:\\\/\\\/secure.gravatar.com\\\/avatar\\\/d6d6f149f3e4dfd0fec95c58d9bf27d576441d81faa3399f60eebaa71358d6a9?s=96&d=mm&r=g\",\"caption\":\"yspertal\"},\"url\":\"https:\\\/\\\/pflegezentrum-yspertal.at\\\/wordpress\\\/author\\\/yspertal\"}]}<\/script>\n<!-- \/ Yoast SEO plugin. -->","yoast_head_json":{"title":"Sturzpr\u00e4vention - Pflegezentrum Yspertal","robots":{"index":"index","follow":"follow","max-snippet":"max-snippet:-1","max-image-preview":"max-image-preview:large","max-video-preview":"max-video-preview:-1"},"canonical":"https:\/\/yspertal.netzspinnerei.at\/sturzpraevention","og_locale":"de_DE","og_type":"article","og_title":"Sturzpr\u00e4vention - Pflegezentrum Yspertal","og_description":"Wichtig f\u00fcr den Erhalt der Mobilit\u00e4t ist eine gest\u00e4rkte Muskulatur. Eine Gruppe von Bewohner:innen, die ihre Mobilit\u00e4t mit dem Rollator unterst\u00fctzen hat an dieser \u201eSturzpr\u00e4ventionsrunde\u201c teilgenommen. Gezielte, muskelkr\u00e4ftigende \u00dcbungen wurden unter Anleitung von Kerstin ge\u00fcbt. Anfangs mit leichten Startschwierigkeiten, jedoch nach mehreren Wiederholungen konnten die \u00dcbungen schon ganz toll durchgef\u00fchrt werden.","og_url":"https:\/\/yspertal.netzspinnerei.at\/sturzpraevention","og_site_name":"Pflegezentrum Yspertal","article_published_time":"2023-08-10T07:55:39+00:00","og_image":[{"width":576,"height":768,"url":"https:\/\/yspertal.netzspinnerei.at\/wp-content\/uploads\/2023\/08\/IMG-20230810-WA0087.jpg","type":"image\/jpeg"}],"author":"yspertal","twitter_card":"summary_large_image","twitter_misc":{"Verfasst von":"yspertal","Gesch\u00e4tzte Lesezeit":"2\u00a0Minuten"},"schema":{"@context":"https:\/\/schema.org","@graph":[{"@type":"Article","@id":"https:\/\/yspertal.netzspinnerei.at\/sturzpraevention#article","isPartOf":{"@id":"https:\/\/yspertal.netzspinnerei.at\/sturzpraevention"},"author":{"name":"yspertal","@id":"https:\/\/yspertal.netzspinnerei.at\/#\/schema\/person\/0438af216aae016d571caa687d414651"},"headline":"Sturzpr\u00e4vention","datePublished":"2023-08-10T07:55:39+00:00","mainEntityOfPage":{"@id":"https:\/\/yspertal.netzspinnerei.at\/sturzpraevention"},"wordCount":63,"publisher":{"@id":"https:\/\/yspertal.netzspinnerei.at\/#organization"},"image":{"@id":"https:\/\/yspertal.netzspinnerei.at\/sturzpraevention#primaryimage"},"thumbnailUrl":"https:\/\/pflegezentrum-yspertal.at\/wordpress\/wp-content\/uploads\/2023\/08\/IMG-20230810-WA0087.jpg","articleSection":["Aktuelles"],"inLanguage":"de"},{"@type":"WebPage","@id":"https:\/\/yspertal.netzspinnerei.at\/sturzpraevention","url":"https:\/\/yspertal.netzspinnerei.at\/sturzpraevention","name":"Sturzpr\u00e4vention - Pflegezentrum Yspertal","isPartOf":{"@id":"https:\/\/yspertal.netzspinnerei.at\/#website"},"primaryImageOfPage":{"@id":"https:\/\/yspertal.netzspinnerei.at\/sturzpraevention#primaryimage"},"image":{"@id":"https:\/\/yspertal.netzspinnerei.at\/sturzpraevention#primaryimage"},"thumbnailUrl":"https:\/\/pflegezentrum-yspertal.at\/wordpress\/wp-content\/uploads\/2023\/08\/IMG-20230810-WA0087.jpg","datePublished":"2023-08-10T07:55:39+00:00","breadcrumb":{"@id":"https:\/\/yspertal.netzspinnerei.at\/sturzpraevention#breadcrumb"},"inLanguage":"de","potentialAction":[{"@type":"ReadAction","target":["https:\/\/yspertal.netzspinnerei.at\/sturzpraevention"]}]},{"@type":"ImageObject","inLanguage":"de","@id":"https:\/\/yspertal.netzspinnerei.at\/sturzpraevention#primaryimage","url":"https:\/\/pflegezentrum-yspertal.at\/wordpress\/wp-content\/uploads\/2023\/08\/IMG-20230810-WA0087.jpg","contentUrl":"https:\/\/pflegezentrum-yspertal.at\/wordpress\/wp-content\/uploads\/2023\/08\/IMG-20230810-WA0087.jpg","width":576,"height":768},{"@type":"BreadcrumbList","@id":"https:\/\/yspertal.netzspinnerei.at\/sturzpraevention#breadcrumb","itemListElement":[{"@type":"ListItem","position":1,"name":"Home","item":"https:\/\/pflegezentrum-yspertal.at\/wordpress\/"},{"@type":"ListItem","position":2,"name":"Aktuelles","item":"https:\/\/yspertal.netzspinnerei.at\/category\/aktuelles"},{"@type":"ListItem","position":3,"name":"Sturzpr\u00e4vention"}]},{"@type":"WebSite","@id":"https:\/\/yspertal.netzspinnerei.at\/#website","url":"https:\/\/yspertal.netzspinnerei.at\/","name":"Pflegezentrum Yspertal","description":"","publisher":{"@id":"https:\/\/yspertal.netzspinnerei.at\/#organization"},"potentialAction":[{"@type":"SearchAction","target":{"@type":"EntryPoint","urlTemplate":"https:\/\/yspertal.netzspinnerei.at\/?s={search_term_string}"},"query-input":{"@type":"PropertyValueSpecification","valueRequired":true,"valueName":"search_term_string"}}],"inLanguage":"de"},{"@type":"Organization","@id":"https:\/\/yspertal.netzspinnerei.at\/#organization","name":"Pflegezentrum Yspertal","url":"https:\/\/yspertal.netzspinnerei.at\/","logo":{"@type":"ImageObject","inLanguage":"de","@id":"https:\/\/yspertal.netzspinnerei.at\/#\/schema\/logo\/image\/","url":"https:\/\/pflegezentrum-yspertal.at\/wordpress\/wp-content\/uploads\/2023\/10\/Logo-Border.jpg","contentUrl":"https:\/\/pflegezentrum-yspertal.at\/wordpress\/wp-content\/uploads\/2023\/10\/Logo-Border.jpg","width":787,"height":102,"caption":"Pflegezentrum Yspertal"},"image":{"@id":"https:\/\/yspertal.netzspinnerei.at\/#\/schema\/logo\/image\/"}},{"@type":"Person","@id":"https:\/\/yspertal.netzspinnerei.at\/#\/schema\/person\/0438af216aae016d571caa687d414651","name":"yspertal","image":{"@type":"ImageObject","inLanguage":"de","@id":"https:\/\/secure.gravatar.com\/avatar\/d6d6f149f3e4dfd0fec95c58d9bf27d576441d81faa3399f60eebaa71358d6a9?s=96&d=mm&r=g","url":"https:\/\/secure.gravatar.com\/avatar\/d6d6f149f3e4dfd0fec95c58d9bf27d576441d81faa3399f60eebaa71358d6a9?s=96&d=mm&r=g","contentUrl":"https:\/\/secure.gravatar.com\/avatar\/d6d6f149f3e4dfd0fec95c58d9bf27d576441d81faa3399f60eebaa71358d6a9?s=96&d=mm&r=g","caption":"yspertal"},"url":"https:\/\/pflegezentrum-yspertal.at\/wordpress\/author\/yspertal"}]}},"_links":{"self":[{"href":"https:\/\/pflegezentrum-yspertal.at\/wordpress\/wp-json\/wp\/v2\/posts\/7752","targetHints":{"allow":["GET"]}}],"collection":[{"href":"https:\/\/pflegezentrum-yspertal.at\/wordpress\/wp-json\/wp\/v2\/posts"}],"about":[{"href":"https:\/\/pflegezentrum-yspertal.at\/wordpress\/wp-json\/wp\/v2\/types\/post"}],"author":[{"embeddable":true,"href":"https:\/\/pflegezentrum-yspertal.at\/wordpress\/wp-json\/wp\/v2\/users\/4"}],"replies":[{"embeddable":true,"href":"https:\/\/pflegezentrum-yspertal.at\/wordpress\/wp-json\/wp\/v2\/comments?post=7752"}],"version-history":[{"count":0,"href":"https:\/\/pflegezentrum-yspertal.at\/wordpress\/wp-json\/wp\/v2\/posts\/7752\/revisions"}],"wp:featuredmedia":[{"embeddable":true,"href":"https:\/\/pflegezentrum-yspertal.at\/wordpress\/wp-json\/wp\/v2\/media\/7779"}],"wp:attachment":[{"href":"https:\/\/pflegezentrum-yspertal.at\/wordpress\/wp-json\/wp\/v2\/media?parent=7752"}],"wp:term":[{"taxonomy":"category","embeddable":true,"href":"https:\/\/pflegezentrum-yspertal.at\/wordpress\/wp-json\/wp\/v2\/categories?post=7752"},{"taxonomy":"post_tag","embeddable":true,"href":"https:\/\/pflegezentrum-yspertal.at\/wordpress\/wp-json\/wp\/v2\/tags?post=7752"}],"curies":[{"name":"wp","href":"https:\/\/api.w.org\/{rel}","templated":true}]}}