{"id":5697,"date":"2024-01-11T09:35:13","date_gmt":"2024-01-11T09:35:13","guid":{"rendered":"https:\/\/pflegezentrum-yspertal.at\/wordpress\/?p=5697"},"modified":"2024-02-29T10:18:49","modified_gmt":"2024-02-29T10:18:49","slug":"auszeichnung-e-qalin","status":"publish","type":"post","link":"https:\/\/pflegezentrum-yspertal.at\/wordpress\/auszeichnung-e-qalin","title":{"rendered":"Auszeichnung E-Qalin\u00ae"},"content":{"rendered":"\n<p>Auszeichnung E-Qalin\u00ae \u2013 Qualit\u00e4tshaus nach Selbstbewertung<\/p>\n\n\n\n<p>Das Pflegezentrum Yspertal hat im Dezember 2023 erneut die Auszeichnung E-Qalin\u00ae Qualit\u00e4tshaus nach Selbstbewertung erhalten.<\/p>\n\n\n\n<p>E-Qalin\u00ae steht f\u00fcr Qualit\u00e4tsmanagement und orientiert sich an den Bed\u00fcrfnissen der Zufriedenheit der Bewohnerinnen und Bewohner, deren Angeh\u00f6rige und an den Mitarbeiterinnen und Mitarbeitern in der Einrichtung.<\/p>\n\n\n\n<p>Im Rahmen des organisationsweiten Selbstbewertungsprozesses und der Analyse wurde die Qualit\u00e4t der Leistungen und Abl\u00e4ufe sowie die gelebten Werte im Haus systematisch reflektiert.<\/p>\n\n\n\n<p>Die angebotene Qualit\u00e4t im Haus sichert eine angemessene Pflege- und Betreuung und bildet die Grundlage f\u00fcr die hohe Lebensqualit\u00e4t und Selbstbestimmtheit f\u00fcr die Bewohnerinnen und Bewohner, die Zufriedenheit der Angeh\u00f6rigen und die Arbeitszufriedenheit der Mitarbeiterinnen und Mitarbeiter.<\/p>\n\n\n\n<p>Diese ausgezeichnete Qualit\u00e4t ist eine gute Basis, um nachhaltig daran weiterzuarbeiten und auch nach der Fertigstellung des Zubaus von 86 Pflege- und Betreuungspl\u00e4tzen die Qualit\u00e4t in der gesamten Einrichtung anzubieten.<\/p>\n\n\n\n<figure class=\"wp-block-gallery has-nested-images columns-default is-cropped wp-block-gallery-1 is-layout-flex wp-block-gallery-is-layout-flex\">\n<figure class=\"wp-block-image size-large\"><a href=\"https:\/\/pflegezentrum-yspertal.at\/wordpress\/wp-content\/uploads\/2024\/01\/EQALIN_Zertifikat_2023_Rezertifizierung-scaled-1.jpg\"><img decoding=\"async\" data-id=\"5698\" src=\"https:\/\/pflegezentrum-yspertal.at\/wordpress\/wp-content\/uploads\/2024\/01\/EQALIN_Zertifikat_2023_Rezertifizierung-724x1024.jpg\" alt=\"\" class=\"wp-image-5698\"\/><\/a><\/figure>\n<\/figure>\n","protected":false},"excerpt":{"rendered":"<p>Auszeichnung E-Qalin\u00ae \u2013 Qualit\u00e4tshaus nach Selbstbewertung Das Pflegezentrum Yspertal hat im Dezember 2023 erneut die Auszeichnung E-Qalin\u00ae Qualit\u00e4tshaus nach Selbstbewertung erhalten. E-Qalin\u00ae steht f\u00fcr Qualit\u00e4tsmanagement und orientiert sich an den Bed\u00fcrfnissen der Zufriedenheit der Bewohnerinnen und Bewohner, deren Angeh\u00f6rige und an den Mitarbeiterinnen und Mitarbeitern in der Einrichtung. Im Rahmen des organisationsweiten Selbstbewertungsprozesses und der &#8230; <a title=\"Auszeichnung E-Qalin\u00ae\" class=\"read-more\" href=\"https:\/\/pflegezentrum-yspertal.at\/wordpress\/auszeichnung-e-qalin\" aria-label=\"Mehr Informationen \u00fcber Auszeichnung E-Qalin\u00ae\">Weiterlesen<\/a><\/p>\n","protected":false},"author":4,"featured_media":5698,"comment_status":"closed","ping_status":"closed","sticky":false,"template":"","format":"standard","meta":{"inline_featured_image":false,"footnotes":""},"categories":[1,33],"tags":[],"class_list":["post-5697","post","type-post","status-publish","format-standard","has-post-thumbnail","hentry","category-aktuelles","category-zertifizierungen"],"yoast_head":"<!-- This site is optimized with the Yoast SEO plugin v27.4 - https:\/\/yoast.com\/product\/yoast-seo-wordpress\/ -->\n<title>Auszeichnung E-Qalin\u00ae - Pflegezentrum Yspertal<\/title>\n<meta name=\"robots\" content=\"index, follow, max-snippet:-1, max-image-preview:large, max-video-preview:-1\" \/>\n<link rel=\"canonical\" href=\"https:\/\/pflegezentrum-yspertal.at\/wordpress\/auszeichnung-e-qalin\" \/>\n<meta property=\"og:locale\" content=\"de_DE\" \/>\n<meta property=\"og:type\" content=\"article\" \/>\n<meta property=\"og:title\" content=\"Auszeichnung E-Qalin\u00ae - Pflegezentrum Yspertal\" \/>\n<meta property=\"og:description\" content=\"Auszeichnung E-Qalin\u00ae \u2013 Qualit\u00e4tshaus nach Selbstbewertung Das Pflegezentrum Yspertal hat im Dezember 2023 erneut die Auszeichnung E-Qalin\u00ae Qualit\u00e4tshaus nach Selbstbewertung erhalten. E-Qalin\u00ae steht f\u00fcr Qualit\u00e4tsmanagement und orientiert sich an den Bed\u00fcrfnissen der Zufriedenheit der Bewohnerinnen und Bewohner, deren Angeh\u00f6rige und an den Mitarbeiterinnen und Mitarbeitern in der Einrichtung. Im Rahmen des organisationsweiten Selbstbewertungsprozesses und der ... Weiterlesen\" \/>\n<meta property=\"og:url\" content=\"https:\/\/pflegezentrum-yspertal.at\/wordpress\/auszeichnung-e-qalin\" \/>\n<meta property=\"og:site_name\" content=\"Pflegezentrum Yspertal\" \/>\n<meta property=\"article:published_time\" content=\"2024-01-11T09:35:13+00:00\" \/>\n<meta property=\"article:modified_time\" content=\"2024-02-29T10:18:49+00:00\" \/>\n<meta property=\"og:image\" content=\"https:\/\/pflegezentrum-yspertal.at\/wordpress\/wp-content\/uploads\/2024\/01\/EQALIN_Zertifikat_2023_Rezertifizierung-scaled-1.jpg\" \/>\n\t<meta property=\"og:image:width\" content=\"1810\" \/>\n\t<meta property=\"og:image:height\" content=\"2560\" \/>\n\t<meta property=\"og:image:type\" content=\"image\/jpeg\" \/>\n<meta name=\"author\" content=\"yspertal\" \/>\n<meta name=\"twitter:card\" content=\"summary_large_image\" \/>\n<meta name=\"twitter:label1\" content=\"Verfasst von\" \/>\n\t<meta name=\"twitter:data1\" content=\"yspertal\" \/>\n\t<meta name=\"twitter:label2\" content=\"Gesch\u00e4tzte Lesezeit\" \/>\n\t<meta name=\"twitter:data2\" content=\"2\u00a0Minuten\" \/>\n<script type=\"application\/ld+json\" class=\"yoast-schema-graph\">{\"@context\":\"https:\\\/\\\/schema.org\",\"@graph\":[{\"@type\":\"Article\",\"@id\":\"https:\\\/\\\/pflegezentrum-yspertal.at\\\/wordpress\\\/auszeichnung-e-qalin#article\",\"isPartOf\":{\"@id\":\"https:\\\/\\\/pflegezentrum-yspertal.at\\\/wordpress\\\/auszeichnung-e-qalin\"},\"author\":{\"name\":\"yspertal\",\"@id\":\"https:\\\/\\\/yspertal.netzspinnerei.at\\\/#\\\/schema\\\/person\\\/0438af216aae016d571caa687d414651\"},\"headline\":\"Auszeichnung E-Qalin\u00ae\",\"datePublished\":\"2024-01-11T09:35:13+00:00\",\"dateModified\":\"2024-02-29T10:18:49+00:00\",\"mainEntityOfPage\":{\"@id\":\"https:\\\/\\\/pflegezentrum-yspertal.at\\\/wordpress\\\/auszeichnung-e-qalin\"},\"wordCount\":153,\"publisher\":{\"@id\":\"https:\\\/\\\/yspertal.netzspinnerei.at\\\/#organization\"},\"image\":{\"@id\":\"https:\\\/\\\/pflegezentrum-yspertal.at\\\/wordpress\\\/auszeichnung-e-qalin#primaryimage\"},\"thumbnailUrl\":\"https:\\\/\\\/pflegezentrum-yspertal.at\\\/wordpress\\\/wp-content\\\/uploads\\\/2024\\\/01\\\/EQALIN_Zertifikat_2023_Rezertifizierung-scaled-1.jpg\",\"articleSection\":[\"Aktuelles\",\"Zertifizierungen\"],\"inLanguage\":\"de\"},{\"@type\":\"WebPage\",\"@id\":\"https:\\\/\\\/pflegezentrum-yspertal.at\\\/wordpress\\\/auszeichnung-e-qalin\",\"url\":\"https:\\\/\\\/pflegezentrum-yspertal.at\\\/wordpress\\\/auszeichnung-e-qalin\",\"name\":\"Auszeichnung E-Qalin\u00ae - Pflegezentrum Yspertal\",\"isPartOf\":{\"@id\":\"https:\\\/\\\/yspertal.netzspinnerei.at\\\/#website\"},\"primaryImageOfPage\":{\"@id\":\"https:\\\/\\\/pflegezentrum-yspertal.at\\\/wordpress\\\/auszeichnung-e-qalin#primaryimage\"},\"image\":{\"@id\":\"https:\\\/\\\/pflegezentrum-yspertal.at\\\/wordpress\\\/auszeichnung-e-qalin#primaryimage\"},\"thumbnailUrl\":\"https:\\\/\\\/pflegezentrum-yspertal.at\\\/wordpress\\\/wp-content\\\/uploads\\\/2024\\\/01\\\/EQALIN_Zertifikat_2023_Rezertifizierung-scaled-1.jpg\",\"datePublished\":\"2024-01-11T09:35:13+00:00\",\"dateModified\":\"2024-02-29T10:18:49+00:00\",\"breadcrumb\":{\"@id\":\"https:\\\/\\\/pflegezentrum-yspertal.at\\\/wordpress\\\/auszeichnung-e-qalin#breadcrumb\"},\"inLanguage\":\"de\",\"potentialAction\":[{\"@type\":\"ReadAction\",\"target\":[\"https:\\\/\\\/pflegezentrum-yspertal.at\\\/wordpress\\\/auszeichnung-e-qalin\"]}]},{\"@type\":\"ImageObject\",\"inLanguage\":\"de\",\"@id\":\"https:\\\/\\\/pflegezentrum-yspertal.at\\\/wordpress\\\/auszeichnung-e-qalin#primaryimage\",\"url\":\"https:\\\/\\\/pflegezentrum-yspertal.at\\\/wordpress\\\/wp-content\\\/uploads\\\/2024\\\/01\\\/EQALIN_Zertifikat_2023_Rezertifizierung-scaled-1.jpg\",\"contentUrl\":\"https:\\\/\\\/pflegezentrum-yspertal.at\\\/wordpress\\\/wp-content\\\/uploads\\\/2024\\\/01\\\/EQALIN_Zertifikat_2023_Rezertifizierung-scaled-1.jpg\",\"width\":1810,\"height\":2560},{\"@type\":\"BreadcrumbList\",\"@id\":\"https:\\\/\\\/pflegezentrum-yspertal.at\\\/wordpress\\\/auszeichnung-e-qalin#breadcrumb\",\"itemListElement\":[{\"@type\":\"ListItem\",\"position\":1,\"name\":\"Home\",\"item\":\"https:\\\/\\\/pflegezentrum-yspertal.at\\\/wordpress\\\/\"},{\"@type\":\"ListItem\",\"position\":2,\"name\":\"Aktuelles\",\"item\":\"https:\\\/\\\/yspertal.netzspinnerei.at\\\/category\\\/aktuelles\"},{\"@type\":\"ListItem\",\"position\":3,\"name\":\"Auszeichnung E-Qalin\u00ae\"}]},{\"@type\":\"WebSite\",\"@id\":\"https:\\\/\\\/yspertal.netzspinnerei.at\\\/#website\",\"url\":\"https:\\\/\\\/yspertal.netzspinnerei.at\\\/\",\"name\":\"Pflegezentrum Yspertal\",\"description\":\"\",\"publisher\":{\"@id\":\"https:\\\/\\\/yspertal.netzspinnerei.at\\\/#organization\"},\"potentialAction\":[{\"@type\":\"SearchAction\",\"target\":{\"@type\":\"EntryPoint\",\"urlTemplate\":\"https:\\\/\\\/yspertal.netzspinnerei.at\\\/?s={search_term_string}\"},\"query-input\":{\"@type\":\"PropertyValueSpecification\",\"valueRequired\":true,\"valueName\":\"search_term_string\"}}],\"inLanguage\":\"de\"},{\"@type\":\"Organization\",\"@id\":\"https:\\\/\\\/yspertal.netzspinnerei.at\\\/#organization\",\"name\":\"Pflegezentrum Yspertal\",\"url\":\"https:\\\/\\\/yspertal.netzspinnerei.at\\\/\",\"logo\":{\"@type\":\"ImageObject\",\"inLanguage\":\"de\",\"@id\":\"https:\\\/\\\/yspertal.netzspinnerei.at\\\/#\\\/schema\\\/logo\\\/image\\\/\",\"url\":\"https:\\\/\\\/pflegezentrum-yspertal.at\\\/wordpress\\\/wp-content\\\/uploads\\\/2023\\\/10\\\/Logo-Border.jpg\",\"contentUrl\":\"https:\\\/\\\/pflegezentrum-yspertal.at\\\/wordpress\\\/wp-content\\\/uploads\\\/2023\\\/10\\\/Logo-Border.jpg\",\"width\":787,\"height\":102,\"caption\":\"Pflegezentrum Yspertal\"},\"image\":{\"@id\":\"https:\\\/\\\/yspertal.netzspinnerei.at\\\/#\\\/schema\\\/logo\\\/image\\\/\"}},{\"@type\":\"Person\",\"@id\":\"https:\\\/\\\/yspertal.netzspinnerei.at\\\/#\\\/schema\\\/person\\\/0438af216aae016d571caa687d414651\",\"name\":\"yspertal\",\"image\":{\"@type\":\"ImageObject\",\"inLanguage\":\"de\",\"@id\":\"https:\\\/\\\/secure.gravatar.com\\\/avatar\\\/d6d6f149f3e4dfd0fec95c58d9bf27d576441d81faa3399f60eebaa71358d6a9?s=96&d=mm&r=g\",\"url\":\"https:\\\/\\\/secure.gravatar.com\\\/avatar\\\/d6d6f149f3e4dfd0fec95c58d9bf27d576441d81faa3399f60eebaa71358d6a9?s=96&d=mm&r=g\",\"contentUrl\":\"https:\\\/\\\/secure.gravatar.com\\\/avatar\\\/d6d6f149f3e4dfd0fec95c58d9bf27d576441d81faa3399f60eebaa71358d6a9?s=96&d=mm&r=g\",\"caption\":\"yspertal\"},\"url\":\"https:\\\/\\\/pflegezentrum-yspertal.at\\\/wordpress\\\/author\\\/yspertal\"}]}<\/script>\n<!-- \/ Yoast SEO plugin. -->","yoast_head_json":{"title":"Auszeichnung E-Qalin\u00ae - Pflegezentrum Yspertal","robots":{"index":"index","follow":"follow","max-snippet":"max-snippet:-1","max-image-preview":"max-image-preview:large","max-video-preview":"max-video-preview:-1"},"canonical":"https:\/\/pflegezentrum-yspertal.at\/wordpress\/auszeichnung-e-qalin","og_locale":"de_DE","og_type":"article","og_title":"Auszeichnung E-Qalin\u00ae - Pflegezentrum Yspertal","og_description":"Auszeichnung E-Qalin\u00ae \u2013 Qualit\u00e4tshaus nach Selbstbewertung Das Pflegezentrum Yspertal hat im Dezember 2023 erneut die Auszeichnung E-Qalin\u00ae Qualit\u00e4tshaus nach Selbstbewertung erhalten. E-Qalin\u00ae steht f\u00fcr Qualit\u00e4tsmanagement und orientiert sich an den Bed\u00fcrfnissen der Zufriedenheit der Bewohnerinnen und Bewohner, deren Angeh\u00f6rige und an den Mitarbeiterinnen und Mitarbeitern in der Einrichtung. Im Rahmen des organisationsweiten Selbstbewertungsprozesses und der ... Weiterlesen","og_url":"https:\/\/pflegezentrum-yspertal.at\/wordpress\/auszeichnung-e-qalin","og_site_name":"Pflegezentrum Yspertal","article_published_time":"2024-01-11T09:35:13+00:00","article_modified_time":"2024-02-29T10:18:49+00:00","og_image":[{"width":1810,"height":2560,"url":"https:\/\/pflegezentrum-yspertal.at\/wordpress\/wp-content\/uploads\/2024\/01\/EQALIN_Zertifikat_2023_Rezertifizierung-scaled-1.jpg","type":"image\/jpeg"}],"author":"yspertal","twitter_card":"summary_large_image","twitter_misc":{"Verfasst von":"yspertal","Gesch\u00e4tzte Lesezeit":"2\u00a0Minuten"},"schema":{"@context":"https:\/\/schema.org","@graph":[{"@type":"Article","@id":"https:\/\/pflegezentrum-yspertal.at\/wordpress\/auszeichnung-e-qalin#article","isPartOf":{"@id":"https:\/\/pflegezentrum-yspertal.at\/wordpress\/auszeichnung-e-qalin"},"author":{"name":"yspertal","@id":"https:\/\/yspertal.netzspinnerei.at\/#\/schema\/person\/0438af216aae016d571caa687d414651"},"headline":"Auszeichnung E-Qalin\u00ae","datePublished":"2024-01-11T09:35:13+00:00","dateModified":"2024-02-29T10:18:49+00:00","mainEntityOfPage":{"@id":"https:\/\/pflegezentrum-yspertal.at\/wordpress\/auszeichnung-e-qalin"},"wordCount":153,"publisher":{"@id":"https:\/\/yspertal.netzspinnerei.at\/#organization"},"image":{"@id":"https:\/\/pflegezentrum-yspertal.at\/wordpress\/auszeichnung-e-qalin#primaryimage"},"thumbnailUrl":"https:\/\/pflegezentrum-yspertal.at\/wordpress\/wp-content\/uploads\/2024\/01\/EQALIN_Zertifikat_2023_Rezertifizierung-scaled-1.jpg","articleSection":["Aktuelles","Zertifizierungen"],"inLanguage":"de"},{"@type":"WebPage","@id":"https:\/\/pflegezentrum-yspertal.at\/wordpress\/auszeichnung-e-qalin","url":"https:\/\/pflegezentrum-yspertal.at\/wordpress\/auszeichnung-e-qalin","name":"Auszeichnung E-Qalin\u00ae - Pflegezentrum Yspertal","isPartOf":{"@id":"https:\/\/yspertal.netzspinnerei.at\/#website"},"primaryImageOfPage":{"@id":"https:\/\/pflegezentrum-yspertal.at\/wordpress\/auszeichnung-e-qalin#primaryimage"},"image":{"@id":"https:\/\/pflegezentrum-yspertal.at\/wordpress\/auszeichnung-e-qalin#primaryimage"},"thumbnailUrl":"https:\/\/pflegezentrum-yspertal.at\/wordpress\/wp-content\/uploads\/2024\/01\/EQALIN_Zertifikat_2023_Rezertifizierung-scaled-1.jpg","datePublished":"2024-01-11T09:35:13+00:00","dateModified":"2024-02-29T10:18:49+00:00","breadcrumb":{"@id":"https:\/\/pflegezentrum-yspertal.at\/wordpress\/auszeichnung-e-qalin#breadcrumb"},"inLanguage":"de","potentialAction":[{"@type":"ReadAction","target":["https:\/\/pflegezentrum-yspertal.at\/wordpress\/auszeichnung-e-qalin"]}]},{"@type":"ImageObject","inLanguage":"de","@id":"https:\/\/pflegezentrum-yspertal.at\/wordpress\/auszeichnung-e-qalin#primaryimage","url":"https:\/\/pflegezentrum-yspertal.at\/wordpress\/wp-content\/uploads\/2024\/01\/EQALIN_Zertifikat_2023_Rezertifizierung-scaled-1.jpg","contentUrl":"https:\/\/pflegezentrum-yspertal.at\/wordpress\/wp-content\/uploads\/2024\/01\/EQALIN_Zertifikat_2023_Rezertifizierung-scaled-1.jpg","width":1810,"height":2560},{"@type":"BreadcrumbList","@id":"https:\/\/pflegezentrum-yspertal.at\/wordpress\/auszeichnung-e-qalin#breadcrumb","itemListElement":[{"@type":"ListItem","position":1,"name":"Home","item":"https:\/\/pflegezentrum-yspertal.at\/wordpress\/"},{"@type":"ListItem","position":2,"name":"Aktuelles","item":"https:\/\/yspertal.netzspinnerei.at\/category\/aktuelles"},{"@type":"ListItem","position":3,"name":"Auszeichnung E-Qalin\u00ae"}]},{"@type":"WebSite","@id":"https:\/\/yspertal.netzspinnerei.at\/#website","url":"https:\/\/yspertal.netzspinnerei.at\/","name":"Pflegezentrum Yspertal","description":"","publisher":{"@id":"https:\/\/yspertal.netzspinnerei.at\/#organization"},"potentialAction":[{"@type":"SearchAction","target":{"@type":"EntryPoint","urlTemplate":"https:\/\/yspertal.netzspinnerei.at\/?s={search_term_string}"},"query-input":{"@type":"PropertyValueSpecification","valueRequired":true,"valueName":"search_term_string"}}],"inLanguage":"de"},{"@type":"Organization","@id":"https:\/\/yspertal.netzspinnerei.at\/#organization","name":"Pflegezentrum Yspertal","url":"https:\/\/yspertal.netzspinnerei.at\/","logo":{"@type":"ImageObject","inLanguage":"de","@id":"https:\/\/yspertal.netzspinnerei.at\/#\/schema\/logo\/image\/","url":"https:\/\/pflegezentrum-yspertal.at\/wordpress\/wp-content\/uploads\/2023\/10\/Logo-Border.jpg","contentUrl":"https:\/\/pflegezentrum-yspertal.at\/wordpress\/wp-content\/uploads\/2023\/10\/Logo-Border.jpg","width":787,"height":102,"caption":"Pflegezentrum Yspertal"},"image":{"@id":"https:\/\/yspertal.netzspinnerei.at\/#\/schema\/logo\/image\/"}},{"@type":"Person","@id":"https:\/\/yspertal.netzspinnerei.at\/#\/schema\/person\/0438af216aae016d571caa687d414651","name":"yspertal","image":{"@type":"ImageObject","inLanguage":"de","@id":"https:\/\/secure.gravatar.com\/avatar\/d6d6f149f3e4dfd0fec95c58d9bf27d576441d81faa3399f60eebaa71358d6a9?s=96&d=mm&r=g","url":"https:\/\/secure.gravatar.com\/avatar\/d6d6f149f3e4dfd0fec95c58d9bf27d576441d81faa3399f60eebaa71358d6a9?s=96&d=mm&r=g","contentUrl":"https:\/\/secure.gravatar.com\/avatar\/d6d6f149f3e4dfd0fec95c58d9bf27d576441d81faa3399f60eebaa71358d6a9?s=96&d=mm&r=g","caption":"yspertal"},"url":"https:\/\/pflegezentrum-yspertal.at\/wordpress\/author\/yspertal"}]}},"_links":{"self":[{"href":"https:\/\/pflegezentrum-yspertal.at\/wordpress\/wp-json\/wp\/v2\/posts\/5697","targetHints":{"allow":["GET"]}}],"collection":[{"href":"https:\/\/pflegezentrum-yspertal.at\/wordpress\/wp-json\/wp\/v2\/posts"}],"about":[{"href":"https:\/\/pflegezentrum-yspertal.at\/wordpress\/wp-json\/wp\/v2\/types\/post"}],"author":[{"embeddable":true,"href":"https:\/\/pflegezentrum-yspertal.at\/wordpress\/wp-json\/wp\/v2\/users\/4"}],"replies":[{"embeddable":true,"href":"https:\/\/pflegezentrum-yspertal.at\/wordpress\/wp-json\/wp\/v2\/comments?post=5697"}],"version-history":[{"count":1,"href":"https:\/\/pflegezentrum-yspertal.at\/wordpress\/wp-json\/wp\/v2\/posts\/5697\/revisions"}],"predecessor-version":[{"id":7960,"href":"https:\/\/pflegezentrum-yspertal.at\/wordpress\/wp-json\/wp\/v2\/posts\/5697\/revisions\/7960"}],"wp:featuredmedia":[{"embeddable":true,"href":"https:\/\/pflegezentrum-yspertal.at\/wordpress\/wp-json\/wp\/v2\/media\/5698"}],"wp:attachment":[{"href":"https:\/\/pflegezentrum-yspertal.at\/wordpress\/wp-json\/wp\/v2\/media?parent=5697"}],"wp:term":[{"taxonomy":"category","embeddable":true,"href":"https:\/\/pflegezentrum-yspertal.at\/wordpress\/wp-json\/wp\/v2\/categories?post=5697"},{"taxonomy":"post_tag","embeddable":true,"href":"https:\/\/pflegezentrum-yspertal.at\/wordpress\/wp-json\/wp\/v2\/tags?post=5697"}],"curies":[{"name":"wp","href":"https:\/\/api.w.org\/{rel}","templated":true}]}}