{"id":5690,"date":"2024-01-08T08:52:38","date_gmt":"2024-01-08T08:52:38","guid":{"rendered":"https:\/\/pflegezentrum-yspertal.at\/wordpress\/?p=5690"},"modified":"2024-02-29T10:22:05","modified_gmt":"2024-02-29T10:22:05","slug":"musik-tut-gut-einheit-jaenner","status":"publish","type":"post","link":"https:\/\/pflegezentrum-yspertal.at\/wordpress\/musik-tut-gut-einheit-jaenner","title":{"rendered":"Musik tut gut &#8211; Einheit J\u00e4nner"},"content":{"rendered":"\n<p>Das Motto der heutigen Stunde bildete das neue Jahr. Mit einem Walzer und den bunten T\u00fcchern, starteten wir ins neue Jahr. Mit den verschiedensten Bewegungen der T\u00fccher schufen wir uns unser eigenes Feuerwerk. Die Bewohnerinnen und Bewohner erz\u00e4hlten, dass sie zu Silvester der Pummering im Fernsehen gelauscht hatten. Danach sangen wir alte Lieder wie &#8222;Freut euch des Lebens&#8220; oder &#8222;Wohlauf in Gottes sch\u00f6ne Welt&#8220;. Zum Abschluss wurde es nochmals z\u00fcnftig und bei volksmusikalischem Klang lie\u00dfen wir die Schl\u00e4gel im Takt klingen.<\/p>\n\n\n\n<p>Alle waren mit Elan und Ehrgeiz dabei, das war sehr sch\u00f6n zu betrachten.<\/p>\n\n\n\n<figure class=\"wp-block-gallery has-nested-images columns-default is-cropped wp-block-gallery-1 is-layout-flex wp-block-gallery-is-layout-flex\">\n<figure class=\"wp-block-image size-large\"><a href=\"https:\/\/pflegezentrum-yspertal.at\/wordpress\/wp-content\/uploads\/2024\/01\/IMG_20240108_102329.jpg\"><img loading=\"lazy\" decoding=\"async\" width=\"1024\" height=\"768\" data-id=\"5691\" src=\"https:\/\/pflegezentrum-yspertal.at\/wordpress\/wp-content\/uploads\/2024\/01\/IMG_20240108_102329.jpg\" alt=\"\" class=\"wp-image-5691\" srcset=\"https:\/\/pflegezentrum-yspertal.at\/wordpress\/wp-content\/uploads\/2024\/01\/IMG_20240108_102329.jpg 1024w, https:\/\/pflegezentrum-yspertal.at\/wordpress\/wp-content\/uploads\/2024\/01\/IMG_20240108_102329-350x263.jpg 350w, https:\/\/pflegezentrum-yspertal.at\/wordpress\/wp-content\/uploads\/2024\/01\/IMG_20240108_102329-768x576.jpg 768w\" sizes=\"auto, (max-width: 1024px) 100vw, 1024px\" \/><\/a><\/figure>\n\n\n\n<figure class=\"wp-block-image size-large\"><a href=\"https:\/\/pflegezentrum-yspertal.at\/wordpress\/wp-content\/uploads\/2024\/01\/IMG_20240108_094323.jpg\"><img loading=\"lazy\" decoding=\"async\" width=\"1024\" height=\"768\" data-id=\"5692\" src=\"https:\/\/pflegezentrum-yspertal.at\/wordpress\/wp-content\/uploads\/2024\/01\/IMG_20240108_094323.jpg\" alt=\"\" class=\"wp-image-5692\" srcset=\"https:\/\/pflegezentrum-yspertal.at\/wordpress\/wp-content\/uploads\/2024\/01\/IMG_20240108_094323.jpg 1024w, https:\/\/pflegezentrum-yspertal.at\/wordpress\/wp-content\/uploads\/2024\/01\/IMG_20240108_094323-350x263.jpg 350w, https:\/\/pflegezentrum-yspertal.at\/wordpress\/wp-content\/uploads\/2024\/01\/IMG_20240108_094323-768x576.jpg 768w\" sizes=\"auto, (max-width: 1024px) 100vw, 1024px\" \/><\/a><\/figure>\n\n\n\n<figure class=\"wp-block-image size-large\"><a href=\"https:\/\/pflegezentrum-yspertal.at\/wordpress\/wp-content\/uploads\/2024\/01\/IMG_20240108_094356.jpg\"><img loading=\"lazy\" decoding=\"async\" width=\"1024\" height=\"768\" data-id=\"5693\" src=\"https:\/\/pflegezentrum-yspertal.at\/wordpress\/wp-content\/uploads\/2024\/01\/IMG_20240108_094356.jpg\" alt=\"\" class=\"wp-image-5693\" srcset=\"https:\/\/pflegezentrum-yspertal.at\/wordpress\/wp-content\/uploads\/2024\/01\/IMG_20240108_094356.jpg 1024w, https:\/\/pflegezentrum-yspertal.at\/wordpress\/wp-content\/uploads\/2024\/01\/IMG_20240108_094356-350x263.jpg 350w, https:\/\/pflegezentrum-yspertal.at\/wordpress\/wp-content\/uploads\/2024\/01\/IMG_20240108_094356-768x576.jpg 768w\" sizes=\"auto, (max-width: 1024px) 100vw, 1024px\" \/><\/a><\/figure>\n\n\n\n<figure class=\"wp-block-image size-large\"><a href=\"https:\/\/pflegezentrum-yspertal.at\/wordpress\/wp-content\/uploads\/2024\/01\/IMG_20240108_102312.jpg\"><img loading=\"lazy\" decoding=\"async\" width=\"1024\" height=\"768\" data-id=\"5694\" src=\"https:\/\/pflegezentrum-yspertal.at\/wordpress\/wp-content\/uploads\/2024\/01\/IMG_20240108_102312.jpg\" alt=\"\" class=\"wp-image-5694\" srcset=\"https:\/\/pflegezentrum-yspertal.at\/wordpress\/wp-content\/uploads\/2024\/01\/IMG_20240108_102312.jpg 1024w, https:\/\/pflegezentrum-yspertal.at\/wordpress\/wp-content\/uploads\/2024\/01\/IMG_20240108_102312-350x263.jpg 350w, https:\/\/pflegezentrum-yspertal.at\/wordpress\/wp-content\/uploads\/2024\/01\/IMG_20240108_102312-768x576.jpg 768w\" sizes=\"auto, (max-width: 1024px) 100vw, 1024px\" \/><\/a><\/figure>\n\n\n\n<figure class=\"wp-block-image size-large\"><a href=\"https:\/\/pflegezentrum-yspertal.at\/wordpress\/wp-content\/uploads\/2024\/01\/IMG_20240108_102318.jpg\"><img loading=\"lazy\" decoding=\"async\" width=\"1024\" height=\"768\" data-id=\"5695\" src=\"https:\/\/pflegezentrum-yspertal.at\/wordpress\/wp-content\/uploads\/2024\/01\/IMG_20240108_102318.jpg\" alt=\"\" class=\"wp-image-5695\" srcset=\"https:\/\/pflegezentrum-yspertal.at\/wordpress\/wp-content\/uploads\/2024\/01\/IMG_20240108_102318.jpg 1024w, https:\/\/pflegezentrum-yspertal.at\/wordpress\/wp-content\/uploads\/2024\/01\/IMG_20240108_102318-350x263.jpg 350w, https:\/\/pflegezentrum-yspertal.at\/wordpress\/wp-content\/uploads\/2024\/01\/IMG_20240108_102318-768x576.jpg 768w\" sizes=\"auto, (max-width: 1024px) 100vw, 1024px\" \/><\/a><\/figure>\n<\/figure>\n","protected":false},"excerpt":{"rendered":"<p>Das Motto der heutigen Stunde bildete das neue Jahr. Mit einem Walzer und den bunten T\u00fcchern, starteten wir ins neue Jahr. Mit den verschiedensten Bewegungen der T\u00fccher schufen wir uns unser eigenes Feuerwerk. Die Bewohnerinnen und Bewohner erz\u00e4hlten, dass sie zu Silvester der Pummering im Fernsehen gelauscht hatten. Danach sangen wir alte Lieder wie &#8222;Freut &#8230; <a title=\"Musik tut gut &#8211; Einheit J\u00e4nner\" class=\"read-more\" href=\"https:\/\/pflegezentrum-yspertal.at\/wordpress\/musik-tut-gut-einheit-jaenner\" aria-label=\"Mehr Informationen \u00fcber Musik tut gut &#8211; Einheit J\u00e4nner\">Weiterlesen<\/a><\/p>\n","protected":false},"author":4,"featured_media":5692,"comment_status":"closed","ping_status":"closed","sticky":false,"template":"","format":"standard","meta":{"inline_featured_image":false,"footnotes":""},"categories":[1],"tags":[],"class_list":["post-5690","post","type-post","status-publish","format-standard","has-post-thumbnail","hentry","category-aktuelles"],"yoast_head":"<!-- This site is optimized with the Yoast SEO plugin v27.4 - https:\/\/yoast.com\/product\/yoast-seo-wordpress\/ -->\n<title>Musik tut gut - Einheit J\u00e4nner - Pflegezentrum Yspertal<\/title>\n<meta name=\"robots\" content=\"index, follow, max-snippet:-1, max-image-preview:large, max-video-preview:-1\" \/>\n<link rel=\"canonical\" href=\"https:\/\/pflegezentrum-yspertal.at\/wordpress\/musik-tut-gut-einheit-jaenner\" \/>\n<meta property=\"og:locale\" content=\"de_DE\" \/>\n<meta property=\"og:type\" content=\"article\" \/>\n<meta property=\"og:title\" content=\"Musik tut gut - Einheit J\u00e4nner - Pflegezentrum Yspertal\" \/>\n<meta property=\"og:description\" content=\"Das Motto der heutigen Stunde bildete das neue Jahr. Mit einem Walzer und den bunten T\u00fcchern, starteten wir ins neue Jahr. Mit den verschiedensten Bewegungen der T\u00fccher schufen wir uns unser eigenes Feuerwerk. Die Bewohnerinnen und Bewohner erz\u00e4hlten, dass sie zu Silvester der Pummering im Fernsehen gelauscht hatten. Danach sangen wir alte Lieder wie &#8222;Freut ... Weiterlesen\" \/>\n<meta property=\"og:url\" content=\"https:\/\/pflegezentrum-yspertal.at\/wordpress\/musik-tut-gut-einheit-jaenner\" \/>\n<meta property=\"og:site_name\" content=\"Pflegezentrum Yspertal\" \/>\n<meta property=\"article:published_time\" content=\"2024-01-08T08:52:38+00:00\" \/>\n<meta property=\"article:modified_time\" content=\"2024-02-29T10:22:05+00:00\" \/>\n<meta property=\"og:image\" content=\"https:\/\/pflegezentrum-yspertal.at\/wordpress\/wp-content\/uploads\/2024\/01\/IMG_20240108_094323.jpg\" \/>\n\t<meta property=\"og:image:width\" content=\"1024\" \/>\n\t<meta property=\"og:image:height\" content=\"768\" \/>\n\t<meta property=\"og:image:type\" content=\"image\/jpeg\" \/>\n<meta name=\"author\" content=\"yspertal\" \/>\n<meta name=\"twitter:card\" content=\"summary_large_image\" \/>\n<meta name=\"twitter:label1\" content=\"Verfasst von\" \/>\n\t<meta name=\"twitter:data1\" content=\"yspertal\" \/>\n\t<meta name=\"twitter:label2\" content=\"Gesch\u00e4tzte Lesezeit\" \/>\n\t<meta name=\"twitter:data2\" content=\"2\u00a0Minuten\" \/>\n<script type=\"application\/ld+json\" class=\"yoast-schema-graph\">{\"@context\":\"https:\\\/\\\/schema.org\",\"@graph\":[{\"@type\":\"Article\",\"@id\":\"https:\\\/\\\/pflegezentrum-yspertal.at\\\/wordpress\\\/musik-tut-gut-einheit-jaenner#article\",\"isPartOf\":{\"@id\":\"https:\\\/\\\/pflegezentrum-yspertal.at\\\/wordpress\\\/musik-tut-gut-einheit-jaenner\"},\"author\":{\"name\":\"yspertal\",\"@id\":\"https:\\\/\\\/yspertal.netzspinnerei.at\\\/#\\\/schema\\\/person\\\/0438af216aae016d571caa687d414651\"},\"headline\":\"Musik tut gut &#8211; Einheit J\u00e4nner\",\"datePublished\":\"2024-01-08T08:52:38+00:00\",\"dateModified\":\"2024-02-29T10:22:05+00:00\",\"mainEntityOfPage\":{\"@id\":\"https:\\\/\\\/pflegezentrum-yspertal.at\\\/wordpress\\\/musik-tut-gut-einheit-jaenner\"},\"wordCount\":109,\"publisher\":{\"@id\":\"https:\\\/\\\/yspertal.netzspinnerei.at\\\/#organization\"},\"image\":{\"@id\":\"https:\\\/\\\/pflegezentrum-yspertal.at\\\/wordpress\\\/musik-tut-gut-einheit-jaenner#primaryimage\"},\"thumbnailUrl\":\"https:\\\/\\\/pflegezentrum-yspertal.at\\\/wordpress\\\/wp-content\\\/uploads\\\/2024\\\/01\\\/IMG_20240108_094323.jpg\",\"articleSection\":[\"Aktuelles\"],\"inLanguage\":\"de\"},{\"@type\":\"WebPage\",\"@id\":\"https:\\\/\\\/pflegezentrum-yspertal.at\\\/wordpress\\\/musik-tut-gut-einheit-jaenner\",\"url\":\"https:\\\/\\\/pflegezentrum-yspertal.at\\\/wordpress\\\/musik-tut-gut-einheit-jaenner\",\"name\":\"Musik tut gut - Einheit J\u00e4nner - Pflegezentrum Yspertal\",\"isPartOf\":{\"@id\":\"https:\\\/\\\/yspertal.netzspinnerei.at\\\/#website\"},\"primaryImageOfPage\":{\"@id\":\"https:\\\/\\\/pflegezentrum-yspertal.at\\\/wordpress\\\/musik-tut-gut-einheit-jaenner#primaryimage\"},\"image\":{\"@id\":\"https:\\\/\\\/pflegezentrum-yspertal.at\\\/wordpress\\\/musik-tut-gut-einheit-jaenner#primaryimage\"},\"thumbnailUrl\":\"https:\\\/\\\/pflegezentrum-yspertal.at\\\/wordpress\\\/wp-content\\\/uploads\\\/2024\\\/01\\\/IMG_20240108_094323.jpg\",\"datePublished\":\"2024-01-08T08:52:38+00:00\",\"dateModified\":\"2024-02-29T10:22:05+00:00\",\"breadcrumb\":{\"@id\":\"https:\\\/\\\/pflegezentrum-yspertal.at\\\/wordpress\\\/musik-tut-gut-einheit-jaenner#breadcrumb\"},\"inLanguage\":\"de\",\"potentialAction\":[{\"@type\":\"ReadAction\",\"target\":[\"https:\\\/\\\/pflegezentrum-yspertal.at\\\/wordpress\\\/musik-tut-gut-einheit-jaenner\"]}]},{\"@type\":\"ImageObject\",\"inLanguage\":\"de\",\"@id\":\"https:\\\/\\\/pflegezentrum-yspertal.at\\\/wordpress\\\/musik-tut-gut-einheit-jaenner#primaryimage\",\"url\":\"https:\\\/\\\/pflegezentrum-yspertal.at\\\/wordpress\\\/wp-content\\\/uploads\\\/2024\\\/01\\\/IMG_20240108_094323.jpg\",\"contentUrl\":\"https:\\\/\\\/pflegezentrum-yspertal.at\\\/wordpress\\\/wp-content\\\/uploads\\\/2024\\\/01\\\/IMG_20240108_094323.jpg\",\"width\":1024,\"height\":768},{\"@type\":\"BreadcrumbList\",\"@id\":\"https:\\\/\\\/pflegezentrum-yspertal.at\\\/wordpress\\\/musik-tut-gut-einheit-jaenner#breadcrumb\",\"itemListElement\":[{\"@type\":\"ListItem\",\"position\":1,\"name\":\"Home\",\"item\":\"https:\\\/\\\/pflegezentrum-yspertal.at\\\/wordpress\\\/\"},{\"@type\":\"ListItem\",\"position\":2,\"name\":\"Aktuelles\",\"item\":\"https:\\\/\\\/yspertal.netzspinnerei.at\\\/category\\\/aktuelles\"},{\"@type\":\"ListItem\",\"position\":3,\"name\":\"Musik tut gut &#8211; Einheit J\u00e4nner\"}]},{\"@type\":\"WebSite\",\"@id\":\"https:\\\/\\\/yspertal.netzspinnerei.at\\\/#website\",\"url\":\"https:\\\/\\\/yspertal.netzspinnerei.at\\\/\",\"name\":\"Pflegezentrum Yspertal\",\"description\":\"\",\"publisher\":{\"@id\":\"https:\\\/\\\/yspertal.netzspinnerei.at\\\/#organization\"},\"potentialAction\":[{\"@type\":\"SearchAction\",\"target\":{\"@type\":\"EntryPoint\",\"urlTemplate\":\"https:\\\/\\\/yspertal.netzspinnerei.at\\\/?s={search_term_string}\"},\"query-input\":{\"@type\":\"PropertyValueSpecification\",\"valueRequired\":true,\"valueName\":\"search_term_string\"}}],\"inLanguage\":\"de\"},{\"@type\":\"Organization\",\"@id\":\"https:\\\/\\\/yspertal.netzspinnerei.at\\\/#organization\",\"name\":\"Pflegezentrum Yspertal\",\"url\":\"https:\\\/\\\/yspertal.netzspinnerei.at\\\/\",\"logo\":{\"@type\":\"ImageObject\",\"inLanguage\":\"de\",\"@id\":\"https:\\\/\\\/yspertal.netzspinnerei.at\\\/#\\\/schema\\\/logo\\\/image\\\/\",\"url\":\"https:\\\/\\\/pflegezentrum-yspertal.at\\\/wordpress\\\/wp-content\\\/uploads\\\/2023\\\/10\\\/Logo-Border.jpg\",\"contentUrl\":\"https:\\\/\\\/pflegezentrum-yspertal.at\\\/wordpress\\\/wp-content\\\/uploads\\\/2023\\\/10\\\/Logo-Border.jpg\",\"width\":787,\"height\":102,\"caption\":\"Pflegezentrum Yspertal\"},\"image\":{\"@id\":\"https:\\\/\\\/yspertal.netzspinnerei.at\\\/#\\\/schema\\\/logo\\\/image\\\/\"}},{\"@type\":\"Person\",\"@id\":\"https:\\\/\\\/yspertal.netzspinnerei.at\\\/#\\\/schema\\\/person\\\/0438af216aae016d571caa687d414651\",\"name\":\"yspertal\",\"image\":{\"@type\":\"ImageObject\",\"inLanguage\":\"de\",\"@id\":\"https:\\\/\\\/secure.gravatar.com\\\/avatar\\\/d6d6f149f3e4dfd0fec95c58d9bf27d576441d81faa3399f60eebaa71358d6a9?s=96&d=mm&r=g\",\"url\":\"https:\\\/\\\/secure.gravatar.com\\\/avatar\\\/d6d6f149f3e4dfd0fec95c58d9bf27d576441d81faa3399f60eebaa71358d6a9?s=96&d=mm&r=g\",\"contentUrl\":\"https:\\\/\\\/secure.gravatar.com\\\/avatar\\\/d6d6f149f3e4dfd0fec95c58d9bf27d576441d81faa3399f60eebaa71358d6a9?s=96&d=mm&r=g\",\"caption\":\"yspertal\"},\"url\":\"https:\\\/\\\/pflegezentrum-yspertal.at\\\/wordpress\\\/author\\\/yspertal\"}]}<\/script>\n<!-- \/ Yoast SEO plugin. -->","yoast_head_json":{"title":"Musik tut gut - Einheit J\u00e4nner - Pflegezentrum Yspertal","robots":{"index":"index","follow":"follow","max-snippet":"max-snippet:-1","max-image-preview":"max-image-preview:large","max-video-preview":"max-video-preview:-1"},"canonical":"https:\/\/pflegezentrum-yspertal.at\/wordpress\/musik-tut-gut-einheit-jaenner","og_locale":"de_DE","og_type":"article","og_title":"Musik tut gut - Einheit J\u00e4nner - Pflegezentrum Yspertal","og_description":"Das Motto der heutigen Stunde bildete das neue Jahr. Mit einem Walzer und den bunten T\u00fcchern, starteten wir ins neue Jahr. Mit den verschiedensten Bewegungen der T\u00fccher schufen wir uns unser eigenes Feuerwerk. Die Bewohnerinnen und Bewohner erz\u00e4hlten, dass sie zu Silvester der Pummering im Fernsehen gelauscht hatten. Danach sangen wir alte Lieder wie &#8222;Freut ... Weiterlesen","og_url":"https:\/\/pflegezentrum-yspertal.at\/wordpress\/musik-tut-gut-einheit-jaenner","og_site_name":"Pflegezentrum Yspertal","article_published_time":"2024-01-08T08:52:38+00:00","article_modified_time":"2024-02-29T10:22:05+00:00","og_image":[{"width":1024,"height":768,"url":"https:\/\/pflegezentrum-yspertal.at\/wordpress\/wp-content\/uploads\/2024\/01\/IMG_20240108_094323.jpg","type":"image\/jpeg"}],"author":"yspertal","twitter_card":"summary_large_image","twitter_misc":{"Verfasst von":"yspertal","Gesch\u00e4tzte Lesezeit":"2\u00a0Minuten"},"schema":{"@context":"https:\/\/schema.org","@graph":[{"@type":"Article","@id":"https:\/\/pflegezentrum-yspertal.at\/wordpress\/musik-tut-gut-einheit-jaenner#article","isPartOf":{"@id":"https:\/\/pflegezentrum-yspertal.at\/wordpress\/musik-tut-gut-einheit-jaenner"},"author":{"name":"yspertal","@id":"https:\/\/yspertal.netzspinnerei.at\/#\/schema\/person\/0438af216aae016d571caa687d414651"},"headline":"Musik tut gut &#8211; Einheit J\u00e4nner","datePublished":"2024-01-08T08:52:38+00:00","dateModified":"2024-02-29T10:22:05+00:00","mainEntityOfPage":{"@id":"https:\/\/pflegezentrum-yspertal.at\/wordpress\/musik-tut-gut-einheit-jaenner"},"wordCount":109,"publisher":{"@id":"https:\/\/yspertal.netzspinnerei.at\/#organization"},"image":{"@id":"https:\/\/pflegezentrum-yspertal.at\/wordpress\/musik-tut-gut-einheit-jaenner#primaryimage"},"thumbnailUrl":"https:\/\/pflegezentrum-yspertal.at\/wordpress\/wp-content\/uploads\/2024\/01\/IMG_20240108_094323.jpg","articleSection":["Aktuelles"],"inLanguage":"de"},{"@type":"WebPage","@id":"https:\/\/pflegezentrum-yspertal.at\/wordpress\/musik-tut-gut-einheit-jaenner","url":"https:\/\/pflegezentrum-yspertal.at\/wordpress\/musik-tut-gut-einheit-jaenner","name":"Musik tut gut - Einheit J\u00e4nner - Pflegezentrum Yspertal","isPartOf":{"@id":"https:\/\/yspertal.netzspinnerei.at\/#website"},"primaryImageOfPage":{"@id":"https:\/\/pflegezentrum-yspertal.at\/wordpress\/musik-tut-gut-einheit-jaenner#primaryimage"},"image":{"@id":"https:\/\/pflegezentrum-yspertal.at\/wordpress\/musik-tut-gut-einheit-jaenner#primaryimage"},"thumbnailUrl":"https:\/\/pflegezentrum-yspertal.at\/wordpress\/wp-content\/uploads\/2024\/01\/IMG_20240108_094323.jpg","datePublished":"2024-01-08T08:52:38+00:00","dateModified":"2024-02-29T10:22:05+00:00","breadcrumb":{"@id":"https:\/\/pflegezentrum-yspertal.at\/wordpress\/musik-tut-gut-einheit-jaenner#breadcrumb"},"inLanguage":"de","potentialAction":[{"@type":"ReadAction","target":["https:\/\/pflegezentrum-yspertal.at\/wordpress\/musik-tut-gut-einheit-jaenner"]}]},{"@type":"ImageObject","inLanguage":"de","@id":"https:\/\/pflegezentrum-yspertal.at\/wordpress\/musik-tut-gut-einheit-jaenner#primaryimage","url":"https:\/\/pflegezentrum-yspertal.at\/wordpress\/wp-content\/uploads\/2024\/01\/IMG_20240108_094323.jpg","contentUrl":"https:\/\/pflegezentrum-yspertal.at\/wordpress\/wp-content\/uploads\/2024\/01\/IMG_20240108_094323.jpg","width":1024,"height":768},{"@type":"BreadcrumbList","@id":"https:\/\/pflegezentrum-yspertal.at\/wordpress\/musik-tut-gut-einheit-jaenner#breadcrumb","itemListElement":[{"@type":"ListItem","position":1,"name":"Home","item":"https:\/\/pflegezentrum-yspertal.at\/wordpress\/"},{"@type":"ListItem","position":2,"name":"Aktuelles","item":"https:\/\/yspertal.netzspinnerei.at\/category\/aktuelles"},{"@type":"ListItem","position":3,"name":"Musik tut gut &#8211; Einheit J\u00e4nner"}]},{"@type":"WebSite","@id":"https:\/\/yspertal.netzspinnerei.at\/#website","url":"https:\/\/yspertal.netzspinnerei.at\/","name":"Pflegezentrum Yspertal","description":"","publisher":{"@id":"https:\/\/yspertal.netzspinnerei.at\/#organization"},"potentialAction":[{"@type":"SearchAction","target":{"@type":"EntryPoint","urlTemplate":"https:\/\/yspertal.netzspinnerei.at\/?s={search_term_string}"},"query-input":{"@type":"PropertyValueSpecification","valueRequired":true,"valueName":"search_term_string"}}],"inLanguage":"de"},{"@type":"Organization","@id":"https:\/\/yspertal.netzspinnerei.at\/#organization","name":"Pflegezentrum Yspertal","url":"https:\/\/yspertal.netzspinnerei.at\/","logo":{"@type":"ImageObject","inLanguage":"de","@id":"https:\/\/yspertal.netzspinnerei.at\/#\/schema\/logo\/image\/","url":"https:\/\/pflegezentrum-yspertal.at\/wordpress\/wp-content\/uploads\/2023\/10\/Logo-Border.jpg","contentUrl":"https:\/\/pflegezentrum-yspertal.at\/wordpress\/wp-content\/uploads\/2023\/10\/Logo-Border.jpg","width":787,"height":102,"caption":"Pflegezentrum Yspertal"},"image":{"@id":"https:\/\/yspertal.netzspinnerei.at\/#\/schema\/logo\/image\/"}},{"@type":"Person","@id":"https:\/\/yspertal.netzspinnerei.at\/#\/schema\/person\/0438af216aae016d571caa687d414651","name":"yspertal","image":{"@type":"ImageObject","inLanguage":"de","@id":"https:\/\/secure.gravatar.com\/avatar\/d6d6f149f3e4dfd0fec95c58d9bf27d576441d81faa3399f60eebaa71358d6a9?s=96&d=mm&r=g","url":"https:\/\/secure.gravatar.com\/avatar\/d6d6f149f3e4dfd0fec95c58d9bf27d576441d81faa3399f60eebaa71358d6a9?s=96&d=mm&r=g","contentUrl":"https:\/\/secure.gravatar.com\/avatar\/d6d6f149f3e4dfd0fec95c58d9bf27d576441d81faa3399f60eebaa71358d6a9?s=96&d=mm&r=g","caption":"yspertal"},"url":"https:\/\/pflegezentrum-yspertal.at\/wordpress\/author\/yspertal"}]}},"_links":{"self":[{"href":"https:\/\/pflegezentrum-yspertal.at\/wordpress\/wp-json\/wp\/v2\/posts\/5690","targetHints":{"allow":["GET"]}}],"collection":[{"href":"https:\/\/pflegezentrum-yspertal.at\/wordpress\/wp-json\/wp\/v2\/posts"}],"about":[{"href":"https:\/\/pflegezentrum-yspertal.at\/wordpress\/wp-json\/wp\/v2\/types\/post"}],"author":[{"embeddable":true,"href":"https:\/\/pflegezentrum-yspertal.at\/wordpress\/wp-json\/wp\/v2\/users\/4"}],"replies":[{"embeddable":true,"href":"https:\/\/pflegezentrum-yspertal.at\/wordpress\/wp-json\/wp\/v2\/comments?post=5690"}],"version-history":[{"count":1,"href":"https:\/\/pflegezentrum-yspertal.at\/wordpress\/wp-json\/wp\/v2\/posts\/5690\/revisions"}],"predecessor-version":[{"id":7961,"href":"https:\/\/pflegezentrum-yspertal.at\/wordpress\/wp-json\/wp\/v2\/posts\/5690\/revisions\/7961"}],"wp:featuredmedia":[{"embeddable":true,"href":"https:\/\/pflegezentrum-yspertal.at\/wordpress\/wp-json\/wp\/v2\/media\/5692"}],"wp:attachment":[{"href":"https:\/\/pflegezentrum-yspertal.at\/wordpress\/wp-json\/wp\/v2\/media?parent=5690"}],"wp:term":[{"taxonomy":"category","embeddable":true,"href":"https:\/\/pflegezentrum-yspertal.at\/wordpress\/wp-json\/wp\/v2\/categories?post=5690"},{"taxonomy":"post_tag","embeddable":true,"href":"https:\/\/pflegezentrum-yspertal.at\/wordpress\/wp-json\/wp\/v2\/tags?post=5690"}],"curies":[{"name":"wp","href":"https:\/\/api.w.org\/{rel}","templated":true}]}}