{"id":5498,"date":"2023-07-11T10:06:33","date_gmt":"2023-07-11T10:06:33","guid":{"rendered":"https:\/\/pflegezentrum-yspertal.at\/wordpress\/?p=5498"},"modified":"2023-07-11T10:06:33","modified_gmt":"2023-07-11T10:06:33","slug":"sommerfest-und-spatenstich","status":"publish","type":"post","link":"https:\/\/pflegezentrum-yspertal.at\/wordpress\/sommerfest-und-spatenstich","title":{"rendered":"Sommerfest und Spatenstich"},"content":{"rendered":"\n<p>Am 11.07.2023 fand bei sch\u00f6nstem Wetter und strahlendem Sonnenschein im Pflegezentrum Yspertal das Sommerfest f\u00fcr die Bewohner:innen statt. Im Zuge der Er\u00f6ffnung des Festes wurde durch die Landesr\u00e4tin Frau Mag. Christiane Teschl \u2013 Hofmeister der Spatenstich f\u00fcr den Zubau der Erweiterung von 16 Pflege- und Betreuungspl\u00e4tzen durchgef\u00fchrt.<\/p>\n\n\n\n<p>F\u00fcr das Rahmenprogramm haben die Bewohner:innen einen tollen Gesangsbeitrag vorgef\u00fchrt unter der musikalischen Gitarrenbegleitung von unserem DGKP Herrn Michael Huber. Die Mitarbeiter:innen haben einen ausgesprochen lustigen Skech vorbereitet, der alle anwesenden Festg\u00e4ste zum Lachen brachte \u201e eine wortlose Hommage an Erlebnisse aus dem Wartezimmer eine \u00e4rztlichen Ordination\u201c.<\/p>\n\n\n\n<p>K\u00fcchenleiter Gerhard Wurzer hat mit seinem K\u00fcchenteam f\u00fcr das leibliche Wohl aller Festg\u00e4ste gesorgt.<\/p>\n\n\n\n<p>Unsere ehrenamtlichen Mitarbeiter:innen haben tolle Unterst\u00fctzung bei den Vorbereitungsarbeiten geleistet, vielen Dank daf\u00fcr.<\/p>\n\n\n\n<p>Ein gro\u00dfartiges Dankesch\u00f6n an alle Mitwirkenden, die zu diesem gelungen Fest beigetragen haben.<\/p>\n\n\n\n<figure class=\"wp-block-gallery has-nested-images columns-default is-cropped wp-block-gallery-1 is-layout-flex wp-block-gallery-is-layout-flex\">\n<figure class=\"wp-block-image size-large\"><a href=\"https:\/\/pflegezentrum-yspertal.at\/wordpress\/wp-content\/uploads\/2023\/07\/DB0B252C-D1C0-4796-9C03-388D991EF13B.jpg\"><img loading=\"lazy\" decoding=\"async\" width=\"432\" height=\"768\" data-id=\"5512\" src=\"https:\/\/pflegezentrum-yspertal.at\/wordpress\/wp-content\/uploads\/2023\/07\/DB0B252C-D1C0-4796-9C03-388D991EF13B.jpg\" alt=\"\" class=\"wp-image-5512\" srcset=\"https:\/\/pflegezentrum-yspertal.at\/wordpress\/wp-content\/uploads\/2023\/07\/DB0B252C-D1C0-4796-9C03-388D991EF13B.jpg 432w, https:\/\/pflegezentrum-yspertal.at\/wordpress\/wp-content\/uploads\/2023\/07\/DB0B252C-D1C0-4796-9C03-388D991EF13B-197x350.jpg 197w\" sizes=\"auto, (max-width: 432px) 100vw, 432px\" \/><\/a><\/figure>\n\n\n\n<figure class=\"wp-block-image size-large\"><a href=\"https:\/\/pflegezentrum-yspertal.at\/wordpress\/wp-content\/uploads\/2023\/07\/IMG-20230711-WA0033.jpg\"><img loading=\"lazy\" decoding=\"async\" width=\"345\" height=\"768\" data-id=\"5499\" src=\"https:\/\/pflegezentrum-yspertal.at\/wordpress\/wp-content\/uploads\/2023\/07\/IMG-20230711-WA0033.jpg\" alt=\"\" class=\"wp-image-5499\" srcset=\"https:\/\/pflegezentrum-yspertal.at\/wordpress\/wp-content\/uploads\/2023\/07\/IMG-20230711-WA0033.jpg 345w, https:\/\/pflegezentrum-yspertal.at\/wordpress\/wp-content\/uploads\/2023\/07\/IMG-20230711-WA0033-157x350.jpg 157w\" sizes=\"auto, (max-width: 345px) 100vw, 345px\" \/><\/a><\/figure>\n\n\n\n<figure class=\"wp-block-image size-large\"><a href=\"https:\/\/pflegezentrum-yspertal.at\/wordpress\/wp-content\/uploads\/2023\/07\/0DF28A3A-4DD3-422D-980E-DD4EF6D8D906.jpg\"><img loading=\"lazy\" decoding=\"async\" width=\"576\" height=\"768\" data-id=\"5500\" src=\"https:\/\/pflegezentrum-yspertal.at\/wordpress\/wp-content\/uploads\/2023\/07\/0DF28A3A-4DD3-422D-980E-DD4EF6D8D906.jpg\" alt=\"\" class=\"wp-image-5500\" srcset=\"https:\/\/pflegezentrum-yspertal.at\/wordpress\/wp-content\/uploads\/2023\/07\/0DF28A3A-4DD3-422D-980E-DD4EF6D8D906.jpg 576w, https:\/\/pflegezentrum-yspertal.at\/wordpress\/wp-content\/uploads\/2023\/07\/0DF28A3A-4DD3-422D-980E-DD4EF6D8D906-263x350.jpg 263w\" sizes=\"auto, (max-width: 576px) 100vw, 576px\" \/><\/a><\/figure>\n\n\n\n<figure class=\"wp-block-image size-large\"><a href=\"https:\/\/pflegezentrum-yspertal.at\/wordpress\/wp-content\/uploads\/2023\/07\/03E241CA-9FE8-4C4E-B07F-A72F33768CF2.jpg\"><img loading=\"lazy\" decoding=\"async\" width=\"1024\" height=\"768\" data-id=\"5501\" src=\"https:\/\/pflegezentrum-yspertal.at\/wordpress\/wp-content\/uploads\/2023\/07\/03E241CA-9FE8-4C4E-B07F-A72F33768CF2.jpg\" alt=\"\" class=\"wp-image-5501\" srcset=\"https:\/\/pflegezentrum-yspertal.at\/wordpress\/wp-content\/uploads\/2023\/07\/03E241CA-9FE8-4C4E-B07F-A72F33768CF2.jpg 1024w, https:\/\/pflegezentrum-yspertal.at\/wordpress\/wp-content\/uploads\/2023\/07\/03E241CA-9FE8-4C4E-B07F-A72F33768CF2-350x263.jpg 350w, https:\/\/pflegezentrum-yspertal.at\/wordpress\/wp-content\/uploads\/2023\/07\/03E241CA-9FE8-4C4E-B07F-A72F33768CF2-768x576.jpg 768w\" sizes=\"auto, (max-width: 1024px) 100vw, 1024px\" \/><\/a><\/figure>\n\n\n\n<figure class=\"wp-block-image size-large\"><a href=\"https:\/\/pflegezentrum-yspertal.at\/wordpress\/wp-content\/uploads\/2023\/07\/5F8BE594-8A94-41FF-8977-357DA6A43AFC.jpg\"><img loading=\"lazy\" decoding=\"async\" width=\"1024\" height=\"768\" data-id=\"5502\" src=\"https:\/\/pflegezentrum-yspertal.at\/wordpress\/wp-content\/uploads\/2023\/07\/5F8BE594-8A94-41FF-8977-357DA6A43AFC.jpg\" alt=\"\" class=\"wp-image-5502\" srcset=\"https:\/\/pflegezentrum-yspertal.at\/wordpress\/wp-content\/uploads\/2023\/07\/5F8BE594-8A94-41FF-8977-357DA6A43AFC.jpg 1024w, https:\/\/pflegezentrum-yspertal.at\/wordpress\/wp-content\/uploads\/2023\/07\/5F8BE594-8A94-41FF-8977-357DA6A43AFC-350x263.jpg 350w, https:\/\/pflegezentrum-yspertal.at\/wordpress\/wp-content\/uploads\/2023\/07\/5F8BE594-8A94-41FF-8977-357DA6A43AFC-768x576.jpg 768w\" sizes=\"auto, (max-width: 1024px) 100vw, 1024px\" \/><\/a><\/figure>\n\n\n\n<figure class=\"wp-block-image size-large\"><a href=\"https:\/\/pflegezentrum-yspertal.at\/wordpress\/wp-content\/uploads\/2023\/07\/6CD0AE46-1A0A-4BA0-B239-AAF9FF09A19A.jpg\"><img loading=\"lazy\" decoding=\"async\" width=\"1024\" height=\"768\" data-id=\"5503\" src=\"https:\/\/pflegezentrum-yspertal.at\/wordpress\/wp-content\/uploads\/2023\/07\/6CD0AE46-1A0A-4BA0-B239-AAF9FF09A19A.jpg\" alt=\"\" class=\"wp-image-5503\" srcset=\"https:\/\/pflegezentrum-yspertal.at\/wordpress\/wp-content\/uploads\/2023\/07\/6CD0AE46-1A0A-4BA0-B239-AAF9FF09A19A.jpg 1024w, https:\/\/pflegezentrum-yspertal.at\/wordpress\/wp-content\/uploads\/2023\/07\/6CD0AE46-1A0A-4BA0-B239-AAF9FF09A19A-350x263.jpg 350w, https:\/\/pflegezentrum-yspertal.at\/wordpress\/wp-content\/uploads\/2023\/07\/6CD0AE46-1A0A-4BA0-B239-AAF9FF09A19A-768x576.jpg 768w\" sizes=\"auto, (max-width: 1024px) 100vw, 1024px\" \/><\/a><\/figure>\n\n\n\n<figure class=\"wp-block-image size-large\"><a href=\"https:\/\/pflegezentrum-yspertal.at\/wordpress\/wp-content\/uploads\/2023\/07\/7FB57455-E4D7-4FE1-B296-A493DC189DF9.jpg\"><img decoding=\"async\" data-id=\"5504\" src=\"https:\/\/pflegezentrum-yspertal.at\/wordpress\/wp-content\/uploads\/2023\/07\/7FB57455-E4D7-4FE1-B296-A493DC189DF9.jpg\" alt=\"\" class=\"wp-image-5504\"\/><\/a><\/figure>\n\n\n\n<figure class=\"wp-block-image size-large\"><a href=\"https:\/\/pflegezentrum-yspertal.at\/wordpress\/wp-content\/uploads\/2023\/07\/008BC678-CB1C-4C78-ABDD-4F71272DBE9B.jpg\"><img decoding=\"async\" data-id=\"5505\" src=\"https:\/\/pflegezentrum-yspertal.at\/wordpress\/wp-content\/uploads\/2023\/07\/008BC678-CB1C-4C78-ABDD-4F71272DBE9B.jpg\" alt=\"\" class=\"wp-image-5505\"\/><\/a><\/figure>\n\n\n\n<figure class=\"wp-block-image size-large\"><a href=\"https:\/\/pflegezentrum-yspertal.at\/wordpress\/wp-content\/uploads\/2023\/07\/34425E87-B944-4127-BC9D-932141706B62.jpg\"><img decoding=\"async\" data-id=\"5507\" src=\"https:\/\/pflegezentrum-yspertal.at\/wordpress\/wp-content\/uploads\/2023\/07\/34425E87-B944-4127-BC9D-932141706B62.jpg\" alt=\"\" class=\"wp-image-5507\"\/><\/a><\/figure>\n\n\n\n<figure class=\"wp-block-image size-large\"><a href=\"https:\/\/pflegezentrum-yspertal.at\/wordpress\/wp-content\/uploads\/2023\/07\/30C8D81A-F064-4783-BF81-D871133091F6.jpg\"><img decoding=\"async\" data-id=\"5506\" src=\"https:\/\/pflegezentrum-yspertal.at\/wordpress\/wp-content\/uploads\/2023\/07\/30C8D81A-F064-4783-BF81-D871133091F6.jpg\" alt=\"\" class=\"wp-image-5506\"\/><\/a><\/figure>\n\n\n\n<figure class=\"wp-block-image size-large\"><a href=\"https:\/\/pflegezentrum-yspertal.at\/wordpress\/wp-content\/uploads\/2023\/07\/94384FA7-2717-41F9-8F0D-CE35D7CC14D4.jpg\"><img loading=\"lazy\" decoding=\"async\" width=\"1024\" height=\"768\" data-id=\"5508\" src=\"https:\/\/pflegezentrum-yspertal.at\/wordpress\/wp-content\/uploads\/2023\/07\/94384FA7-2717-41F9-8F0D-CE35D7CC14D4.jpg\" alt=\"\" class=\"wp-image-5508\" srcset=\"https:\/\/pflegezentrum-yspertal.at\/wordpress\/wp-content\/uploads\/2023\/07\/94384FA7-2717-41F9-8F0D-CE35D7CC14D4.jpg 1024w, https:\/\/pflegezentrum-yspertal.at\/wordpress\/wp-content\/uploads\/2023\/07\/94384FA7-2717-41F9-8F0D-CE35D7CC14D4-350x263.jpg 350w, https:\/\/pflegezentrum-yspertal.at\/wordpress\/wp-content\/uploads\/2023\/07\/94384FA7-2717-41F9-8F0D-CE35D7CC14D4-768x576.jpg 768w\" sizes=\"auto, (max-width: 1024px) 100vw, 1024px\" \/><\/a><\/figure>\n\n\n\n<figure class=\"wp-block-image size-large\"><a href=\"https:\/\/pflegezentrum-yspertal.at\/wordpress\/wp-content\/uploads\/2023\/07\/AA3A1DB3-69F5-44FE-A870-B8706B29F754.jpg\"><img loading=\"lazy\" decoding=\"async\" width=\"1024\" height=\"768\" data-id=\"5509\" src=\"https:\/\/pflegezentrum-yspertal.at\/wordpress\/wp-content\/uploads\/2023\/07\/AA3A1DB3-69F5-44FE-A870-B8706B29F754.jpg\" alt=\"\" class=\"wp-image-5509\" srcset=\"https:\/\/pflegezentrum-yspertal.at\/wordpress\/wp-content\/uploads\/2023\/07\/AA3A1DB3-69F5-44FE-A870-B8706B29F754.jpg 1024w, https:\/\/pflegezentrum-yspertal.at\/wordpress\/wp-content\/uploads\/2023\/07\/AA3A1DB3-69F5-44FE-A870-B8706B29F754-350x263.jpg 350w, https:\/\/pflegezentrum-yspertal.at\/wordpress\/wp-content\/uploads\/2023\/07\/AA3A1DB3-69F5-44FE-A870-B8706B29F754-768x576.jpg 768w\" sizes=\"auto, (max-width: 1024px) 100vw, 1024px\" \/><\/a><\/figure>\n\n\n\n<figure class=\"wp-block-image size-large\"><a href=\"https:\/\/pflegezentrum-yspertal.at\/wordpress\/wp-content\/uploads\/2023\/07\/B30C5097-2360-43F8-A0AB-1645EA4BCBC1.jpg\"><img loading=\"lazy\" decoding=\"async\" width=\"1024\" height=\"768\" data-id=\"5510\" src=\"https:\/\/pflegezentrum-yspertal.at\/wordpress\/wp-content\/uploads\/2023\/07\/B30C5097-2360-43F8-A0AB-1645EA4BCBC1.jpg\" alt=\"\" class=\"wp-image-5510\" srcset=\"https:\/\/pflegezentrum-yspertal.at\/wordpress\/wp-content\/uploads\/2023\/07\/B30C5097-2360-43F8-A0AB-1645EA4BCBC1.jpg 1024w, https:\/\/pflegezentrum-yspertal.at\/wordpress\/wp-content\/uploads\/2023\/07\/B30C5097-2360-43F8-A0AB-1645EA4BCBC1-350x263.jpg 350w, https:\/\/pflegezentrum-yspertal.at\/wordpress\/wp-content\/uploads\/2023\/07\/B30C5097-2360-43F8-A0AB-1645EA4BCBC1-768x576.jpg 768w\" sizes=\"auto, (max-width: 1024px) 100vw, 1024px\" \/><\/a><\/figure>\n\n\n\n<figure class=\"wp-block-image size-large\"><a href=\"https:\/\/pflegezentrum-yspertal.at\/wordpress\/wp-content\/uploads\/2023\/07\/C10DCBDC-5F2C-4CAC-A663-C6BF631603AA.jpg\"><img decoding=\"async\" data-id=\"5511\" src=\"https:\/\/pflegezentrum-yspertal.at\/wordpress\/wp-content\/uploads\/2023\/07\/C10DCBDC-5F2C-4CAC-A663-C6BF631603AA.jpg\" alt=\"\" class=\"wp-image-5511\"\/><\/a><\/figure>\n<\/figure>\n","protected":false},"excerpt":{"rendered":"<p>Am 11.07.2023 fand bei sch\u00f6nstem Wetter und strahlendem Sonnenschein im Pflegezentrum Yspertal das Sommerfest f\u00fcr die Bewohner:innen statt. Im Zuge der Er\u00f6ffnung des Festes wurde durch die Landesr\u00e4tin Frau Mag. Christiane Teschl \u2013 Hofmeister der Spatenstich f\u00fcr den Zubau der Erweiterung von 16 Pflege- und Betreuungspl\u00e4tzen durchgef\u00fchrt. F\u00fcr das Rahmenprogramm haben die Bewohner:innen einen tollen &#8230; <a title=\"Sommerfest und Spatenstich\" class=\"read-more\" href=\"https:\/\/pflegezentrum-yspertal.at\/wordpress\/sommerfest-und-spatenstich\" aria-label=\"Mehr Informationen \u00fcber Sommerfest und Spatenstich\">Weiterlesen<\/a><\/p>\n","protected":false},"author":4,"featured_media":5503,"comment_status":"closed","ping_status":"closed","sticky":false,"template":"","format":"standard","meta":{"inline_featured_image":false,"footnotes":""},"categories":[1],"tags":[],"class_list":["post-5498","post","type-post","status-publish","format-standard","has-post-thumbnail","hentry","category-aktuelles"],"yoast_head":"<!-- This site is optimized with the Yoast SEO plugin v27.4 - https:\/\/yoast.com\/product\/yoast-seo-wordpress\/ -->\n<title>Sommerfest und Spatenstich - Pflegezentrum Yspertal<\/title>\n<meta name=\"robots\" content=\"index, follow, max-snippet:-1, max-image-preview:large, max-video-preview:-1\" \/>\n<link rel=\"canonical\" href=\"https:\/\/pflegezentrum-yspertal.at\/wordpress\/sommerfest-und-spatenstich\" \/>\n<meta property=\"og:locale\" content=\"de_DE\" \/>\n<meta property=\"og:type\" content=\"article\" \/>\n<meta property=\"og:title\" content=\"Sommerfest und Spatenstich - Pflegezentrum Yspertal\" \/>\n<meta property=\"og:description\" content=\"Am 11.07.2023 fand bei sch\u00f6nstem Wetter und strahlendem Sonnenschein im Pflegezentrum Yspertal das Sommerfest f\u00fcr die Bewohner:innen statt. Im Zuge der Er\u00f6ffnung des Festes wurde durch die Landesr\u00e4tin Frau Mag. Christiane Teschl \u2013 Hofmeister der Spatenstich f\u00fcr den Zubau der Erweiterung von 16 Pflege- und Betreuungspl\u00e4tzen durchgef\u00fchrt. F\u00fcr das Rahmenprogramm haben die Bewohner:innen einen tollen ... Weiterlesen\" \/>\n<meta property=\"og:url\" content=\"https:\/\/pflegezentrum-yspertal.at\/wordpress\/sommerfest-und-spatenstich\" \/>\n<meta property=\"og:site_name\" content=\"Pflegezentrum Yspertal\" \/>\n<meta property=\"article:published_time\" content=\"2023-07-11T10:06:33+00:00\" \/>\n<meta property=\"og:image\" content=\"https:\/\/pflegezentrum-yspertal.at\/wordpress\/wp-content\/uploads\/2023\/07\/6CD0AE46-1A0A-4BA0-B239-AAF9FF09A19A.jpg\" \/>\n\t<meta property=\"og:image:width\" content=\"1024\" \/>\n\t<meta property=\"og:image:height\" content=\"768\" \/>\n\t<meta property=\"og:image:type\" content=\"image\/jpeg\" \/>\n<meta name=\"author\" content=\"yspertal\" \/>\n<meta name=\"twitter:card\" content=\"summary_large_image\" \/>\n<meta name=\"twitter:label1\" content=\"Verfasst von\" \/>\n\t<meta name=\"twitter:data1\" content=\"yspertal\" \/>\n\t<meta name=\"twitter:label2\" content=\"Gesch\u00e4tzte Lesezeit\" \/>\n\t<meta name=\"twitter:data2\" content=\"4\u00a0Minuten\" \/>\n<script type=\"application\/ld+json\" class=\"yoast-schema-graph\">{\"@context\":\"https:\\\/\\\/schema.org\",\"@graph\":[{\"@type\":\"Article\",\"@id\":\"https:\\\/\\\/pflegezentrum-yspertal.at\\\/wordpress\\\/sommerfest-und-spatenstich#article\",\"isPartOf\":{\"@id\":\"https:\\\/\\\/pflegezentrum-yspertal.at\\\/wordpress\\\/sommerfest-und-spatenstich\"},\"author\":{\"name\":\"yspertal\",\"@id\":\"https:\\\/\\\/yspertal.netzspinnerei.at\\\/#\\\/schema\\\/person\\\/0438af216aae016d571caa687d414651\"},\"headline\":\"Sommerfest und Spatenstich\",\"datePublished\":\"2023-07-11T10:06:33+00:00\",\"mainEntityOfPage\":{\"@id\":\"https:\\\/\\\/pflegezentrum-yspertal.at\\\/wordpress\\\/sommerfest-und-spatenstich\"},\"wordCount\":155,\"publisher\":{\"@id\":\"https:\\\/\\\/yspertal.netzspinnerei.at\\\/#organization\"},\"image\":{\"@id\":\"https:\\\/\\\/pflegezentrum-yspertal.at\\\/wordpress\\\/sommerfest-und-spatenstich#primaryimage\"},\"thumbnailUrl\":\"https:\\\/\\\/pflegezentrum-yspertal.at\\\/wordpress\\\/wp-content\\\/uploads\\\/2023\\\/07\\\/6CD0AE46-1A0A-4BA0-B239-AAF9FF09A19A.jpg\",\"articleSection\":[\"Aktuelles\"],\"inLanguage\":\"de\"},{\"@type\":\"WebPage\",\"@id\":\"https:\\\/\\\/pflegezentrum-yspertal.at\\\/wordpress\\\/sommerfest-und-spatenstich\",\"url\":\"https:\\\/\\\/pflegezentrum-yspertal.at\\\/wordpress\\\/sommerfest-und-spatenstich\",\"name\":\"Sommerfest und Spatenstich - Pflegezentrum Yspertal\",\"isPartOf\":{\"@id\":\"https:\\\/\\\/yspertal.netzspinnerei.at\\\/#website\"},\"primaryImageOfPage\":{\"@id\":\"https:\\\/\\\/pflegezentrum-yspertal.at\\\/wordpress\\\/sommerfest-und-spatenstich#primaryimage\"},\"image\":{\"@id\":\"https:\\\/\\\/pflegezentrum-yspertal.at\\\/wordpress\\\/sommerfest-und-spatenstich#primaryimage\"},\"thumbnailUrl\":\"https:\\\/\\\/pflegezentrum-yspertal.at\\\/wordpress\\\/wp-content\\\/uploads\\\/2023\\\/07\\\/6CD0AE46-1A0A-4BA0-B239-AAF9FF09A19A.jpg\",\"datePublished\":\"2023-07-11T10:06:33+00:00\",\"breadcrumb\":{\"@id\":\"https:\\\/\\\/pflegezentrum-yspertal.at\\\/wordpress\\\/sommerfest-und-spatenstich#breadcrumb\"},\"inLanguage\":\"de\",\"potentialAction\":[{\"@type\":\"ReadAction\",\"target\":[\"https:\\\/\\\/pflegezentrum-yspertal.at\\\/wordpress\\\/sommerfest-und-spatenstich\"]}]},{\"@type\":\"ImageObject\",\"inLanguage\":\"de\",\"@id\":\"https:\\\/\\\/pflegezentrum-yspertal.at\\\/wordpress\\\/sommerfest-und-spatenstich#primaryimage\",\"url\":\"https:\\\/\\\/pflegezentrum-yspertal.at\\\/wordpress\\\/wp-content\\\/uploads\\\/2023\\\/07\\\/6CD0AE46-1A0A-4BA0-B239-AAF9FF09A19A.jpg\",\"contentUrl\":\"https:\\\/\\\/pflegezentrum-yspertal.at\\\/wordpress\\\/wp-content\\\/uploads\\\/2023\\\/07\\\/6CD0AE46-1A0A-4BA0-B239-AAF9FF09A19A.jpg\",\"width\":1024,\"height\":768},{\"@type\":\"BreadcrumbList\",\"@id\":\"https:\\\/\\\/pflegezentrum-yspertal.at\\\/wordpress\\\/sommerfest-und-spatenstich#breadcrumb\",\"itemListElement\":[{\"@type\":\"ListItem\",\"position\":1,\"name\":\"Home\",\"item\":\"https:\\\/\\\/pflegezentrum-yspertal.at\\\/wordpress\\\/\"},{\"@type\":\"ListItem\",\"position\":2,\"name\":\"Aktuelles\",\"item\":\"https:\\\/\\\/yspertal.netzspinnerei.at\\\/category\\\/aktuelles\"},{\"@type\":\"ListItem\",\"position\":3,\"name\":\"Sommerfest und Spatenstich\"}]},{\"@type\":\"WebSite\",\"@id\":\"https:\\\/\\\/yspertal.netzspinnerei.at\\\/#website\",\"url\":\"https:\\\/\\\/yspertal.netzspinnerei.at\\\/\",\"name\":\"Pflegezentrum Yspertal\",\"description\":\"\",\"publisher\":{\"@id\":\"https:\\\/\\\/yspertal.netzspinnerei.at\\\/#organization\"},\"potentialAction\":[{\"@type\":\"SearchAction\",\"target\":{\"@type\":\"EntryPoint\",\"urlTemplate\":\"https:\\\/\\\/yspertal.netzspinnerei.at\\\/?s={search_term_string}\"},\"query-input\":{\"@type\":\"PropertyValueSpecification\",\"valueRequired\":true,\"valueName\":\"search_term_string\"}}],\"inLanguage\":\"de\"},{\"@type\":\"Organization\",\"@id\":\"https:\\\/\\\/yspertal.netzspinnerei.at\\\/#organization\",\"name\":\"Pflegezentrum Yspertal\",\"url\":\"https:\\\/\\\/yspertal.netzspinnerei.at\\\/\",\"logo\":{\"@type\":\"ImageObject\",\"inLanguage\":\"de\",\"@id\":\"https:\\\/\\\/yspertal.netzspinnerei.at\\\/#\\\/schema\\\/logo\\\/image\\\/\",\"url\":\"https:\\\/\\\/pflegezentrum-yspertal.at\\\/wordpress\\\/wp-content\\\/uploads\\\/2023\\\/10\\\/Logo-Border.jpg\",\"contentUrl\":\"https:\\\/\\\/pflegezentrum-yspertal.at\\\/wordpress\\\/wp-content\\\/uploads\\\/2023\\\/10\\\/Logo-Border.jpg\",\"width\":787,\"height\":102,\"caption\":\"Pflegezentrum Yspertal\"},\"image\":{\"@id\":\"https:\\\/\\\/yspertal.netzspinnerei.at\\\/#\\\/schema\\\/logo\\\/image\\\/\"}},{\"@type\":\"Person\",\"@id\":\"https:\\\/\\\/yspertal.netzspinnerei.at\\\/#\\\/schema\\\/person\\\/0438af216aae016d571caa687d414651\",\"name\":\"yspertal\",\"image\":{\"@type\":\"ImageObject\",\"inLanguage\":\"de\",\"@id\":\"https:\\\/\\\/secure.gravatar.com\\\/avatar\\\/d6d6f149f3e4dfd0fec95c58d9bf27d576441d81faa3399f60eebaa71358d6a9?s=96&d=mm&r=g\",\"url\":\"https:\\\/\\\/secure.gravatar.com\\\/avatar\\\/d6d6f149f3e4dfd0fec95c58d9bf27d576441d81faa3399f60eebaa71358d6a9?s=96&d=mm&r=g\",\"contentUrl\":\"https:\\\/\\\/secure.gravatar.com\\\/avatar\\\/d6d6f149f3e4dfd0fec95c58d9bf27d576441d81faa3399f60eebaa71358d6a9?s=96&d=mm&r=g\",\"caption\":\"yspertal\"},\"url\":\"https:\\\/\\\/pflegezentrum-yspertal.at\\\/wordpress\\\/author\\\/yspertal\"}]}<\/script>\n<!-- \/ Yoast SEO plugin. -->","yoast_head_json":{"title":"Sommerfest und Spatenstich - Pflegezentrum Yspertal","robots":{"index":"index","follow":"follow","max-snippet":"max-snippet:-1","max-image-preview":"max-image-preview:large","max-video-preview":"max-video-preview:-1"},"canonical":"https:\/\/pflegezentrum-yspertal.at\/wordpress\/sommerfest-und-spatenstich","og_locale":"de_DE","og_type":"article","og_title":"Sommerfest und Spatenstich - Pflegezentrum Yspertal","og_description":"Am 11.07.2023 fand bei sch\u00f6nstem Wetter und strahlendem Sonnenschein im Pflegezentrum Yspertal das Sommerfest f\u00fcr die Bewohner:innen statt. Im Zuge der Er\u00f6ffnung des Festes wurde durch die Landesr\u00e4tin Frau Mag. Christiane Teschl \u2013 Hofmeister der Spatenstich f\u00fcr den Zubau der Erweiterung von 16 Pflege- und Betreuungspl\u00e4tzen durchgef\u00fchrt. F\u00fcr das Rahmenprogramm haben die Bewohner:innen einen tollen ... Weiterlesen","og_url":"https:\/\/pflegezentrum-yspertal.at\/wordpress\/sommerfest-und-spatenstich","og_site_name":"Pflegezentrum Yspertal","article_published_time":"2023-07-11T10:06:33+00:00","og_image":[{"width":1024,"height":768,"url":"https:\/\/pflegezentrum-yspertal.at\/wordpress\/wp-content\/uploads\/2023\/07\/6CD0AE46-1A0A-4BA0-B239-AAF9FF09A19A.jpg","type":"image\/jpeg"}],"author":"yspertal","twitter_card":"summary_large_image","twitter_misc":{"Verfasst von":"yspertal","Gesch\u00e4tzte Lesezeit":"4\u00a0Minuten"},"schema":{"@context":"https:\/\/schema.org","@graph":[{"@type":"Article","@id":"https:\/\/pflegezentrum-yspertal.at\/wordpress\/sommerfest-und-spatenstich#article","isPartOf":{"@id":"https:\/\/pflegezentrum-yspertal.at\/wordpress\/sommerfest-und-spatenstich"},"author":{"name":"yspertal","@id":"https:\/\/yspertal.netzspinnerei.at\/#\/schema\/person\/0438af216aae016d571caa687d414651"},"headline":"Sommerfest und Spatenstich","datePublished":"2023-07-11T10:06:33+00:00","mainEntityOfPage":{"@id":"https:\/\/pflegezentrum-yspertal.at\/wordpress\/sommerfest-und-spatenstich"},"wordCount":155,"publisher":{"@id":"https:\/\/yspertal.netzspinnerei.at\/#organization"},"image":{"@id":"https:\/\/pflegezentrum-yspertal.at\/wordpress\/sommerfest-und-spatenstich#primaryimage"},"thumbnailUrl":"https:\/\/pflegezentrum-yspertal.at\/wordpress\/wp-content\/uploads\/2023\/07\/6CD0AE46-1A0A-4BA0-B239-AAF9FF09A19A.jpg","articleSection":["Aktuelles"],"inLanguage":"de"},{"@type":"WebPage","@id":"https:\/\/pflegezentrum-yspertal.at\/wordpress\/sommerfest-und-spatenstich","url":"https:\/\/pflegezentrum-yspertal.at\/wordpress\/sommerfest-und-spatenstich","name":"Sommerfest und Spatenstich - Pflegezentrum Yspertal","isPartOf":{"@id":"https:\/\/yspertal.netzspinnerei.at\/#website"},"primaryImageOfPage":{"@id":"https:\/\/pflegezentrum-yspertal.at\/wordpress\/sommerfest-und-spatenstich#primaryimage"},"image":{"@id":"https:\/\/pflegezentrum-yspertal.at\/wordpress\/sommerfest-und-spatenstich#primaryimage"},"thumbnailUrl":"https:\/\/pflegezentrum-yspertal.at\/wordpress\/wp-content\/uploads\/2023\/07\/6CD0AE46-1A0A-4BA0-B239-AAF9FF09A19A.jpg","datePublished":"2023-07-11T10:06:33+00:00","breadcrumb":{"@id":"https:\/\/pflegezentrum-yspertal.at\/wordpress\/sommerfest-und-spatenstich#breadcrumb"},"inLanguage":"de","potentialAction":[{"@type":"ReadAction","target":["https:\/\/pflegezentrum-yspertal.at\/wordpress\/sommerfest-und-spatenstich"]}]},{"@type":"ImageObject","inLanguage":"de","@id":"https:\/\/pflegezentrum-yspertal.at\/wordpress\/sommerfest-und-spatenstich#primaryimage","url":"https:\/\/pflegezentrum-yspertal.at\/wordpress\/wp-content\/uploads\/2023\/07\/6CD0AE46-1A0A-4BA0-B239-AAF9FF09A19A.jpg","contentUrl":"https:\/\/pflegezentrum-yspertal.at\/wordpress\/wp-content\/uploads\/2023\/07\/6CD0AE46-1A0A-4BA0-B239-AAF9FF09A19A.jpg","width":1024,"height":768},{"@type":"BreadcrumbList","@id":"https:\/\/pflegezentrum-yspertal.at\/wordpress\/sommerfest-und-spatenstich#breadcrumb","itemListElement":[{"@type":"ListItem","position":1,"name":"Home","item":"https:\/\/pflegezentrum-yspertal.at\/wordpress\/"},{"@type":"ListItem","position":2,"name":"Aktuelles","item":"https:\/\/yspertal.netzspinnerei.at\/category\/aktuelles"},{"@type":"ListItem","position":3,"name":"Sommerfest und Spatenstich"}]},{"@type":"WebSite","@id":"https:\/\/yspertal.netzspinnerei.at\/#website","url":"https:\/\/yspertal.netzspinnerei.at\/","name":"Pflegezentrum Yspertal","description":"","publisher":{"@id":"https:\/\/yspertal.netzspinnerei.at\/#organization"},"potentialAction":[{"@type":"SearchAction","target":{"@type":"EntryPoint","urlTemplate":"https:\/\/yspertal.netzspinnerei.at\/?s={search_term_string}"},"query-input":{"@type":"PropertyValueSpecification","valueRequired":true,"valueName":"search_term_string"}}],"inLanguage":"de"},{"@type":"Organization","@id":"https:\/\/yspertal.netzspinnerei.at\/#organization","name":"Pflegezentrum Yspertal","url":"https:\/\/yspertal.netzspinnerei.at\/","logo":{"@type":"ImageObject","inLanguage":"de","@id":"https:\/\/yspertal.netzspinnerei.at\/#\/schema\/logo\/image\/","url":"https:\/\/pflegezentrum-yspertal.at\/wordpress\/wp-content\/uploads\/2023\/10\/Logo-Border.jpg","contentUrl":"https:\/\/pflegezentrum-yspertal.at\/wordpress\/wp-content\/uploads\/2023\/10\/Logo-Border.jpg","width":787,"height":102,"caption":"Pflegezentrum Yspertal"},"image":{"@id":"https:\/\/yspertal.netzspinnerei.at\/#\/schema\/logo\/image\/"}},{"@type":"Person","@id":"https:\/\/yspertal.netzspinnerei.at\/#\/schema\/person\/0438af216aae016d571caa687d414651","name":"yspertal","image":{"@type":"ImageObject","inLanguage":"de","@id":"https:\/\/secure.gravatar.com\/avatar\/d6d6f149f3e4dfd0fec95c58d9bf27d576441d81faa3399f60eebaa71358d6a9?s=96&d=mm&r=g","url":"https:\/\/secure.gravatar.com\/avatar\/d6d6f149f3e4dfd0fec95c58d9bf27d576441d81faa3399f60eebaa71358d6a9?s=96&d=mm&r=g","contentUrl":"https:\/\/secure.gravatar.com\/avatar\/d6d6f149f3e4dfd0fec95c58d9bf27d576441d81faa3399f60eebaa71358d6a9?s=96&d=mm&r=g","caption":"yspertal"},"url":"https:\/\/pflegezentrum-yspertal.at\/wordpress\/author\/yspertal"}]}},"_links":{"self":[{"href":"https:\/\/pflegezentrum-yspertal.at\/wordpress\/wp-json\/wp\/v2\/posts\/5498","targetHints":{"allow":["GET"]}}],"collection":[{"href":"https:\/\/pflegezentrum-yspertal.at\/wordpress\/wp-json\/wp\/v2\/posts"}],"about":[{"href":"https:\/\/pflegezentrum-yspertal.at\/wordpress\/wp-json\/wp\/v2\/types\/post"}],"author":[{"embeddable":true,"href":"https:\/\/pflegezentrum-yspertal.at\/wordpress\/wp-json\/wp\/v2\/users\/4"}],"replies":[{"embeddable":true,"href":"https:\/\/pflegezentrum-yspertal.at\/wordpress\/wp-json\/wp\/v2\/comments?post=5498"}],"version-history":[{"count":0,"href":"https:\/\/pflegezentrum-yspertal.at\/wordpress\/wp-json\/wp\/v2\/posts\/5498\/revisions"}],"wp:featuredmedia":[{"embeddable":true,"href":"https:\/\/pflegezentrum-yspertal.at\/wordpress\/wp-json\/wp\/v2\/media\/5503"}],"wp:attachment":[{"href":"https:\/\/pflegezentrum-yspertal.at\/wordpress\/wp-json\/wp\/v2\/media?parent=5498"}],"wp:term":[{"taxonomy":"category","embeddable":true,"href":"https:\/\/pflegezentrum-yspertal.at\/wordpress\/wp-json\/wp\/v2\/categories?post=5498"},{"taxonomy":"post_tag","embeddable":true,"href":"https:\/\/pflegezentrum-yspertal.at\/wordpress\/wp-json\/wp\/v2\/tags?post=5498"}],"curies":[{"name":"wp","href":"https:\/\/api.w.org\/{rel}","templated":true}]}}