{"id":5468,"date":"2023-06-20T07:52:14","date_gmt":"2023-06-20T07:52:14","guid":{"rendered":"https:\/\/pflegezentrum-yspertal.at\/wordpress\/?p=5468"},"modified":"2024-03-01T09:54:32","modified_gmt":"2024-03-01T09:54:32","slug":"minisommerfest-projekt-der-sportmittelschule","status":"publish","type":"post","link":"https:\/\/pflegezentrum-yspertal.at\/wordpress\/minisommerfest-projekt-der-sportmittelschule","title":{"rendered":"Minisommerfest &#8211; Projekt der Sportmittelschule"},"content":{"rendered":"\n<p>Am 20.6.2023 waren die Sch\u00fcler:innen der 2. Schulstufe der Sportmittelschule Yspertal bei uns im Haus, um den Abschluss des Schuljahres mit unseren Bewohner:innen zu feiern.<\/p>\n\n\n\n<p>Zu Beginn gab es zum Kaffee das mitgebrachte Tiramisu, das von den Sch\u00fcler:innen eigenh\u00e4ndig am Vortag in der Kochstunde zubereitet wurde.<\/p>\n\n\n\n<p>Die Sch\u00fcler:innen \u00fcberbrachten jede:r einzelnen Bewohner:in pers\u00f6nlich &nbsp;mit einem L\u00e4cheln die k\u00f6stliche Mehlspeise.<\/p>\n\n\n\n<p>Im Anschluss wurden alle Bewohner:innen herzlich in den Multifunktionsraum eingeladen, wo gesungen, getanzt, musiziert, geturnt und gelacht wurde.<\/p>\n\n\n\n<p>Unsere Bewohner:innen hatten so eine riesige Freude daran, dass sie mit Eifer mitgesungen und mitgeturnt haben.<\/p>\n\n\n\n<p>Zum Schluss \u00fcbergaben die Sch\u00fcler:innen jede:r Bewohner:in noch ein kleines selbstgebasteltes Dankesch\u00f6n, ein Teelicht mit viel Liebe verziert.<\/p>\n\n\n\n<p>Vielen Dank an die Sch\u00fcler:innen und Lehrkr\u00e4fte, die soviel Engagement und Einsatz bewiesen haben mit den Vorbereitungsarbeiten f\u00fcr diesen tollen Nachmittag.<\/p>\n\n\n\n<figure class=\"wp-block-gallery has-nested-images columns-default is-cropped wp-block-gallery-1 is-layout-flex wp-block-gallery-is-layout-flex\">\n<figure class=\"wp-block-image size-large\"><a href=\"https:\/\/pflegezentrum-yspertal.at\/wordpress\/wp-content\/uploads\/2023\/06\/IMG_3922.jpg\"><img loading=\"lazy\" decoding=\"async\" width=\"1024\" height=\"768\" data-id=\"5470\" src=\"https:\/\/pflegezentrum-yspertal.at\/wordpress\/wp-content\/uploads\/2023\/06\/IMG_3922.jpg\" alt=\"\" class=\"wp-image-5470\" srcset=\"https:\/\/pflegezentrum-yspertal.at\/wordpress\/wp-content\/uploads\/2023\/06\/IMG_3922.jpg 1024w, https:\/\/pflegezentrum-yspertal.at\/wordpress\/wp-content\/uploads\/2023\/06\/IMG_3922-350x263.jpg 350w, https:\/\/pflegezentrum-yspertal.at\/wordpress\/wp-content\/uploads\/2023\/06\/IMG_3922-768x576.jpg 768w, https:\/\/pflegezentrum-yspertal.at\/wordpress\/wp-content\/uploads\/2023\/06\/IMG_3922-300x225.jpg 300w, https:\/\/pflegezentrum-yspertal.at\/wordpress\/wp-content\/uploads\/2023\/06\/IMG_3922-637x478.jpg 637w, https:\/\/pflegezentrum-yspertal.at\/wordpress\/wp-content\/uploads\/2023\/06\/IMG_3922-970x728.jpg 970w, https:\/\/pflegezentrum-yspertal.at\/wordpress\/wp-content\/uploads\/2023\/06\/IMG_3922-214x161.jpg 214w\" sizes=\"auto, (max-width: 1024px) 100vw, 1024px\" \/><\/a><\/figure>\n\n\n\n<figure class=\"wp-block-image size-large\"><a href=\"https:\/\/pflegezentrum-yspertal.at\/wordpress\/wp-content\/uploads\/2023\/06\/IMG_3842.jpg\"><img loading=\"lazy\" decoding=\"async\" width=\"1024\" height=\"768\" data-id=\"5471\" src=\"https:\/\/pflegezentrum-yspertal.at\/wordpress\/wp-content\/uploads\/2023\/06\/IMG_3842.jpg\" alt=\"\" class=\"wp-image-5471\" srcset=\"https:\/\/pflegezentrum-yspertal.at\/wordpress\/wp-content\/uploads\/2023\/06\/IMG_3842.jpg 1024w, https:\/\/pflegezentrum-yspertal.at\/wordpress\/wp-content\/uploads\/2023\/06\/IMG_3842-300x225.jpg 300w, https:\/\/pflegezentrum-yspertal.at\/wordpress\/wp-content\/uploads\/2023\/06\/IMG_3842-768x576.jpg 768w, https:\/\/pflegezentrum-yspertal.at\/wordpress\/wp-content\/uploads\/2023\/06\/IMG_3842-637x478.jpg 637w, https:\/\/pflegezentrum-yspertal.at\/wordpress\/wp-content\/uploads\/2023\/06\/IMG_3842-970x728.jpg 970w, https:\/\/pflegezentrum-yspertal.at\/wordpress\/wp-content\/uploads\/2023\/06\/IMG_3842-214x161.jpg 214w\" sizes=\"auto, (max-width: 1024px) 100vw, 1024px\" \/><\/a><\/figure>\n\n\n\n<figure class=\"wp-block-image size-large\"><a href=\"https:\/\/pflegezentrum-yspertal.at\/wordpress\/wp-content\/uploads\/2023\/06\/IMG_3845.jpg\"><img loading=\"lazy\" decoding=\"async\" width=\"1024\" height=\"768\" data-id=\"5472\" src=\"https:\/\/pflegezentrum-yspertal.at\/wordpress\/wp-content\/uploads\/2023\/06\/IMG_3845.jpg\" alt=\"\" class=\"wp-image-5472\" srcset=\"https:\/\/pflegezentrum-yspertal.at\/wordpress\/wp-content\/uploads\/2023\/06\/IMG_3845.jpg 1024w, https:\/\/pflegezentrum-yspertal.at\/wordpress\/wp-content\/uploads\/2023\/06\/IMG_3845-300x225.jpg 300w, https:\/\/pflegezentrum-yspertal.at\/wordpress\/wp-content\/uploads\/2023\/06\/IMG_3845-768x576.jpg 768w, https:\/\/pflegezentrum-yspertal.at\/wordpress\/wp-content\/uploads\/2023\/06\/IMG_3845-637x478.jpg 637w, https:\/\/pflegezentrum-yspertal.at\/wordpress\/wp-content\/uploads\/2023\/06\/IMG_3845-970x728.jpg 970w, https:\/\/pflegezentrum-yspertal.at\/wordpress\/wp-content\/uploads\/2023\/06\/IMG_3845-214x161.jpg 214w\" sizes=\"auto, (max-width: 1024px) 100vw, 1024px\" \/><\/a><\/figure>\n\n\n\n<figure class=\"wp-block-image size-large\"><a href=\"https:\/\/pflegezentrum-yspertal.at\/wordpress\/wp-content\/uploads\/2023\/06\/IMG_3846.jpg\"><img loading=\"lazy\" decoding=\"async\" width=\"1024\" height=\"768\" data-id=\"5473\" src=\"https:\/\/pflegezentrum-yspertal.at\/wordpress\/wp-content\/uploads\/2023\/06\/IMG_3846.jpg\" alt=\"\" class=\"wp-image-5473\" srcset=\"https:\/\/pflegezentrum-yspertal.at\/wordpress\/wp-content\/uploads\/2023\/06\/IMG_3846.jpg 1024w, https:\/\/pflegezentrum-yspertal.at\/wordpress\/wp-content\/uploads\/2023\/06\/IMG_3846-300x225.jpg 300w, https:\/\/pflegezentrum-yspertal.at\/wordpress\/wp-content\/uploads\/2023\/06\/IMG_3846-768x576.jpg 768w, https:\/\/pflegezentrum-yspertal.at\/wordpress\/wp-content\/uploads\/2023\/06\/IMG_3846-637x478.jpg 637w, https:\/\/pflegezentrum-yspertal.at\/wordpress\/wp-content\/uploads\/2023\/06\/IMG_3846-970x728.jpg 970w, https:\/\/pflegezentrum-yspertal.at\/wordpress\/wp-content\/uploads\/2023\/06\/IMG_3846-214x161.jpg 214w\" sizes=\"auto, (max-width: 1024px) 100vw, 1024px\" \/><\/a><\/figure>\n\n\n\n<figure class=\"wp-block-image size-large\"><a href=\"https:\/\/pflegezentrum-yspertal.at\/wordpress\/wp-content\/uploads\/2023\/06\/IMG_3849.jpg\"><img loading=\"lazy\" decoding=\"async\" width=\"1024\" height=\"768\" data-id=\"5474\" src=\"https:\/\/pflegezentrum-yspertal.at\/wordpress\/wp-content\/uploads\/2023\/06\/IMG_3849.jpg\" alt=\"\" class=\"wp-image-5474\" srcset=\"https:\/\/pflegezentrum-yspertal.at\/wordpress\/wp-content\/uploads\/2023\/06\/IMG_3849.jpg 1024w, https:\/\/pflegezentrum-yspertal.at\/wordpress\/wp-content\/uploads\/2023\/06\/IMG_3849-300x225.jpg 300w, https:\/\/pflegezentrum-yspertal.at\/wordpress\/wp-content\/uploads\/2023\/06\/IMG_3849-768x576.jpg 768w, https:\/\/pflegezentrum-yspertal.at\/wordpress\/wp-content\/uploads\/2023\/06\/IMG_3849-637x478.jpg 637w, https:\/\/pflegezentrum-yspertal.at\/wordpress\/wp-content\/uploads\/2023\/06\/IMG_3849-970x728.jpg 970w, https:\/\/pflegezentrum-yspertal.at\/wordpress\/wp-content\/uploads\/2023\/06\/IMG_3849-214x161.jpg 214w\" sizes=\"auto, (max-width: 1024px) 100vw, 1024px\" \/><\/a><\/figure>\n\n\n\n<figure class=\"wp-block-image size-large\"><a href=\"https:\/\/pflegezentrum-yspertal.at\/wordpress\/wp-content\/uploads\/2023\/06\/IMG_3870.jpg\"><img loading=\"lazy\" decoding=\"async\" width=\"1024\" height=\"768\" data-id=\"5475\" src=\"https:\/\/pflegezentrum-yspertal.at\/wordpress\/wp-content\/uploads\/2023\/06\/IMG_3870.jpg\" alt=\"\" class=\"wp-image-5475\" srcset=\"https:\/\/pflegezentrum-yspertal.at\/wordpress\/wp-content\/uploads\/2023\/06\/IMG_3870.jpg 1024w, https:\/\/pflegezentrum-yspertal.at\/wordpress\/wp-content\/uploads\/2023\/06\/IMG_3870-300x225.jpg 300w, https:\/\/pflegezentrum-yspertal.at\/wordpress\/wp-content\/uploads\/2023\/06\/IMG_3870-768x576.jpg 768w, https:\/\/pflegezentrum-yspertal.at\/wordpress\/wp-content\/uploads\/2023\/06\/IMG_3870-637x478.jpg 637w, https:\/\/pflegezentrum-yspertal.at\/wordpress\/wp-content\/uploads\/2023\/06\/IMG_3870-970x728.jpg 970w, https:\/\/pflegezentrum-yspertal.at\/wordpress\/wp-content\/uploads\/2023\/06\/IMG_3870-214x161.jpg 214w\" sizes=\"auto, (max-width: 1024px) 100vw, 1024px\" \/><\/a><\/figure>\n\n\n\n<figure class=\"wp-block-image size-large\"><a href=\"https:\/\/pflegezentrum-yspertal.at\/wordpress\/wp-content\/uploads\/2023\/06\/IMG_3883.jpg\"><img loading=\"lazy\" decoding=\"async\" width=\"1024\" height=\"768\" data-id=\"5476\" src=\"https:\/\/pflegezentrum-yspertal.at\/wordpress\/wp-content\/uploads\/2023\/06\/IMG_3883.jpg\" alt=\"\" class=\"wp-image-5476\" srcset=\"https:\/\/pflegezentrum-yspertal.at\/wordpress\/wp-content\/uploads\/2023\/06\/IMG_3883.jpg 1024w, https:\/\/pflegezentrum-yspertal.at\/wordpress\/wp-content\/uploads\/2023\/06\/IMG_3883-300x225.jpg 300w, https:\/\/pflegezentrum-yspertal.at\/wordpress\/wp-content\/uploads\/2023\/06\/IMG_3883-768x576.jpg 768w, https:\/\/pflegezentrum-yspertal.at\/wordpress\/wp-content\/uploads\/2023\/06\/IMG_3883-637x478.jpg 637w, https:\/\/pflegezentrum-yspertal.at\/wordpress\/wp-content\/uploads\/2023\/06\/IMG_3883-970x728.jpg 970w, https:\/\/pflegezentrum-yspertal.at\/wordpress\/wp-content\/uploads\/2023\/06\/IMG_3883-214x161.jpg 214w\" sizes=\"auto, (max-width: 1024px) 100vw, 1024px\" \/><\/a><\/figure>\n\n\n\n<figure class=\"wp-block-image size-large\"><a href=\"https:\/\/pflegezentrum-yspertal.at\/wordpress\/wp-content\/uploads\/2023\/06\/IMG_3887.jpg\"><img loading=\"lazy\" decoding=\"async\" width=\"1024\" height=\"768\" data-id=\"5477\" src=\"https:\/\/pflegezentrum-yspertal.at\/wordpress\/wp-content\/uploads\/2023\/06\/IMG_3887.jpg\" alt=\"\" class=\"wp-image-5477\" srcset=\"https:\/\/pflegezentrum-yspertal.at\/wordpress\/wp-content\/uploads\/2023\/06\/IMG_3887.jpg 1024w, https:\/\/pflegezentrum-yspertal.at\/wordpress\/wp-content\/uploads\/2023\/06\/IMG_3887-300x225.jpg 300w, https:\/\/pflegezentrum-yspertal.at\/wordpress\/wp-content\/uploads\/2023\/06\/IMG_3887-768x576.jpg 768w, https:\/\/pflegezentrum-yspertal.at\/wordpress\/wp-content\/uploads\/2023\/06\/IMG_3887-637x478.jpg 637w, https:\/\/pflegezentrum-yspertal.at\/wordpress\/wp-content\/uploads\/2023\/06\/IMG_3887-970x728.jpg 970w, https:\/\/pflegezentrum-yspertal.at\/wordpress\/wp-content\/uploads\/2023\/06\/IMG_3887-214x161.jpg 214w\" sizes=\"auto, (max-width: 1024px) 100vw, 1024px\" \/><\/a><\/figure>\n\n\n\n<figure class=\"wp-block-image size-large\"><a href=\"https:\/\/pflegezentrum-yspertal.at\/wordpress\/wp-content\/uploads\/2023\/06\/IMG_3889.jpg\"><img loading=\"lazy\" decoding=\"async\" width=\"1024\" height=\"768\" data-id=\"5478\" src=\"https:\/\/pflegezentrum-yspertal.at\/wordpress\/wp-content\/uploads\/2023\/06\/IMG_3889.jpg\" alt=\"\" class=\"wp-image-5478\" srcset=\"https:\/\/pflegezentrum-yspertal.at\/wordpress\/wp-content\/uploads\/2023\/06\/IMG_3889.jpg 1024w, https:\/\/pflegezentrum-yspertal.at\/wordpress\/wp-content\/uploads\/2023\/06\/IMG_3889-300x225.jpg 300w, https:\/\/pflegezentrum-yspertal.at\/wordpress\/wp-content\/uploads\/2023\/06\/IMG_3889-768x576.jpg 768w, https:\/\/pflegezentrum-yspertal.at\/wordpress\/wp-content\/uploads\/2023\/06\/IMG_3889-637x478.jpg 637w, https:\/\/pflegezentrum-yspertal.at\/wordpress\/wp-content\/uploads\/2023\/06\/IMG_3889-970x728.jpg 970w, https:\/\/pflegezentrum-yspertal.at\/wordpress\/wp-content\/uploads\/2023\/06\/IMG_3889-214x161.jpg 214w\" sizes=\"auto, (max-width: 1024px) 100vw, 1024px\" \/><\/a><\/figure>\n\n\n\n<figure class=\"wp-block-image size-large\"><a href=\"https:\/\/pflegezentrum-yspertal.at\/wordpress\/wp-content\/uploads\/2023\/06\/IMG_3904.jpg\"><img loading=\"lazy\" decoding=\"async\" width=\"1024\" height=\"768\" data-id=\"5479\" src=\"https:\/\/pflegezentrum-yspertal.at\/wordpress\/wp-content\/uploads\/2023\/06\/IMG_3904.jpg\" alt=\"\" class=\"wp-image-5479\" srcset=\"https:\/\/pflegezentrum-yspertal.at\/wordpress\/wp-content\/uploads\/2023\/06\/IMG_3904.jpg 1024w, https:\/\/pflegezentrum-yspertal.at\/wordpress\/wp-content\/uploads\/2023\/06\/IMG_3904-300x225.jpg 300w, https:\/\/pflegezentrum-yspertal.at\/wordpress\/wp-content\/uploads\/2023\/06\/IMG_3904-768x576.jpg 768w, https:\/\/pflegezentrum-yspertal.at\/wordpress\/wp-content\/uploads\/2023\/06\/IMG_3904-637x478.jpg 637w, https:\/\/pflegezentrum-yspertal.at\/wordpress\/wp-content\/uploads\/2023\/06\/IMG_3904-970x728.jpg 970w, https:\/\/pflegezentrum-yspertal.at\/wordpress\/wp-content\/uploads\/2023\/06\/IMG_3904-214x161.jpg 214w\" sizes=\"auto, (max-width: 1024px) 100vw, 1024px\" \/><\/a><\/figure>\n\n\n\n<figure class=\"wp-block-image size-large\"><a href=\"https:\/\/pflegezentrum-yspertal.at\/wordpress\/wp-content\/uploads\/2023\/06\/IMG_3908.jpg\"><img loading=\"lazy\" decoding=\"async\" width=\"1024\" height=\"768\" data-id=\"5480\" src=\"https:\/\/pflegezentrum-yspertal.at\/wordpress\/wp-content\/uploads\/2023\/06\/IMG_3908.jpg\" alt=\"\" class=\"wp-image-5480\" srcset=\"https:\/\/pflegezentrum-yspertal.at\/wordpress\/wp-content\/uploads\/2023\/06\/IMG_3908.jpg 1024w, https:\/\/pflegezentrum-yspertal.at\/wordpress\/wp-content\/uploads\/2023\/06\/IMG_3908-300x225.jpg 300w, https:\/\/pflegezentrum-yspertal.at\/wordpress\/wp-content\/uploads\/2023\/06\/IMG_3908-768x576.jpg 768w, https:\/\/pflegezentrum-yspertal.at\/wordpress\/wp-content\/uploads\/2023\/06\/IMG_3908-637x478.jpg 637w, https:\/\/pflegezentrum-yspertal.at\/wordpress\/wp-content\/uploads\/2023\/06\/IMG_3908-970x728.jpg 970w, https:\/\/pflegezentrum-yspertal.at\/wordpress\/wp-content\/uploads\/2023\/06\/IMG_3908-214x161.jpg 214w\" sizes=\"auto, (max-width: 1024px) 100vw, 1024px\" \/><\/a><\/figure>\n\n\n\n<figure class=\"wp-block-image size-large\"><a href=\"https:\/\/pflegezentrum-yspertal.at\/wordpress\/wp-content\/uploads\/2023\/06\/IMG_3913.jpg\"><img loading=\"lazy\" decoding=\"async\" width=\"1024\" height=\"768\" data-id=\"5481\" src=\"https:\/\/pflegezentrum-yspertal.at\/wordpress\/wp-content\/uploads\/2023\/06\/IMG_3913.jpg\" alt=\"\" class=\"wp-image-5481\" srcset=\"https:\/\/pflegezentrum-yspertal.at\/wordpress\/wp-content\/uploads\/2023\/06\/IMG_3913.jpg 1024w, https:\/\/pflegezentrum-yspertal.at\/wordpress\/wp-content\/uploads\/2023\/06\/IMG_3913-300x225.jpg 300w, https:\/\/pflegezentrum-yspertal.at\/wordpress\/wp-content\/uploads\/2023\/06\/IMG_3913-768x576.jpg 768w, https:\/\/pflegezentrum-yspertal.at\/wordpress\/wp-content\/uploads\/2023\/06\/IMG_3913-637x478.jpg 637w, https:\/\/pflegezentrum-yspertal.at\/wordpress\/wp-content\/uploads\/2023\/06\/IMG_3913-970x728.jpg 970w, https:\/\/pflegezentrum-yspertal.at\/wordpress\/wp-content\/uploads\/2023\/06\/IMG_3913-214x161.jpg 214w\" sizes=\"auto, (max-width: 1024px) 100vw, 1024px\" \/><\/a><\/figure>\n\n\n\n<figure class=\"wp-block-image size-large\"><a href=\"https:\/\/pflegezentrum-yspertal.at\/wordpress\/wp-content\/uploads\/2023\/06\/IMG_3919.jpg\"><img loading=\"lazy\" decoding=\"async\" width=\"1024\" height=\"768\" data-id=\"5482\" src=\"https:\/\/pflegezentrum-yspertal.at\/wordpress\/wp-content\/uploads\/2023\/06\/IMG_3919.jpg\" alt=\"\" class=\"wp-image-5482\" srcset=\"https:\/\/pflegezentrum-yspertal.at\/wordpress\/wp-content\/uploads\/2023\/06\/IMG_3919.jpg 1024w, https:\/\/pflegezentrum-yspertal.at\/wordpress\/wp-content\/uploads\/2023\/06\/IMG_3919-300x225.jpg 300w, https:\/\/pflegezentrum-yspertal.at\/wordpress\/wp-content\/uploads\/2023\/06\/IMG_3919-768x576.jpg 768w, https:\/\/pflegezentrum-yspertal.at\/wordpress\/wp-content\/uploads\/2023\/06\/IMG_3919-637x478.jpg 637w, https:\/\/pflegezentrum-yspertal.at\/wordpress\/wp-content\/uploads\/2023\/06\/IMG_3919-970x728.jpg 970w, https:\/\/pflegezentrum-yspertal.at\/wordpress\/wp-content\/uploads\/2023\/06\/IMG_3919-214x161.jpg 214w\" sizes=\"auto, (max-width: 1024px) 100vw, 1024px\" \/><\/a><\/figure>\n<\/figure>\n","protected":false},"excerpt":{"rendered":"<p>Am 20.6.2023 waren die Sch\u00fcler:innen der 2. Schulstufe der Sportmittelschule Yspertal bei uns im Haus, um den Abschluss des Schuljahres mit unseren Bewohner:innen zu feiern. Zu Beginn gab es zum Kaffee das mitgebrachte Tiramisu, das von den Sch\u00fcler:innen eigenh\u00e4ndig am Vortag in der Kochstunde zubereitet wurde. Die Sch\u00fcler:innen \u00fcberbrachten jede:r einzelnen Bewohner:in pers\u00f6nlich &nbsp;mit einem &#8230; <a title=\"Minisommerfest &#8211; Projekt der Sportmittelschule\" class=\"read-more\" href=\"https:\/\/pflegezentrum-yspertal.at\/wordpress\/minisommerfest-projekt-der-sportmittelschule\" aria-label=\"Mehr Informationen \u00fcber Minisommerfest &#8211; Projekt der Sportmittelschule\">Weiterlesen<\/a><\/p>\n","protected":false},"author":4,"featured_media":5470,"comment_status":"closed","ping_status":"closed","sticky":false,"template":"","format":"standard","meta":{"inline_featured_image":false,"footnotes":""},"categories":[1],"tags":[],"class_list":["post-5468","post","type-post","status-publish","format-standard","has-post-thumbnail","hentry","category-aktuelles"],"yoast_head":"<!-- This site is optimized with the Yoast SEO plugin v27.4 - https:\/\/yoast.com\/product\/yoast-seo-wordpress\/ -->\n<title>Minisommerfest - Projekt der Sportmittelschule - Pflegezentrum Yspertal<\/title>\n<meta name=\"robots\" content=\"index, follow, max-snippet:-1, max-image-preview:large, max-video-preview:-1\" \/>\n<link rel=\"canonical\" href=\"https:\/\/pflegezentrum-yspertal.at\/wordpress\/minisommerfest-projekt-der-sportmittelschule\" \/>\n<meta property=\"og:locale\" content=\"de_DE\" \/>\n<meta property=\"og:type\" content=\"article\" \/>\n<meta property=\"og:title\" content=\"Minisommerfest - Projekt der Sportmittelschule - Pflegezentrum Yspertal\" \/>\n<meta property=\"og:description\" content=\"Am 20.6.2023 waren die Sch\u00fcler:innen der 2. Schulstufe der Sportmittelschule Yspertal bei uns im Haus, um den Abschluss des Schuljahres mit unseren Bewohner:innen zu feiern. Zu Beginn gab es zum Kaffee das mitgebrachte Tiramisu, das von den Sch\u00fcler:innen eigenh\u00e4ndig am Vortag in der Kochstunde zubereitet wurde. Die Sch\u00fcler:innen \u00fcberbrachten jede:r einzelnen Bewohner:in pers\u00f6nlich &nbsp;mit einem ... Weiterlesen\" \/>\n<meta property=\"og:url\" content=\"https:\/\/pflegezentrum-yspertal.at\/wordpress\/minisommerfest-projekt-der-sportmittelschule\" \/>\n<meta property=\"og:site_name\" content=\"Pflegezentrum Yspertal\" \/>\n<meta property=\"article:published_time\" content=\"2023-06-20T07:52:14+00:00\" \/>\n<meta property=\"article:modified_time\" content=\"2024-03-01T09:54:32+00:00\" \/>\n<meta property=\"og:image\" content=\"https:\/\/pflegezentrum-yspertal.at\/wordpress\/wp-content\/uploads\/2023\/06\/IMG_3922.jpg\" \/>\n\t<meta property=\"og:image:width\" content=\"1024\" \/>\n\t<meta property=\"og:image:height\" content=\"768\" \/>\n\t<meta property=\"og:image:type\" content=\"image\/jpeg\" \/>\n<meta name=\"author\" content=\"yspertal\" \/>\n<meta name=\"twitter:card\" content=\"summary_large_image\" \/>\n<meta name=\"twitter:label1\" content=\"Verfasst von\" \/>\n\t<meta name=\"twitter:data1\" content=\"yspertal\" \/>\n\t<meta name=\"twitter:label2\" content=\"Gesch\u00e4tzte Lesezeit\" \/>\n\t<meta name=\"twitter:data2\" content=\"4\u00a0Minuten\" \/>\n<script type=\"application\/ld+json\" class=\"yoast-schema-graph\">{\"@context\":\"https:\\\/\\\/schema.org\",\"@graph\":[{\"@type\":\"Article\",\"@id\":\"https:\\\/\\\/pflegezentrum-yspertal.at\\\/wordpress\\\/minisommerfest-projekt-der-sportmittelschule#article\",\"isPartOf\":{\"@id\":\"https:\\\/\\\/pflegezentrum-yspertal.at\\\/wordpress\\\/minisommerfest-projekt-der-sportmittelschule\"},\"author\":{\"name\":\"yspertal\",\"@id\":\"https:\\\/\\\/yspertal.netzspinnerei.at\\\/#\\\/schema\\\/person\\\/0438af216aae016d571caa687d414651\"},\"headline\":\"Minisommerfest &#8211; Projekt der Sportmittelschule\",\"datePublished\":\"2023-06-20T07:52:14+00:00\",\"dateModified\":\"2024-03-01T09:54:32+00:00\",\"mainEntityOfPage\":{\"@id\":\"https:\\\/\\\/pflegezentrum-yspertal.at\\\/wordpress\\\/minisommerfest-projekt-der-sportmittelschule\"},\"wordCount\":160,\"publisher\":{\"@id\":\"https:\\\/\\\/yspertal.netzspinnerei.at\\\/#organization\"},\"image\":{\"@id\":\"https:\\\/\\\/pflegezentrum-yspertal.at\\\/wordpress\\\/minisommerfest-projekt-der-sportmittelschule#primaryimage\"},\"thumbnailUrl\":\"https:\\\/\\\/pflegezentrum-yspertal.at\\\/wordpress\\\/wp-content\\\/uploads\\\/2023\\\/06\\\/IMG_3922.jpg\",\"articleSection\":[\"Aktuelles\"],\"inLanguage\":\"de\"},{\"@type\":\"WebPage\",\"@id\":\"https:\\\/\\\/pflegezentrum-yspertal.at\\\/wordpress\\\/minisommerfest-projekt-der-sportmittelschule\",\"url\":\"https:\\\/\\\/pflegezentrum-yspertal.at\\\/wordpress\\\/minisommerfest-projekt-der-sportmittelschule\",\"name\":\"Minisommerfest - Projekt der Sportmittelschule - Pflegezentrum Yspertal\",\"isPartOf\":{\"@id\":\"https:\\\/\\\/yspertal.netzspinnerei.at\\\/#website\"},\"primaryImageOfPage\":{\"@id\":\"https:\\\/\\\/pflegezentrum-yspertal.at\\\/wordpress\\\/minisommerfest-projekt-der-sportmittelschule#primaryimage\"},\"image\":{\"@id\":\"https:\\\/\\\/pflegezentrum-yspertal.at\\\/wordpress\\\/minisommerfest-projekt-der-sportmittelschule#primaryimage\"},\"thumbnailUrl\":\"https:\\\/\\\/pflegezentrum-yspertal.at\\\/wordpress\\\/wp-content\\\/uploads\\\/2023\\\/06\\\/IMG_3922.jpg\",\"datePublished\":\"2023-06-20T07:52:14+00:00\",\"dateModified\":\"2024-03-01T09:54:32+00:00\",\"breadcrumb\":{\"@id\":\"https:\\\/\\\/pflegezentrum-yspertal.at\\\/wordpress\\\/minisommerfest-projekt-der-sportmittelschule#breadcrumb\"},\"inLanguage\":\"de\",\"potentialAction\":[{\"@type\":\"ReadAction\",\"target\":[\"https:\\\/\\\/pflegezentrum-yspertal.at\\\/wordpress\\\/minisommerfest-projekt-der-sportmittelschule\"]}]},{\"@type\":\"ImageObject\",\"inLanguage\":\"de\",\"@id\":\"https:\\\/\\\/pflegezentrum-yspertal.at\\\/wordpress\\\/minisommerfest-projekt-der-sportmittelschule#primaryimage\",\"url\":\"https:\\\/\\\/pflegezentrum-yspertal.at\\\/wordpress\\\/wp-content\\\/uploads\\\/2023\\\/06\\\/IMG_3922.jpg\",\"contentUrl\":\"https:\\\/\\\/pflegezentrum-yspertal.at\\\/wordpress\\\/wp-content\\\/uploads\\\/2023\\\/06\\\/IMG_3922.jpg\",\"width\":1024,\"height\":768},{\"@type\":\"BreadcrumbList\",\"@id\":\"https:\\\/\\\/pflegezentrum-yspertal.at\\\/wordpress\\\/minisommerfest-projekt-der-sportmittelschule#breadcrumb\",\"itemListElement\":[{\"@type\":\"ListItem\",\"position\":1,\"name\":\"Home\",\"item\":\"https:\\\/\\\/pflegezentrum-yspertal.at\\\/wordpress\\\/\"},{\"@type\":\"ListItem\",\"position\":2,\"name\":\"Aktuelles\",\"item\":\"https:\\\/\\\/yspertal.netzspinnerei.at\\\/category\\\/aktuelles\"},{\"@type\":\"ListItem\",\"position\":3,\"name\":\"Minisommerfest &#8211; Projekt der Sportmittelschule\"}]},{\"@type\":\"WebSite\",\"@id\":\"https:\\\/\\\/yspertal.netzspinnerei.at\\\/#website\",\"url\":\"https:\\\/\\\/yspertal.netzspinnerei.at\\\/\",\"name\":\"Pflegezentrum Yspertal\",\"description\":\"\",\"publisher\":{\"@id\":\"https:\\\/\\\/yspertal.netzspinnerei.at\\\/#organization\"},\"potentialAction\":[{\"@type\":\"SearchAction\",\"target\":{\"@type\":\"EntryPoint\",\"urlTemplate\":\"https:\\\/\\\/yspertal.netzspinnerei.at\\\/?s={search_term_string}\"},\"query-input\":{\"@type\":\"PropertyValueSpecification\",\"valueRequired\":true,\"valueName\":\"search_term_string\"}}],\"inLanguage\":\"de\"},{\"@type\":\"Organization\",\"@id\":\"https:\\\/\\\/yspertal.netzspinnerei.at\\\/#organization\",\"name\":\"Pflegezentrum Yspertal\",\"url\":\"https:\\\/\\\/yspertal.netzspinnerei.at\\\/\",\"logo\":{\"@type\":\"ImageObject\",\"inLanguage\":\"de\",\"@id\":\"https:\\\/\\\/yspertal.netzspinnerei.at\\\/#\\\/schema\\\/logo\\\/image\\\/\",\"url\":\"https:\\\/\\\/pflegezentrum-yspertal.at\\\/wordpress\\\/wp-content\\\/uploads\\\/2023\\\/10\\\/Logo-Border.jpg\",\"contentUrl\":\"https:\\\/\\\/pflegezentrum-yspertal.at\\\/wordpress\\\/wp-content\\\/uploads\\\/2023\\\/10\\\/Logo-Border.jpg\",\"width\":787,\"height\":102,\"caption\":\"Pflegezentrum Yspertal\"},\"image\":{\"@id\":\"https:\\\/\\\/yspertal.netzspinnerei.at\\\/#\\\/schema\\\/logo\\\/image\\\/\"}},{\"@type\":\"Person\",\"@id\":\"https:\\\/\\\/yspertal.netzspinnerei.at\\\/#\\\/schema\\\/person\\\/0438af216aae016d571caa687d414651\",\"name\":\"yspertal\",\"image\":{\"@type\":\"ImageObject\",\"inLanguage\":\"de\",\"@id\":\"https:\\\/\\\/secure.gravatar.com\\\/avatar\\\/d6d6f149f3e4dfd0fec95c58d9bf27d576441d81faa3399f60eebaa71358d6a9?s=96&d=mm&r=g\",\"url\":\"https:\\\/\\\/secure.gravatar.com\\\/avatar\\\/d6d6f149f3e4dfd0fec95c58d9bf27d576441d81faa3399f60eebaa71358d6a9?s=96&d=mm&r=g\",\"contentUrl\":\"https:\\\/\\\/secure.gravatar.com\\\/avatar\\\/d6d6f149f3e4dfd0fec95c58d9bf27d576441d81faa3399f60eebaa71358d6a9?s=96&d=mm&r=g\",\"caption\":\"yspertal\"},\"url\":\"https:\\\/\\\/pflegezentrum-yspertal.at\\\/wordpress\\\/author\\\/yspertal\"}]}<\/script>\n<!-- \/ Yoast SEO plugin. -->","yoast_head_json":{"title":"Minisommerfest - Projekt der Sportmittelschule - Pflegezentrum Yspertal","robots":{"index":"index","follow":"follow","max-snippet":"max-snippet:-1","max-image-preview":"max-image-preview:large","max-video-preview":"max-video-preview:-1"},"canonical":"https:\/\/pflegezentrum-yspertal.at\/wordpress\/minisommerfest-projekt-der-sportmittelschule","og_locale":"de_DE","og_type":"article","og_title":"Minisommerfest - Projekt der Sportmittelschule - Pflegezentrum Yspertal","og_description":"Am 20.6.2023 waren die Sch\u00fcler:innen der 2. Schulstufe der Sportmittelschule Yspertal bei uns im Haus, um den Abschluss des Schuljahres mit unseren Bewohner:innen zu feiern. Zu Beginn gab es zum Kaffee das mitgebrachte Tiramisu, das von den Sch\u00fcler:innen eigenh\u00e4ndig am Vortag in der Kochstunde zubereitet wurde. Die Sch\u00fcler:innen \u00fcberbrachten jede:r einzelnen Bewohner:in pers\u00f6nlich &nbsp;mit einem ... Weiterlesen","og_url":"https:\/\/pflegezentrum-yspertal.at\/wordpress\/minisommerfest-projekt-der-sportmittelschule","og_site_name":"Pflegezentrum Yspertal","article_published_time":"2023-06-20T07:52:14+00:00","article_modified_time":"2024-03-01T09:54:32+00:00","og_image":[{"width":1024,"height":768,"url":"https:\/\/pflegezentrum-yspertal.at\/wordpress\/wp-content\/uploads\/2023\/06\/IMG_3922.jpg","type":"image\/jpeg"}],"author":"yspertal","twitter_card":"summary_large_image","twitter_misc":{"Verfasst von":"yspertal","Gesch\u00e4tzte Lesezeit":"4\u00a0Minuten"},"schema":{"@context":"https:\/\/schema.org","@graph":[{"@type":"Article","@id":"https:\/\/pflegezentrum-yspertal.at\/wordpress\/minisommerfest-projekt-der-sportmittelschule#article","isPartOf":{"@id":"https:\/\/pflegezentrum-yspertal.at\/wordpress\/minisommerfest-projekt-der-sportmittelschule"},"author":{"name":"yspertal","@id":"https:\/\/yspertal.netzspinnerei.at\/#\/schema\/person\/0438af216aae016d571caa687d414651"},"headline":"Minisommerfest &#8211; Projekt der Sportmittelschule","datePublished":"2023-06-20T07:52:14+00:00","dateModified":"2024-03-01T09:54:32+00:00","mainEntityOfPage":{"@id":"https:\/\/pflegezentrum-yspertal.at\/wordpress\/minisommerfest-projekt-der-sportmittelschule"},"wordCount":160,"publisher":{"@id":"https:\/\/yspertal.netzspinnerei.at\/#organization"},"image":{"@id":"https:\/\/pflegezentrum-yspertal.at\/wordpress\/minisommerfest-projekt-der-sportmittelschule#primaryimage"},"thumbnailUrl":"https:\/\/pflegezentrum-yspertal.at\/wordpress\/wp-content\/uploads\/2023\/06\/IMG_3922.jpg","articleSection":["Aktuelles"],"inLanguage":"de"},{"@type":"WebPage","@id":"https:\/\/pflegezentrum-yspertal.at\/wordpress\/minisommerfest-projekt-der-sportmittelschule","url":"https:\/\/pflegezentrum-yspertal.at\/wordpress\/minisommerfest-projekt-der-sportmittelschule","name":"Minisommerfest - Projekt der Sportmittelschule - Pflegezentrum Yspertal","isPartOf":{"@id":"https:\/\/yspertal.netzspinnerei.at\/#website"},"primaryImageOfPage":{"@id":"https:\/\/pflegezentrum-yspertal.at\/wordpress\/minisommerfest-projekt-der-sportmittelschule#primaryimage"},"image":{"@id":"https:\/\/pflegezentrum-yspertal.at\/wordpress\/minisommerfest-projekt-der-sportmittelschule#primaryimage"},"thumbnailUrl":"https:\/\/pflegezentrum-yspertal.at\/wordpress\/wp-content\/uploads\/2023\/06\/IMG_3922.jpg","datePublished":"2023-06-20T07:52:14+00:00","dateModified":"2024-03-01T09:54:32+00:00","breadcrumb":{"@id":"https:\/\/pflegezentrum-yspertal.at\/wordpress\/minisommerfest-projekt-der-sportmittelschule#breadcrumb"},"inLanguage":"de","potentialAction":[{"@type":"ReadAction","target":["https:\/\/pflegezentrum-yspertal.at\/wordpress\/minisommerfest-projekt-der-sportmittelschule"]}]},{"@type":"ImageObject","inLanguage":"de","@id":"https:\/\/pflegezentrum-yspertal.at\/wordpress\/minisommerfest-projekt-der-sportmittelschule#primaryimage","url":"https:\/\/pflegezentrum-yspertal.at\/wordpress\/wp-content\/uploads\/2023\/06\/IMG_3922.jpg","contentUrl":"https:\/\/pflegezentrum-yspertal.at\/wordpress\/wp-content\/uploads\/2023\/06\/IMG_3922.jpg","width":1024,"height":768},{"@type":"BreadcrumbList","@id":"https:\/\/pflegezentrum-yspertal.at\/wordpress\/minisommerfest-projekt-der-sportmittelschule#breadcrumb","itemListElement":[{"@type":"ListItem","position":1,"name":"Home","item":"https:\/\/pflegezentrum-yspertal.at\/wordpress\/"},{"@type":"ListItem","position":2,"name":"Aktuelles","item":"https:\/\/yspertal.netzspinnerei.at\/category\/aktuelles"},{"@type":"ListItem","position":3,"name":"Minisommerfest &#8211; Projekt der Sportmittelschule"}]},{"@type":"WebSite","@id":"https:\/\/yspertal.netzspinnerei.at\/#website","url":"https:\/\/yspertal.netzspinnerei.at\/","name":"Pflegezentrum Yspertal","description":"","publisher":{"@id":"https:\/\/yspertal.netzspinnerei.at\/#organization"},"potentialAction":[{"@type":"SearchAction","target":{"@type":"EntryPoint","urlTemplate":"https:\/\/yspertal.netzspinnerei.at\/?s={search_term_string}"},"query-input":{"@type":"PropertyValueSpecification","valueRequired":true,"valueName":"search_term_string"}}],"inLanguage":"de"},{"@type":"Organization","@id":"https:\/\/yspertal.netzspinnerei.at\/#organization","name":"Pflegezentrum Yspertal","url":"https:\/\/yspertal.netzspinnerei.at\/","logo":{"@type":"ImageObject","inLanguage":"de","@id":"https:\/\/yspertal.netzspinnerei.at\/#\/schema\/logo\/image\/","url":"https:\/\/pflegezentrum-yspertal.at\/wordpress\/wp-content\/uploads\/2023\/10\/Logo-Border.jpg","contentUrl":"https:\/\/pflegezentrum-yspertal.at\/wordpress\/wp-content\/uploads\/2023\/10\/Logo-Border.jpg","width":787,"height":102,"caption":"Pflegezentrum Yspertal"},"image":{"@id":"https:\/\/yspertal.netzspinnerei.at\/#\/schema\/logo\/image\/"}},{"@type":"Person","@id":"https:\/\/yspertal.netzspinnerei.at\/#\/schema\/person\/0438af216aae016d571caa687d414651","name":"yspertal","image":{"@type":"ImageObject","inLanguage":"de","@id":"https:\/\/secure.gravatar.com\/avatar\/d6d6f149f3e4dfd0fec95c58d9bf27d576441d81faa3399f60eebaa71358d6a9?s=96&d=mm&r=g","url":"https:\/\/secure.gravatar.com\/avatar\/d6d6f149f3e4dfd0fec95c58d9bf27d576441d81faa3399f60eebaa71358d6a9?s=96&d=mm&r=g","contentUrl":"https:\/\/secure.gravatar.com\/avatar\/d6d6f149f3e4dfd0fec95c58d9bf27d576441d81faa3399f60eebaa71358d6a9?s=96&d=mm&r=g","caption":"yspertal"},"url":"https:\/\/pflegezentrum-yspertal.at\/wordpress\/author\/yspertal"}]}},"_links":{"self":[{"href":"https:\/\/pflegezentrum-yspertal.at\/wordpress\/wp-json\/wp\/v2\/posts\/5468","targetHints":{"allow":["GET"]}}],"collection":[{"href":"https:\/\/pflegezentrum-yspertal.at\/wordpress\/wp-json\/wp\/v2\/posts"}],"about":[{"href":"https:\/\/pflegezentrum-yspertal.at\/wordpress\/wp-json\/wp\/v2\/types\/post"}],"author":[{"embeddable":true,"href":"https:\/\/pflegezentrum-yspertal.at\/wordpress\/wp-json\/wp\/v2\/users\/4"}],"replies":[{"embeddable":true,"href":"https:\/\/pflegezentrum-yspertal.at\/wordpress\/wp-json\/wp\/v2\/comments?post=5468"}],"version-history":[{"count":1,"href":"https:\/\/pflegezentrum-yspertal.at\/wordpress\/wp-json\/wp\/v2\/posts\/5468\/revisions"}],"predecessor-version":[{"id":5483,"href":"https:\/\/pflegezentrum-yspertal.at\/wordpress\/wp-json\/wp\/v2\/posts\/5468\/revisions\/5483"}],"wp:featuredmedia":[{"embeddable":true,"href":"https:\/\/pflegezentrum-yspertal.at\/wordpress\/wp-json\/wp\/v2\/media\/5470"}],"wp:attachment":[{"href":"https:\/\/pflegezentrum-yspertal.at\/wordpress\/wp-json\/wp\/v2\/media?parent=5468"}],"wp:term":[{"taxonomy":"category","embeddable":true,"href":"https:\/\/pflegezentrum-yspertal.at\/wordpress\/wp-json\/wp\/v2\/categories?post=5468"},{"taxonomy":"post_tag","embeddable":true,"href":"https:\/\/pflegezentrum-yspertal.at\/wordpress\/wp-json\/wp\/v2\/tags?post=5468"}],"curies":[{"name":"wp","href":"https:\/\/api.w.org\/{rel}","templated":true}]}}