{"id":5460,"date":"2023-06-14T10:37:30","date_gmt":"2023-06-14T10:37:30","guid":{"rendered":"https:\/\/pflegezentrum-yspertal.at\/wordpress\/?p=5460"},"modified":"2024-03-01T09:55:52","modified_gmt":"2024-03-01T09:55:52","slug":"bitte-zu-tisch-genuss-verbindet-3","status":"publish","type":"post","link":"https:\/\/pflegezentrum-yspertal.at\/wordpress\/bitte-zu-tisch-genuss-verbindet-3","title":{"rendered":"Bitte zu Tisch &#8211; Genuss verbindet"},"content":{"rendered":"\n<p>Am 14.06.2023 fand die Veranstaltung \u201eBitte zu Tisch \u2013 Genuss verbindet\u201c f\u00fcr unsere Bewohner:innen statt.<\/p>\n\n\n\n<p>Die Pflege- und Betreuungsleitung Claudia Selberherr und K\u00fcchenleiter Gerhard Wurzer informierten unsere Bewohnerinnen und Bewohner \u00fcber die letzten beiden Workshops der \u201eVitalk\u00fcche Tut gut\u201c. Die Men\u00fclinien<\/p>\n\n\n\n<p>Die Bewohner:innen haben bereits die positiven Ver\u00e4nderungen auf den Speisepl\u00e4nen bemerkt und gaben sehr positives Feedback. Im Anschluss erfolgte die gemeinsame Verkostung von selbstgemachten Brotaufstrichen, die k\u00fcnftig im Speiseplan aufgenommen werden. Es gab Gr\u00fcnkernaufstrich, Gem\u00fcseaufstrich, Avocadoaufstrich und einen Rote Linsenaufstrich. Dazu gab es eine neue Sorte Roggenbrot.<\/p>\n\n\n\n<p>Die Aufstriche wurden von den Bewohner:innen sehr gut angenommen.<\/p>\n\n\n\n<figure class=\"wp-block-gallery has-nested-images columns-default is-cropped wp-block-gallery-1 is-layout-flex wp-block-gallery-is-layout-flex\">\n<figure class=\"wp-block-image size-large\"><a href=\"https:\/\/pflegezentrum-yspertal.at\/wordpress\/wp-content\/uploads\/2023\/06\/20230614_130019.jpg\"><img loading=\"lazy\" decoding=\"async\" width=\"345\" height=\"768\" data-id=\"5461\" src=\"https:\/\/pflegezentrum-yspertal.at\/wordpress\/wp-content\/uploads\/2023\/06\/20230614_130019.jpg\" alt=\"\" class=\"wp-image-5461\" srcset=\"https:\/\/pflegezentrum-yspertal.at\/wordpress\/wp-content\/uploads\/2023\/06\/20230614_130019.jpg 345w, https:\/\/pflegezentrum-yspertal.at\/wordpress\/wp-content\/uploads\/2023\/06\/20230614_130019-135x300.jpg 135w, https:\/\/pflegezentrum-yspertal.at\/wordpress\/wp-content\/uploads\/2023\/06\/20230614_130019-214x476.jpg 214w\" sizes=\"auto, (max-width: 345px) 100vw, 345px\" \/><\/a><\/figure>\n\n\n\n<figure class=\"wp-block-image size-large\"><a href=\"https:\/\/pflegezentrum-yspertal.at\/wordpress\/wp-content\/uploads\/2023\/06\/20230614_125911.jpg\"><img loading=\"lazy\" decoding=\"async\" width=\"1024\" height=\"460\" data-id=\"5462\" src=\"https:\/\/pflegezentrum-yspertal.at\/wordpress\/wp-content\/uploads\/2023\/06\/20230614_125911.jpg\" alt=\"\" class=\"wp-image-5462\" srcset=\"https:\/\/pflegezentrum-yspertal.at\/wordpress\/wp-content\/uploads\/2023\/06\/20230614_125911.jpg 1024w, https:\/\/pflegezentrum-yspertal.at\/wordpress\/wp-content\/uploads\/2023\/06\/20230614_125911-350x157.jpg 350w, https:\/\/pflegezentrum-yspertal.at\/wordpress\/wp-content\/uploads\/2023\/06\/20230614_125911-768x345.jpg 768w, https:\/\/pflegezentrum-yspertal.at\/wordpress\/wp-content\/uploads\/2023\/06\/20230614_125911-300x135.jpg 300w, https:\/\/pflegezentrum-yspertal.at\/wordpress\/wp-content\/uploads\/2023\/06\/20230614_125911-637x286.jpg 637w, https:\/\/pflegezentrum-yspertal.at\/wordpress\/wp-content\/uploads\/2023\/06\/20230614_125911-970x436.jpg 970w, https:\/\/pflegezentrum-yspertal.at\/wordpress\/wp-content\/uploads\/2023\/06\/20230614_125911-214x96.jpg 214w, https:\/\/pflegezentrum-yspertal.at\/wordpress\/wp-content\/uploads\/2023\/06\/20230614_125911-154x70.jpg 154w\" sizes=\"auto, (max-width: 1024px) 100vw, 1024px\" \/><\/a><\/figure>\n\n\n\n<figure class=\"wp-block-image size-large\"><a href=\"https:\/\/pflegezentrum-yspertal.at\/wordpress\/wp-content\/uploads\/2023\/06\/20230614_125954.jpg\"><img loading=\"lazy\" decoding=\"async\" width=\"1024\" height=\"460\" data-id=\"5463\" src=\"https:\/\/pflegezentrum-yspertal.at\/wordpress\/wp-content\/uploads\/2023\/06\/20230614_125954.jpg\" alt=\"\" class=\"wp-image-5463\" srcset=\"https:\/\/pflegezentrum-yspertal.at\/wordpress\/wp-content\/uploads\/2023\/06\/20230614_125954.jpg 1024w, https:\/\/pflegezentrum-yspertal.at\/wordpress\/wp-content\/uploads\/2023\/06\/20230614_125954-300x135.jpg 300w, https:\/\/pflegezentrum-yspertal.at\/wordpress\/wp-content\/uploads\/2023\/06\/20230614_125954-768x345.jpg 768w, https:\/\/pflegezentrum-yspertal.at\/wordpress\/wp-content\/uploads\/2023\/06\/20230614_125954-637x286.jpg 637w, https:\/\/pflegezentrum-yspertal.at\/wordpress\/wp-content\/uploads\/2023\/06\/20230614_125954-970x436.jpg 970w, https:\/\/pflegezentrum-yspertal.at\/wordpress\/wp-content\/uploads\/2023\/06\/20230614_125954-214x96.jpg 214w, https:\/\/pflegezentrum-yspertal.at\/wordpress\/wp-content\/uploads\/2023\/06\/20230614_125954-154x70.jpg 154w\" sizes=\"auto, (max-width: 1024px) 100vw, 1024px\" \/><\/a><\/figure>\n<\/figure>\n\n\n\n<figure class=\"wp-block-gallery has-nested-images columns-default is-cropped wp-block-gallery-2 is-layout-flex wp-block-gallery-is-layout-flex\">\n<figure class=\"wp-block-image size-large\"><a href=\"https:\/\/pflegezentrum-yspertal.at\/wordpress\/wp-content\/uploads\/2023\/06\/20230614_130255-scaled.jpg\"><img loading=\"lazy\" decoding=\"async\" width=\"1024\" height=\"461\" data-id=\"5465\" src=\"https:\/\/pflegezentrum-yspertal.at\/wordpress\/wp-content\/uploads\/2023\/06\/20230614_130255-1024x461.jpg\" alt=\"\" class=\"wp-image-5465\" srcset=\"https:\/\/pflegezentrum-yspertal.at\/wordpress\/wp-content\/uploads\/2023\/06\/20230614_130255-1024x461.jpg 1024w, https:\/\/pflegezentrum-yspertal.at\/wordpress\/wp-content\/uploads\/2023\/06\/20230614_130255-300x135.jpg 300w, https:\/\/pflegezentrum-yspertal.at\/wordpress\/wp-content\/uploads\/2023\/06\/20230614_130255-768x346.jpg 768w, https:\/\/pflegezentrum-yspertal.at\/wordpress\/wp-content\/uploads\/2023\/06\/20230614_130255-1536x691.jpg 1536w, https:\/\/pflegezentrum-yspertal.at\/wordpress\/wp-content\/uploads\/2023\/06\/20230614_130255-2048x922.jpg 2048w, https:\/\/pflegezentrum-yspertal.at\/wordpress\/wp-content\/uploads\/2023\/06\/20230614_130255-637x287.jpg 637w, https:\/\/pflegezentrum-yspertal.at\/wordpress\/wp-content\/uploads\/2023\/06\/20230614_130255-970x437.jpg 970w, https:\/\/pflegezentrum-yspertal.at\/wordpress\/wp-content\/uploads\/2023\/06\/20230614_130255-214x96.jpg 214w, https:\/\/pflegezentrum-yspertal.at\/wordpress\/wp-content\/uploads\/2023\/06\/20230614_130255-154x70.jpg 154w\" sizes=\"auto, (max-width: 1024px) 100vw, 1024px\" \/><\/a><\/figure>\n<\/figure>\n","protected":false},"excerpt":{"rendered":"<p>Am 14.06.2023 fand die Veranstaltung \u201eBitte zu Tisch \u2013 Genuss verbindet\u201c f\u00fcr unsere Bewohner:innen statt. Die Pflege- und Betreuungsleitung Claudia Selberherr und K\u00fcchenleiter Gerhard Wurzer informierten unsere Bewohnerinnen und Bewohner \u00fcber die letzten beiden Workshops der \u201eVitalk\u00fcche Tut gut\u201c. Die Men\u00fclinien Die Bewohner:innen haben bereits die positiven Ver\u00e4nderungen auf den Speisepl\u00e4nen bemerkt und gaben sehr &#8230; <a title=\"Bitte zu Tisch &#8211; Genuss verbindet\" class=\"read-more\" href=\"https:\/\/pflegezentrum-yspertal.at\/wordpress\/bitte-zu-tisch-genuss-verbindet-3\" aria-label=\"Mehr Informationen \u00fcber Bitte zu Tisch &#8211; Genuss verbindet\">Weiterlesen<\/a><\/p>\n","protected":false},"author":4,"featured_media":5462,"comment_status":"closed","ping_status":"closed","sticky":false,"template":"","format":"standard","meta":{"inline_featured_image":false,"footnotes":""},"categories":[1],"tags":[],"class_list":["post-5460","post","type-post","status-publish","format-standard","has-post-thumbnail","hentry","category-aktuelles"],"yoast_head":"<!-- This site is optimized with the Yoast SEO plugin v27.4 - https:\/\/yoast.com\/product\/yoast-seo-wordpress\/ -->\n<title>Bitte zu Tisch - Genuss verbindet - Pflegezentrum Yspertal<\/title>\n<meta name=\"robots\" content=\"index, follow, max-snippet:-1, max-image-preview:large, max-video-preview:-1\" \/>\n<link rel=\"canonical\" href=\"https:\/\/pflegezentrum-yspertal.at\/wordpress\/bitte-zu-tisch-genuss-verbindet-3\" \/>\n<meta property=\"og:locale\" content=\"de_DE\" \/>\n<meta property=\"og:type\" content=\"article\" \/>\n<meta property=\"og:title\" content=\"Bitte zu Tisch - Genuss verbindet - Pflegezentrum Yspertal\" \/>\n<meta property=\"og:description\" content=\"Am 14.06.2023 fand die Veranstaltung \u201eBitte zu Tisch \u2013 Genuss verbindet\u201c f\u00fcr unsere Bewohner:innen statt. Die Pflege- und Betreuungsleitung Claudia Selberherr und K\u00fcchenleiter Gerhard Wurzer informierten unsere Bewohnerinnen und Bewohner \u00fcber die letzten beiden Workshops der \u201eVitalk\u00fcche Tut gut\u201c. Die Men\u00fclinien Die Bewohner:innen haben bereits die positiven Ver\u00e4nderungen auf den Speisepl\u00e4nen bemerkt und gaben sehr ... Weiterlesen\" \/>\n<meta property=\"og:url\" content=\"https:\/\/pflegezentrum-yspertal.at\/wordpress\/bitte-zu-tisch-genuss-verbindet-3\" \/>\n<meta property=\"og:site_name\" content=\"Pflegezentrum Yspertal\" \/>\n<meta property=\"article:published_time\" content=\"2023-06-14T10:37:30+00:00\" \/>\n<meta property=\"article:modified_time\" content=\"2024-03-01T09:55:52+00:00\" \/>\n<meta property=\"og:image\" content=\"https:\/\/pflegezentrum-yspertal.at\/wordpress\/wp-content\/uploads\/2023\/06\/20230614_125911.jpg\" \/>\n\t<meta property=\"og:image:width\" content=\"1024\" \/>\n\t<meta property=\"og:image:height\" content=\"460\" \/>\n\t<meta property=\"og:image:type\" content=\"image\/jpeg\" \/>\n<meta name=\"author\" content=\"yspertal\" \/>\n<meta name=\"twitter:card\" content=\"summary_large_image\" \/>\n<meta name=\"twitter:label1\" content=\"Verfasst von\" \/>\n\t<meta name=\"twitter:data1\" content=\"yspertal\" \/>\n\t<meta name=\"twitter:label2\" content=\"Gesch\u00e4tzte Lesezeit\" \/>\n\t<meta name=\"twitter:data2\" content=\"2\u00a0Minuten\" \/>\n<script type=\"application\/ld+json\" class=\"yoast-schema-graph\">{\"@context\":\"https:\\\/\\\/schema.org\",\"@graph\":[{\"@type\":\"Article\",\"@id\":\"https:\\\/\\\/pflegezentrum-yspertal.at\\\/wordpress\\\/bitte-zu-tisch-genuss-verbindet-3#article\",\"isPartOf\":{\"@id\":\"https:\\\/\\\/pflegezentrum-yspertal.at\\\/wordpress\\\/bitte-zu-tisch-genuss-verbindet-3\"},\"author\":{\"name\":\"yspertal\",\"@id\":\"https:\\\/\\\/yspertal.netzspinnerei.at\\\/#\\\/schema\\\/person\\\/0438af216aae016d571caa687d414651\"},\"headline\":\"Bitte zu Tisch &#8211; Genuss verbindet\",\"datePublished\":\"2023-06-14T10:37:30+00:00\",\"dateModified\":\"2024-03-01T09:55:52+00:00\",\"mainEntityOfPage\":{\"@id\":\"https:\\\/\\\/pflegezentrum-yspertal.at\\\/wordpress\\\/bitte-zu-tisch-genuss-verbindet-3\"},\"wordCount\":113,\"publisher\":{\"@id\":\"https:\\\/\\\/yspertal.netzspinnerei.at\\\/#organization\"},\"image\":{\"@id\":\"https:\\\/\\\/pflegezentrum-yspertal.at\\\/wordpress\\\/bitte-zu-tisch-genuss-verbindet-3#primaryimage\"},\"thumbnailUrl\":\"https:\\\/\\\/pflegezentrum-yspertal.at\\\/wordpress\\\/wp-content\\\/uploads\\\/2023\\\/06\\\/20230614_125911.jpg\",\"articleSection\":[\"Aktuelles\"],\"inLanguage\":\"de\"},{\"@type\":\"WebPage\",\"@id\":\"https:\\\/\\\/pflegezentrum-yspertal.at\\\/wordpress\\\/bitte-zu-tisch-genuss-verbindet-3\",\"url\":\"https:\\\/\\\/pflegezentrum-yspertal.at\\\/wordpress\\\/bitte-zu-tisch-genuss-verbindet-3\",\"name\":\"Bitte zu Tisch - Genuss verbindet - Pflegezentrum Yspertal\",\"isPartOf\":{\"@id\":\"https:\\\/\\\/yspertal.netzspinnerei.at\\\/#website\"},\"primaryImageOfPage\":{\"@id\":\"https:\\\/\\\/pflegezentrum-yspertal.at\\\/wordpress\\\/bitte-zu-tisch-genuss-verbindet-3#primaryimage\"},\"image\":{\"@id\":\"https:\\\/\\\/pflegezentrum-yspertal.at\\\/wordpress\\\/bitte-zu-tisch-genuss-verbindet-3#primaryimage\"},\"thumbnailUrl\":\"https:\\\/\\\/pflegezentrum-yspertal.at\\\/wordpress\\\/wp-content\\\/uploads\\\/2023\\\/06\\\/20230614_125911.jpg\",\"datePublished\":\"2023-06-14T10:37:30+00:00\",\"dateModified\":\"2024-03-01T09:55:52+00:00\",\"breadcrumb\":{\"@id\":\"https:\\\/\\\/pflegezentrum-yspertal.at\\\/wordpress\\\/bitte-zu-tisch-genuss-verbindet-3#breadcrumb\"},\"inLanguage\":\"de\",\"potentialAction\":[{\"@type\":\"ReadAction\",\"target\":[\"https:\\\/\\\/pflegezentrum-yspertal.at\\\/wordpress\\\/bitte-zu-tisch-genuss-verbindet-3\"]}]},{\"@type\":\"ImageObject\",\"inLanguage\":\"de\",\"@id\":\"https:\\\/\\\/pflegezentrum-yspertal.at\\\/wordpress\\\/bitte-zu-tisch-genuss-verbindet-3#primaryimage\",\"url\":\"https:\\\/\\\/pflegezentrum-yspertal.at\\\/wordpress\\\/wp-content\\\/uploads\\\/2023\\\/06\\\/20230614_125911.jpg\",\"contentUrl\":\"https:\\\/\\\/pflegezentrum-yspertal.at\\\/wordpress\\\/wp-content\\\/uploads\\\/2023\\\/06\\\/20230614_125911.jpg\",\"width\":1024,\"height\":460},{\"@type\":\"BreadcrumbList\",\"@id\":\"https:\\\/\\\/pflegezentrum-yspertal.at\\\/wordpress\\\/bitte-zu-tisch-genuss-verbindet-3#breadcrumb\",\"itemListElement\":[{\"@type\":\"ListItem\",\"position\":1,\"name\":\"Home\",\"item\":\"https:\\\/\\\/pflegezentrum-yspertal.at\\\/wordpress\\\/\"},{\"@type\":\"ListItem\",\"position\":2,\"name\":\"Aktuelles\",\"item\":\"https:\\\/\\\/yspertal.netzspinnerei.at\\\/category\\\/aktuelles\"},{\"@type\":\"ListItem\",\"position\":3,\"name\":\"Bitte zu Tisch &#8211; Genuss verbindet\"}]},{\"@type\":\"WebSite\",\"@id\":\"https:\\\/\\\/yspertal.netzspinnerei.at\\\/#website\",\"url\":\"https:\\\/\\\/yspertal.netzspinnerei.at\\\/\",\"name\":\"Pflegezentrum Yspertal\",\"description\":\"\",\"publisher\":{\"@id\":\"https:\\\/\\\/yspertal.netzspinnerei.at\\\/#organization\"},\"potentialAction\":[{\"@type\":\"SearchAction\",\"target\":{\"@type\":\"EntryPoint\",\"urlTemplate\":\"https:\\\/\\\/yspertal.netzspinnerei.at\\\/?s={search_term_string}\"},\"query-input\":{\"@type\":\"PropertyValueSpecification\",\"valueRequired\":true,\"valueName\":\"search_term_string\"}}],\"inLanguage\":\"de\"},{\"@type\":\"Organization\",\"@id\":\"https:\\\/\\\/yspertal.netzspinnerei.at\\\/#organization\",\"name\":\"Pflegezentrum Yspertal\",\"url\":\"https:\\\/\\\/yspertal.netzspinnerei.at\\\/\",\"logo\":{\"@type\":\"ImageObject\",\"inLanguage\":\"de\",\"@id\":\"https:\\\/\\\/yspertal.netzspinnerei.at\\\/#\\\/schema\\\/logo\\\/image\\\/\",\"url\":\"https:\\\/\\\/pflegezentrum-yspertal.at\\\/wordpress\\\/wp-content\\\/uploads\\\/2023\\\/10\\\/Logo-Border.jpg\",\"contentUrl\":\"https:\\\/\\\/pflegezentrum-yspertal.at\\\/wordpress\\\/wp-content\\\/uploads\\\/2023\\\/10\\\/Logo-Border.jpg\",\"width\":787,\"height\":102,\"caption\":\"Pflegezentrum Yspertal\"},\"image\":{\"@id\":\"https:\\\/\\\/yspertal.netzspinnerei.at\\\/#\\\/schema\\\/logo\\\/image\\\/\"}},{\"@type\":\"Person\",\"@id\":\"https:\\\/\\\/yspertal.netzspinnerei.at\\\/#\\\/schema\\\/person\\\/0438af216aae016d571caa687d414651\",\"name\":\"yspertal\",\"image\":{\"@type\":\"ImageObject\",\"inLanguage\":\"de\",\"@id\":\"https:\\\/\\\/secure.gravatar.com\\\/avatar\\\/d6d6f149f3e4dfd0fec95c58d9bf27d576441d81faa3399f60eebaa71358d6a9?s=96&d=mm&r=g\",\"url\":\"https:\\\/\\\/secure.gravatar.com\\\/avatar\\\/d6d6f149f3e4dfd0fec95c58d9bf27d576441d81faa3399f60eebaa71358d6a9?s=96&d=mm&r=g\",\"contentUrl\":\"https:\\\/\\\/secure.gravatar.com\\\/avatar\\\/d6d6f149f3e4dfd0fec95c58d9bf27d576441d81faa3399f60eebaa71358d6a9?s=96&d=mm&r=g\",\"caption\":\"yspertal\"},\"url\":\"https:\\\/\\\/pflegezentrum-yspertal.at\\\/wordpress\\\/author\\\/yspertal\"}]}<\/script>\n<!-- \/ Yoast SEO plugin. -->","yoast_head_json":{"title":"Bitte zu Tisch - Genuss verbindet - Pflegezentrum Yspertal","robots":{"index":"index","follow":"follow","max-snippet":"max-snippet:-1","max-image-preview":"max-image-preview:large","max-video-preview":"max-video-preview:-1"},"canonical":"https:\/\/pflegezentrum-yspertal.at\/wordpress\/bitte-zu-tisch-genuss-verbindet-3","og_locale":"de_DE","og_type":"article","og_title":"Bitte zu Tisch - Genuss verbindet - Pflegezentrum Yspertal","og_description":"Am 14.06.2023 fand die Veranstaltung \u201eBitte zu Tisch \u2013 Genuss verbindet\u201c f\u00fcr unsere Bewohner:innen statt. Die Pflege- und Betreuungsleitung Claudia Selberherr und K\u00fcchenleiter Gerhard Wurzer informierten unsere Bewohnerinnen und Bewohner \u00fcber die letzten beiden Workshops der \u201eVitalk\u00fcche Tut gut\u201c. Die Men\u00fclinien Die Bewohner:innen haben bereits die positiven Ver\u00e4nderungen auf den Speisepl\u00e4nen bemerkt und gaben sehr ... Weiterlesen","og_url":"https:\/\/pflegezentrum-yspertal.at\/wordpress\/bitte-zu-tisch-genuss-verbindet-3","og_site_name":"Pflegezentrum Yspertal","article_published_time":"2023-06-14T10:37:30+00:00","article_modified_time":"2024-03-01T09:55:52+00:00","og_image":[{"width":1024,"height":460,"url":"https:\/\/pflegezentrum-yspertal.at\/wordpress\/wp-content\/uploads\/2023\/06\/20230614_125911.jpg","type":"image\/jpeg"}],"author":"yspertal","twitter_card":"summary_large_image","twitter_misc":{"Verfasst von":"yspertal","Gesch\u00e4tzte Lesezeit":"2\u00a0Minuten"},"schema":{"@context":"https:\/\/schema.org","@graph":[{"@type":"Article","@id":"https:\/\/pflegezentrum-yspertal.at\/wordpress\/bitte-zu-tisch-genuss-verbindet-3#article","isPartOf":{"@id":"https:\/\/pflegezentrum-yspertal.at\/wordpress\/bitte-zu-tisch-genuss-verbindet-3"},"author":{"name":"yspertal","@id":"https:\/\/yspertal.netzspinnerei.at\/#\/schema\/person\/0438af216aae016d571caa687d414651"},"headline":"Bitte zu Tisch &#8211; Genuss verbindet","datePublished":"2023-06-14T10:37:30+00:00","dateModified":"2024-03-01T09:55:52+00:00","mainEntityOfPage":{"@id":"https:\/\/pflegezentrum-yspertal.at\/wordpress\/bitte-zu-tisch-genuss-verbindet-3"},"wordCount":113,"publisher":{"@id":"https:\/\/yspertal.netzspinnerei.at\/#organization"},"image":{"@id":"https:\/\/pflegezentrum-yspertal.at\/wordpress\/bitte-zu-tisch-genuss-verbindet-3#primaryimage"},"thumbnailUrl":"https:\/\/pflegezentrum-yspertal.at\/wordpress\/wp-content\/uploads\/2023\/06\/20230614_125911.jpg","articleSection":["Aktuelles"],"inLanguage":"de"},{"@type":"WebPage","@id":"https:\/\/pflegezentrum-yspertal.at\/wordpress\/bitte-zu-tisch-genuss-verbindet-3","url":"https:\/\/pflegezentrum-yspertal.at\/wordpress\/bitte-zu-tisch-genuss-verbindet-3","name":"Bitte zu Tisch - Genuss verbindet - Pflegezentrum Yspertal","isPartOf":{"@id":"https:\/\/yspertal.netzspinnerei.at\/#website"},"primaryImageOfPage":{"@id":"https:\/\/pflegezentrum-yspertal.at\/wordpress\/bitte-zu-tisch-genuss-verbindet-3#primaryimage"},"image":{"@id":"https:\/\/pflegezentrum-yspertal.at\/wordpress\/bitte-zu-tisch-genuss-verbindet-3#primaryimage"},"thumbnailUrl":"https:\/\/pflegezentrum-yspertal.at\/wordpress\/wp-content\/uploads\/2023\/06\/20230614_125911.jpg","datePublished":"2023-06-14T10:37:30+00:00","dateModified":"2024-03-01T09:55:52+00:00","breadcrumb":{"@id":"https:\/\/pflegezentrum-yspertal.at\/wordpress\/bitte-zu-tisch-genuss-verbindet-3#breadcrumb"},"inLanguage":"de","potentialAction":[{"@type":"ReadAction","target":["https:\/\/pflegezentrum-yspertal.at\/wordpress\/bitte-zu-tisch-genuss-verbindet-3"]}]},{"@type":"ImageObject","inLanguage":"de","@id":"https:\/\/pflegezentrum-yspertal.at\/wordpress\/bitte-zu-tisch-genuss-verbindet-3#primaryimage","url":"https:\/\/pflegezentrum-yspertal.at\/wordpress\/wp-content\/uploads\/2023\/06\/20230614_125911.jpg","contentUrl":"https:\/\/pflegezentrum-yspertal.at\/wordpress\/wp-content\/uploads\/2023\/06\/20230614_125911.jpg","width":1024,"height":460},{"@type":"BreadcrumbList","@id":"https:\/\/pflegezentrum-yspertal.at\/wordpress\/bitte-zu-tisch-genuss-verbindet-3#breadcrumb","itemListElement":[{"@type":"ListItem","position":1,"name":"Home","item":"https:\/\/pflegezentrum-yspertal.at\/wordpress\/"},{"@type":"ListItem","position":2,"name":"Aktuelles","item":"https:\/\/yspertal.netzspinnerei.at\/category\/aktuelles"},{"@type":"ListItem","position":3,"name":"Bitte zu Tisch &#8211; Genuss verbindet"}]},{"@type":"WebSite","@id":"https:\/\/yspertal.netzspinnerei.at\/#website","url":"https:\/\/yspertal.netzspinnerei.at\/","name":"Pflegezentrum Yspertal","description":"","publisher":{"@id":"https:\/\/yspertal.netzspinnerei.at\/#organization"},"potentialAction":[{"@type":"SearchAction","target":{"@type":"EntryPoint","urlTemplate":"https:\/\/yspertal.netzspinnerei.at\/?s={search_term_string}"},"query-input":{"@type":"PropertyValueSpecification","valueRequired":true,"valueName":"search_term_string"}}],"inLanguage":"de"},{"@type":"Organization","@id":"https:\/\/yspertal.netzspinnerei.at\/#organization","name":"Pflegezentrum Yspertal","url":"https:\/\/yspertal.netzspinnerei.at\/","logo":{"@type":"ImageObject","inLanguage":"de","@id":"https:\/\/yspertal.netzspinnerei.at\/#\/schema\/logo\/image\/","url":"https:\/\/pflegezentrum-yspertal.at\/wordpress\/wp-content\/uploads\/2023\/10\/Logo-Border.jpg","contentUrl":"https:\/\/pflegezentrum-yspertal.at\/wordpress\/wp-content\/uploads\/2023\/10\/Logo-Border.jpg","width":787,"height":102,"caption":"Pflegezentrum Yspertal"},"image":{"@id":"https:\/\/yspertal.netzspinnerei.at\/#\/schema\/logo\/image\/"}},{"@type":"Person","@id":"https:\/\/yspertal.netzspinnerei.at\/#\/schema\/person\/0438af216aae016d571caa687d414651","name":"yspertal","image":{"@type":"ImageObject","inLanguage":"de","@id":"https:\/\/secure.gravatar.com\/avatar\/d6d6f149f3e4dfd0fec95c58d9bf27d576441d81faa3399f60eebaa71358d6a9?s=96&d=mm&r=g","url":"https:\/\/secure.gravatar.com\/avatar\/d6d6f149f3e4dfd0fec95c58d9bf27d576441d81faa3399f60eebaa71358d6a9?s=96&d=mm&r=g","contentUrl":"https:\/\/secure.gravatar.com\/avatar\/d6d6f149f3e4dfd0fec95c58d9bf27d576441d81faa3399f60eebaa71358d6a9?s=96&d=mm&r=g","caption":"yspertal"},"url":"https:\/\/pflegezentrum-yspertal.at\/wordpress\/author\/yspertal"}]}},"_links":{"self":[{"href":"https:\/\/pflegezentrum-yspertal.at\/wordpress\/wp-json\/wp\/v2\/posts\/5460","targetHints":{"allow":["GET"]}}],"collection":[{"href":"https:\/\/pflegezentrum-yspertal.at\/wordpress\/wp-json\/wp\/v2\/posts"}],"about":[{"href":"https:\/\/pflegezentrum-yspertal.at\/wordpress\/wp-json\/wp\/v2\/types\/post"}],"author":[{"embeddable":true,"href":"https:\/\/pflegezentrum-yspertal.at\/wordpress\/wp-json\/wp\/v2\/users\/4"}],"replies":[{"embeddable":true,"href":"https:\/\/pflegezentrum-yspertal.at\/wordpress\/wp-json\/wp\/v2\/comments?post=5460"}],"version-history":[{"count":3,"href":"https:\/\/pflegezentrum-yspertal.at\/wordpress\/wp-json\/wp\/v2\/posts\/5460\/revisions"}],"predecessor-version":[{"id":7963,"href":"https:\/\/pflegezentrum-yspertal.at\/wordpress\/wp-json\/wp\/v2\/posts\/5460\/revisions\/7963"}],"wp:featuredmedia":[{"embeddable":true,"href":"https:\/\/pflegezentrum-yspertal.at\/wordpress\/wp-json\/wp\/v2\/media\/5462"}],"wp:attachment":[{"href":"https:\/\/pflegezentrum-yspertal.at\/wordpress\/wp-json\/wp\/v2\/media?parent=5460"}],"wp:term":[{"taxonomy":"category","embeddable":true,"href":"https:\/\/pflegezentrum-yspertal.at\/wordpress\/wp-json\/wp\/v2\/categories?post=5460"},{"taxonomy":"post_tag","embeddable":true,"href":"https:\/\/pflegezentrum-yspertal.at\/wordpress\/wp-json\/wp\/v2\/tags?post=5460"}],"curies":[{"name":"wp","href":"https:\/\/api.w.org\/{rel}","templated":true}]}}