{"id":5431,"date":"2023-06-06T09:22:07","date_gmt":"2023-06-06T09:22:07","guid":{"rendered":"https:\/\/pflegezentrum-yspertal.at\/wordpress\/?p=5431"},"modified":"2024-03-01T09:57:56","modified_gmt":"2024-03-01T09:57:56","slug":"arbeitskreis-lebens-sterbe-und-trauerbegleitung","status":"publish","type":"post","link":"https:\/\/pflegezentrum-yspertal.at\/wordpress\/arbeitskreis-lebens-sterbe-und-trauerbegleitung","title":{"rendered":"Arbeitskreis Lebens-, Sterbe- und Trauerbegleitung"},"content":{"rendered":"\n<p>\u201eSie sind wichtig, weil Sie eben Sie sind. Sie sind bis zum letzten Augenblick Ihres Lebens wichtig und wir werden alles tun, damit Sie nicht nur in Frieden sterben, sondern auch bis zuletzt Leben k\u00f6nnen.\u201c<\/p>\n\n\n\n<p>Cicley Saunders<\/p>\n\n\n\n<p>Wir haben im Haus einen Arbeitskreis zum Thema Lebens- Sterbe- und Trauerbegleitung implementiert. Die Mitglieder des Arbeitskreises treffen sich viertelj\u00e4hrlich zum gemeinsamen Austausch, um aktuelle und zuk\u00fcnftige Themen zu bearbeiten.<\/p>\n\n\n\n<p>Mit welchen Themen besch\u00e4ftigen wir uns im Arbeitskreis:<\/p>\n\n\n\n<ul class=\"wp-block-list\">\n<li>Oberste Priorit\u00e4t hat die Selbstbestimmung bis zum Lebensende eines Menschen<\/li>\n\n\n\n<li>Mit der letzten Phase des Lebens unserer Bewohner*innen<\/li>\n\n\n\n<li>Mit der Erarbeitung von Ma\u00dfnahmen um diese Phase so w\u00fcrdevoll wie m\u00f6glich zu gestalten (wie zum Beispiel Schmerzfreiheit, palliative Begleitung)<\/li>\n\n\n\n<li>Mit den Angeh\u00f6rigen, die wir in diese Phase eng einbinden<\/li>\n\n\n\n<li>Mit der w\u00fcrdevollen Begleitung der Bewohner*innen und deren Angeh\u00f6rige<\/li>\n\n\n\n<li>Mit der Trauerphase nach dem Tod<\/li>\n\n\n\n<li>Mit dem Bewahren von Andenken \u2013 Gestaltung und aktuelles Fortf\u00fchren des Gedenkbuches<\/li>\n\n\n\n<li>Mit der Themenfindung \u2013 was wollen wir im Haus umsetzen<\/li>\n\n\n\n<li>Mit der Erarbeitung von Ma\u00dfnahmen, welche in den Arbeitsalltag integriert werden k\u00f6nnen<\/li>\n\n\n\n<li>Kooperation mit anderen Institutionen (Zum Beispiel Mobiles Palliativteam, Palliativstation)<\/li>\n<\/ul>\n\n\n\n<p>Die Vorschl\u00e4ge vom Arbeitskreis werden gemeinsam mit der F\u00fchrungsebene evaluiert und abgestimmt.<\/p>\n\n\n\n<p>Danach erfolgt die Integration der getroffenen Ma\u00dfnahmen in den Arbeitsalltag.<\/p>\n\n\n\n<p>Der Folder f\u00fcr Angeh\u00f6rige \u00fcber Lebens-Sterbe \u2013 und Trauerbegleitung soll auf verst\u00e4ndliche Weise den Angeh\u00f6rigen die bevorstehenden Ver\u00e4nderungen der Bewohner*innen in der letzten Lebensphase erkl\u00e4ren.<\/p>\n\n\n\n<p>Das Konzept zur Lebens- Sterbe &#8211; und Trauerbegleitung wurde erarbeitet und implementiert und dient als Grundlage f\u00fcr unser t\u00e4gliches Arbeiten.<\/p>\n\n\n\n<p>Man kann seinem Leben nicht mehr Stunden geben, aber seinen Stunden mehr Leben (Verfasser unbekannt).<\/p>\n","protected":false},"excerpt":{"rendered":"<p>\u201eSie sind wichtig, weil Sie eben Sie sind. Sie sind bis zum letzten Augenblick Ihres Lebens wichtig und wir werden alles tun, damit Sie nicht nur in Frieden sterben, sondern auch bis zuletzt Leben k\u00f6nnen.\u201c Cicley Saunders Wir haben im Haus einen Arbeitskreis zum Thema Lebens- Sterbe- und Trauerbegleitung implementiert. Die Mitglieder des Arbeitskreises treffen &#8230; <a title=\"Arbeitskreis Lebens-, Sterbe- und Trauerbegleitung\" class=\"read-more\" href=\"https:\/\/pflegezentrum-yspertal.at\/wordpress\/arbeitskreis-lebens-sterbe-und-trauerbegleitung\" aria-label=\"Mehr Informationen \u00fcber Arbeitskreis Lebens-, Sterbe- und Trauerbegleitung\">Weiterlesen<\/a><\/p>\n","protected":false},"author":4,"featured_media":0,"comment_status":"closed","ping_status":"closed","sticky":false,"template":"","format":"standard","meta":{"inline_featured_image":false,"footnotes":""},"categories":[1],"tags":[],"class_list":["post-5431","post","type-post","status-publish","format-standard","hentry","category-aktuelles"],"yoast_head":"<!-- This site is optimized with the Yoast SEO plugin v27.4 - https:\/\/yoast.com\/product\/yoast-seo-wordpress\/ -->\n<title>Arbeitskreis Lebens-, Sterbe- und Trauerbegleitung - Pflegezentrum Yspertal<\/title>\n<meta name=\"robots\" content=\"index, follow, max-snippet:-1, max-image-preview:large, max-video-preview:-1\" \/>\n<link rel=\"canonical\" href=\"https:\/\/pflegezentrum-yspertal.at\/wordpress\/arbeitskreis-lebens-sterbe-und-trauerbegleitung\" \/>\n<meta property=\"og:locale\" content=\"de_DE\" \/>\n<meta property=\"og:type\" content=\"article\" \/>\n<meta property=\"og:title\" content=\"Arbeitskreis Lebens-, Sterbe- und Trauerbegleitung - Pflegezentrum Yspertal\" \/>\n<meta property=\"og:description\" content=\"\u201eSie sind wichtig, weil Sie eben Sie sind. Sie sind bis zum letzten Augenblick Ihres Lebens wichtig und wir werden alles tun, damit Sie nicht nur in Frieden sterben, sondern auch bis zuletzt Leben k\u00f6nnen.\u201c Cicley Saunders Wir haben im Haus einen Arbeitskreis zum Thema Lebens- Sterbe- und Trauerbegleitung implementiert. Die Mitglieder des Arbeitskreises treffen ... Weiterlesen\" \/>\n<meta property=\"og:url\" content=\"https:\/\/pflegezentrum-yspertal.at\/wordpress\/arbeitskreis-lebens-sterbe-und-trauerbegleitung\" \/>\n<meta property=\"og:site_name\" content=\"Pflegezentrum Yspertal\" \/>\n<meta property=\"article:published_time\" content=\"2023-06-06T09:22:07+00:00\" \/>\n<meta property=\"article:modified_time\" content=\"2024-03-01T09:57:56+00:00\" \/>\n<meta name=\"author\" content=\"yspertal\" \/>\n<meta name=\"twitter:card\" content=\"summary_large_image\" \/>\n<meta name=\"twitter:label1\" content=\"Verfasst von\" \/>\n\t<meta name=\"twitter:data1\" content=\"yspertal\" \/>\n\t<meta name=\"twitter:label2\" content=\"Gesch\u00e4tzte Lesezeit\" \/>\n\t<meta name=\"twitter:data2\" content=\"2\u00a0Minuten\" \/>\n<script type=\"application\/ld+json\" class=\"yoast-schema-graph\">{\"@context\":\"https:\\\/\\\/schema.org\",\"@graph\":[{\"@type\":\"Article\",\"@id\":\"https:\\\/\\\/pflegezentrum-yspertal.at\\\/wordpress\\\/arbeitskreis-lebens-sterbe-und-trauerbegleitung#article\",\"isPartOf\":{\"@id\":\"https:\\\/\\\/pflegezentrum-yspertal.at\\\/wordpress\\\/arbeitskreis-lebens-sterbe-und-trauerbegleitung\"},\"author\":{\"name\":\"yspertal\",\"@id\":\"https:\\\/\\\/yspertal.netzspinnerei.at\\\/#\\\/schema\\\/person\\\/0438af216aae016d571caa687d414651\"},\"headline\":\"Arbeitskreis Lebens-, Sterbe- und Trauerbegleitung\",\"datePublished\":\"2023-06-06T09:22:07+00:00\",\"dateModified\":\"2024-03-01T09:57:56+00:00\",\"mainEntityOfPage\":{\"@id\":\"https:\\\/\\\/pflegezentrum-yspertal.at\\\/wordpress\\\/arbeitskreis-lebens-sterbe-und-trauerbegleitung\"},\"wordCount\":293,\"publisher\":{\"@id\":\"https:\\\/\\\/yspertal.netzspinnerei.at\\\/#organization\"},\"articleSection\":[\"Aktuelles\"],\"inLanguage\":\"de\"},{\"@type\":\"WebPage\",\"@id\":\"https:\\\/\\\/pflegezentrum-yspertal.at\\\/wordpress\\\/arbeitskreis-lebens-sterbe-und-trauerbegleitung\",\"url\":\"https:\\\/\\\/pflegezentrum-yspertal.at\\\/wordpress\\\/arbeitskreis-lebens-sterbe-und-trauerbegleitung\",\"name\":\"Arbeitskreis Lebens-, Sterbe- und Trauerbegleitung - Pflegezentrum Yspertal\",\"isPartOf\":{\"@id\":\"https:\\\/\\\/yspertal.netzspinnerei.at\\\/#website\"},\"datePublished\":\"2023-06-06T09:22:07+00:00\",\"dateModified\":\"2024-03-01T09:57:56+00:00\",\"breadcrumb\":{\"@id\":\"https:\\\/\\\/pflegezentrum-yspertal.at\\\/wordpress\\\/arbeitskreis-lebens-sterbe-und-trauerbegleitung#breadcrumb\"},\"inLanguage\":\"de\",\"potentialAction\":[{\"@type\":\"ReadAction\",\"target\":[\"https:\\\/\\\/pflegezentrum-yspertal.at\\\/wordpress\\\/arbeitskreis-lebens-sterbe-und-trauerbegleitung\"]}]},{\"@type\":\"BreadcrumbList\",\"@id\":\"https:\\\/\\\/pflegezentrum-yspertal.at\\\/wordpress\\\/arbeitskreis-lebens-sterbe-und-trauerbegleitung#breadcrumb\",\"itemListElement\":[{\"@type\":\"ListItem\",\"position\":1,\"name\":\"Home\",\"item\":\"https:\\\/\\\/pflegezentrum-yspertal.at\\\/wordpress\\\/\"},{\"@type\":\"ListItem\",\"position\":2,\"name\":\"Aktuelles\",\"item\":\"https:\\\/\\\/yspertal.netzspinnerei.at\\\/category\\\/aktuelles\"},{\"@type\":\"ListItem\",\"position\":3,\"name\":\"Arbeitskreis Lebens-, Sterbe- und Trauerbegleitung\"}]},{\"@type\":\"WebSite\",\"@id\":\"https:\\\/\\\/yspertal.netzspinnerei.at\\\/#website\",\"url\":\"https:\\\/\\\/yspertal.netzspinnerei.at\\\/\",\"name\":\"Pflegezentrum Yspertal\",\"description\":\"\",\"publisher\":{\"@id\":\"https:\\\/\\\/yspertal.netzspinnerei.at\\\/#organization\"},\"potentialAction\":[{\"@type\":\"SearchAction\",\"target\":{\"@type\":\"EntryPoint\",\"urlTemplate\":\"https:\\\/\\\/yspertal.netzspinnerei.at\\\/?s={search_term_string}\"},\"query-input\":{\"@type\":\"PropertyValueSpecification\",\"valueRequired\":true,\"valueName\":\"search_term_string\"}}],\"inLanguage\":\"de\"},{\"@type\":\"Organization\",\"@id\":\"https:\\\/\\\/yspertal.netzspinnerei.at\\\/#organization\",\"name\":\"Pflegezentrum Yspertal\",\"url\":\"https:\\\/\\\/yspertal.netzspinnerei.at\\\/\",\"logo\":{\"@type\":\"ImageObject\",\"inLanguage\":\"de\",\"@id\":\"https:\\\/\\\/yspertal.netzspinnerei.at\\\/#\\\/schema\\\/logo\\\/image\\\/\",\"url\":\"https:\\\/\\\/pflegezentrum-yspertal.at\\\/wordpress\\\/wp-content\\\/uploads\\\/2023\\\/10\\\/Logo-Border.jpg\",\"contentUrl\":\"https:\\\/\\\/pflegezentrum-yspertal.at\\\/wordpress\\\/wp-content\\\/uploads\\\/2023\\\/10\\\/Logo-Border.jpg\",\"width\":787,\"height\":102,\"caption\":\"Pflegezentrum Yspertal\"},\"image\":{\"@id\":\"https:\\\/\\\/yspertal.netzspinnerei.at\\\/#\\\/schema\\\/logo\\\/image\\\/\"}},{\"@type\":\"Person\",\"@id\":\"https:\\\/\\\/yspertal.netzspinnerei.at\\\/#\\\/schema\\\/person\\\/0438af216aae016d571caa687d414651\",\"name\":\"yspertal\",\"image\":{\"@type\":\"ImageObject\",\"inLanguage\":\"de\",\"@id\":\"https:\\\/\\\/secure.gravatar.com\\\/avatar\\\/d6d6f149f3e4dfd0fec95c58d9bf27d576441d81faa3399f60eebaa71358d6a9?s=96&d=mm&r=g\",\"url\":\"https:\\\/\\\/secure.gravatar.com\\\/avatar\\\/d6d6f149f3e4dfd0fec95c58d9bf27d576441d81faa3399f60eebaa71358d6a9?s=96&d=mm&r=g\",\"contentUrl\":\"https:\\\/\\\/secure.gravatar.com\\\/avatar\\\/d6d6f149f3e4dfd0fec95c58d9bf27d576441d81faa3399f60eebaa71358d6a9?s=96&d=mm&r=g\",\"caption\":\"yspertal\"},\"url\":\"https:\\\/\\\/pflegezentrum-yspertal.at\\\/wordpress\\\/author\\\/yspertal\"}]}<\/script>\n<!-- \/ Yoast SEO plugin. -->","yoast_head_json":{"title":"Arbeitskreis Lebens-, Sterbe- und Trauerbegleitung - Pflegezentrum Yspertal","robots":{"index":"index","follow":"follow","max-snippet":"max-snippet:-1","max-image-preview":"max-image-preview:large","max-video-preview":"max-video-preview:-1"},"canonical":"https:\/\/pflegezentrum-yspertal.at\/wordpress\/arbeitskreis-lebens-sterbe-und-trauerbegleitung","og_locale":"de_DE","og_type":"article","og_title":"Arbeitskreis Lebens-, Sterbe- und Trauerbegleitung - Pflegezentrum Yspertal","og_description":"\u201eSie sind wichtig, weil Sie eben Sie sind. Sie sind bis zum letzten Augenblick Ihres Lebens wichtig und wir werden alles tun, damit Sie nicht nur in Frieden sterben, sondern auch bis zuletzt Leben k\u00f6nnen.\u201c Cicley Saunders Wir haben im Haus einen Arbeitskreis zum Thema Lebens- Sterbe- und Trauerbegleitung implementiert. Die Mitglieder des Arbeitskreises treffen ... Weiterlesen","og_url":"https:\/\/pflegezentrum-yspertal.at\/wordpress\/arbeitskreis-lebens-sterbe-und-trauerbegleitung","og_site_name":"Pflegezentrum Yspertal","article_published_time":"2023-06-06T09:22:07+00:00","article_modified_time":"2024-03-01T09:57:56+00:00","author":"yspertal","twitter_card":"summary_large_image","twitter_misc":{"Verfasst von":"yspertal","Gesch\u00e4tzte Lesezeit":"2\u00a0Minuten"},"schema":{"@context":"https:\/\/schema.org","@graph":[{"@type":"Article","@id":"https:\/\/pflegezentrum-yspertal.at\/wordpress\/arbeitskreis-lebens-sterbe-und-trauerbegleitung#article","isPartOf":{"@id":"https:\/\/pflegezentrum-yspertal.at\/wordpress\/arbeitskreis-lebens-sterbe-und-trauerbegleitung"},"author":{"name":"yspertal","@id":"https:\/\/yspertal.netzspinnerei.at\/#\/schema\/person\/0438af216aae016d571caa687d414651"},"headline":"Arbeitskreis Lebens-, Sterbe- und Trauerbegleitung","datePublished":"2023-06-06T09:22:07+00:00","dateModified":"2024-03-01T09:57:56+00:00","mainEntityOfPage":{"@id":"https:\/\/pflegezentrum-yspertal.at\/wordpress\/arbeitskreis-lebens-sterbe-und-trauerbegleitung"},"wordCount":293,"publisher":{"@id":"https:\/\/yspertal.netzspinnerei.at\/#organization"},"articleSection":["Aktuelles"],"inLanguage":"de"},{"@type":"WebPage","@id":"https:\/\/pflegezentrum-yspertal.at\/wordpress\/arbeitskreis-lebens-sterbe-und-trauerbegleitung","url":"https:\/\/pflegezentrum-yspertal.at\/wordpress\/arbeitskreis-lebens-sterbe-und-trauerbegleitung","name":"Arbeitskreis Lebens-, Sterbe- und Trauerbegleitung - Pflegezentrum Yspertal","isPartOf":{"@id":"https:\/\/yspertal.netzspinnerei.at\/#website"},"datePublished":"2023-06-06T09:22:07+00:00","dateModified":"2024-03-01T09:57:56+00:00","breadcrumb":{"@id":"https:\/\/pflegezentrum-yspertal.at\/wordpress\/arbeitskreis-lebens-sterbe-und-trauerbegleitung#breadcrumb"},"inLanguage":"de","potentialAction":[{"@type":"ReadAction","target":["https:\/\/pflegezentrum-yspertal.at\/wordpress\/arbeitskreis-lebens-sterbe-und-trauerbegleitung"]}]},{"@type":"BreadcrumbList","@id":"https:\/\/pflegezentrum-yspertal.at\/wordpress\/arbeitskreis-lebens-sterbe-und-trauerbegleitung#breadcrumb","itemListElement":[{"@type":"ListItem","position":1,"name":"Home","item":"https:\/\/pflegezentrum-yspertal.at\/wordpress\/"},{"@type":"ListItem","position":2,"name":"Aktuelles","item":"https:\/\/yspertal.netzspinnerei.at\/category\/aktuelles"},{"@type":"ListItem","position":3,"name":"Arbeitskreis Lebens-, Sterbe- und Trauerbegleitung"}]},{"@type":"WebSite","@id":"https:\/\/yspertal.netzspinnerei.at\/#website","url":"https:\/\/yspertal.netzspinnerei.at\/","name":"Pflegezentrum Yspertal","description":"","publisher":{"@id":"https:\/\/yspertal.netzspinnerei.at\/#organization"},"potentialAction":[{"@type":"SearchAction","target":{"@type":"EntryPoint","urlTemplate":"https:\/\/yspertal.netzspinnerei.at\/?s={search_term_string}"},"query-input":{"@type":"PropertyValueSpecification","valueRequired":true,"valueName":"search_term_string"}}],"inLanguage":"de"},{"@type":"Organization","@id":"https:\/\/yspertal.netzspinnerei.at\/#organization","name":"Pflegezentrum Yspertal","url":"https:\/\/yspertal.netzspinnerei.at\/","logo":{"@type":"ImageObject","inLanguage":"de","@id":"https:\/\/yspertal.netzspinnerei.at\/#\/schema\/logo\/image\/","url":"https:\/\/pflegezentrum-yspertal.at\/wordpress\/wp-content\/uploads\/2023\/10\/Logo-Border.jpg","contentUrl":"https:\/\/pflegezentrum-yspertal.at\/wordpress\/wp-content\/uploads\/2023\/10\/Logo-Border.jpg","width":787,"height":102,"caption":"Pflegezentrum Yspertal"},"image":{"@id":"https:\/\/yspertal.netzspinnerei.at\/#\/schema\/logo\/image\/"}},{"@type":"Person","@id":"https:\/\/yspertal.netzspinnerei.at\/#\/schema\/person\/0438af216aae016d571caa687d414651","name":"yspertal","image":{"@type":"ImageObject","inLanguage":"de","@id":"https:\/\/secure.gravatar.com\/avatar\/d6d6f149f3e4dfd0fec95c58d9bf27d576441d81faa3399f60eebaa71358d6a9?s=96&d=mm&r=g","url":"https:\/\/secure.gravatar.com\/avatar\/d6d6f149f3e4dfd0fec95c58d9bf27d576441d81faa3399f60eebaa71358d6a9?s=96&d=mm&r=g","contentUrl":"https:\/\/secure.gravatar.com\/avatar\/d6d6f149f3e4dfd0fec95c58d9bf27d576441d81faa3399f60eebaa71358d6a9?s=96&d=mm&r=g","caption":"yspertal"},"url":"https:\/\/pflegezentrum-yspertal.at\/wordpress\/author\/yspertal"}]}},"_links":{"self":[{"href":"https:\/\/pflegezentrum-yspertal.at\/wordpress\/wp-json\/wp\/v2\/posts\/5431","targetHints":{"allow":["GET"]}}],"collection":[{"href":"https:\/\/pflegezentrum-yspertal.at\/wordpress\/wp-json\/wp\/v2\/posts"}],"about":[{"href":"https:\/\/pflegezentrum-yspertal.at\/wordpress\/wp-json\/wp\/v2\/types\/post"}],"author":[{"embeddable":true,"href":"https:\/\/pflegezentrum-yspertal.at\/wordpress\/wp-json\/wp\/v2\/users\/4"}],"replies":[{"embeddable":true,"href":"https:\/\/pflegezentrum-yspertal.at\/wordpress\/wp-json\/wp\/v2\/comments?post=5431"}],"version-history":[{"count":1,"href":"https:\/\/pflegezentrum-yspertal.at\/wordpress\/wp-json\/wp\/v2\/posts\/5431\/revisions"}],"predecessor-version":[{"id":5432,"href":"https:\/\/pflegezentrum-yspertal.at\/wordpress\/wp-json\/wp\/v2\/posts\/5431\/revisions\/5432"}],"wp:attachment":[{"href":"https:\/\/pflegezentrum-yspertal.at\/wordpress\/wp-json\/wp\/v2\/media?parent=5431"}],"wp:term":[{"taxonomy":"category","embeddable":true,"href":"https:\/\/pflegezentrum-yspertal.at\/wordpress\/wp-json\/wp\/v2\/categories?post=5431"},{"taxonomy":"post_tag","embeddable":true,"href":"https:\/\/pflegezentrum-yspertal.at\/wordpress\/wp-json\/wp\/v2\/tags?post=5431"}],"curies":[{"name":"wp","href":"https:\/\/api.w.org\/{rel}","templated":true}]}}