{"id":5429,"date":"2023-06-06T09:20:54","date_gmt":"2023-06-06T09:20:54","guid":{"rendered":"https:\/\/pflegezentrum-yspertal.at\/wordpress\/?p=5429"},"modified":"2024-03-01T09:59:51","modified_gmt":"2024-03-01T09:59:51","slug":"bitte-zu-tisch-genuss-verbindet-2","status":"publish","type":"post","link":"https:\/\/pflegezentrum-yspertal.at\/wordpress\/bitte-zu-tisch-genuss-verbindet-2","title":{"rendered":"&#8222;Bitte zu Tisch &#8211; Genuss verbindet&#8220;"},"content":{"rendered":"\n<p>Unter diesem Motto findet im Multifunktionsraum der viertelj\u00e4hrliche, gemeinsame Austausch mit unserem K\u00fcchenleiter Gerhard und den Bewohner*innen des Pflegezentrums statt.<\/p>\n\n\n\n<p>Bei den Treffen informiert der K\u00fcchenleiter die Bewohnerinnen und Bewohner zum Thema Regionalit\u00e4t, Saisonalit\u00e4t und Nachhaltigkeit der Lebensmittel.<\/p>\n\n\n\n<p>Es werden Neuerungen am Speiseplan besprochen und W\u00fcnsche der Bewohner*innen f\u00fcr die jeweilige Saison erhoben. Weiters werden aktuelle Themen aufgegriffen, es erfolgen Informationen zum Thema von unseren beiden Ern\u00e4hrungsbeauftragten im Haus und im Anschluss wird mit den Bewohnerinnen und Bewohnern dar\u00fcber diskutiert.<\/p>\n\n\n\n<p>Ein spannender Erfahrungsaustausch \u00fcber Generationen hinweg, wie sich der Umgang mit Ern\u00e4hrung und Lebensmitteln im Laufe der Zeit ver\u00e4ndert hat.<\/p>\n\n\n\n<p>Themenschwerpunkte sind etwa der Einsatz von Bioprodukten und der gesundheitliche Nutzen von kaltgepressten \u00d6len, der Vollkornanteil in den Speisen, Transportwege, Nachhaltigkeit usw., um nur einiges zu nennen.<\/p>\n\n\n\n<p>Den Abschluss jedes Treffens kr\u00f6nt die gemeinsame Verkostung von unterschiedlichen Kostproben aus der K\u00fcche \u2013 neue Rezepturen, neue Brotsorten, gesunde \u00d6le und \u00c4hnliches.<\/p>\n\n\n\n<p>Die Bewohnerinnen und Bewohner sind begeistert von den unterschiedlichen Geschm\u00e4ckern der Kostproben und den neu zusammengestellten Rezepturen.<\/p>\n","protected":false},"excerpt":{"rendered":"<p>Unter diesem Motto findet im Multifunktionsraum der viertelj\u00e4hrliche, gemeinsame Austausch mit unserem K\u00fcchenleiter Gerhard und den Bewohner*innen des Pflegezentrums statt. Bei den Treffen informiert der K\u00fcchenleiter die Bewohnerinnen und Bewohner zum Thema Regionalit\u00e4t, Saisonalit\u00e4t und Nachhaltigkeit der Lebensmittel. Es werden Neuerungen am Speiseplan besprochen und W\u00fcnsche der Bewohner*innen f\u00fcr die jeweilige Saison erhoben. Weiters werden &#8230; <a title=\"&#8222;Bitte zu Tisch &#8211; Genuss verbindet&#8220;\" class=\"read-more\" href=\"https:\/\/pflegezentrum-yspertal.at\/wordpress\/bitte-zu-tisch-genuss-verbindet-2\" aria-label=\"Mehr Informationen \u00fcber &#8222;Bitte zu Tisch &#8211; Genuss verbindet&#8220;\">Weiterlesen<\/a><\/p>\n","protected":false},"author":4,"featured_media":0,"comment_status":"closed","ping_status":"closed","sticky":false,"template":"","format":"standard","meta":{"inline_featured_image":false,"footnotes":""},"categories":[1,31,27],"tags":[],"class_list":["post-5429","post","type-post","status-publish","format-standard","hentry","category-aktuelles","category-nachhaltigkeit","category-was-wir-leben"],"yoast_head":"<!-- This site is optimized with the Yoast SEO plugin v27.4 - https:\/\/yoast.com\/product\/yoast-seo-wordpress\/ -->\n<title>&quot;Bitte zu Tisch - Genuss verbindet&quot; - Pflegezentrum Yspertal<\/title>\n<meta name=\"robots\" content=\"index, follow, max-snippet:-1, max-image-preview:large, max-video-preview:-1\" \/>\n<link rel=\"canonical\" href=\"https:\/\/pflegezentrum-yspertal.at\/wordpress\/bitte-zu-tisch-genuss-verbindet-2\" \/>\n<meta property=\"og:locale\" content=\"de_DE\" \/>\n<meta property=\"og:type\" content=\"article\" \/>\n<meta property=\"og:title\" content=\"&quot;Bitte zu Tisch - Genuss verbindet&quot; - Pflegezentrum Yspertal\" \/>\n<meta property=\"og:description\" content=\"Unter diesem Motto findet im Multifunktionsraum der viertelj\u00e4hrliche, gemeinsame Austausch mit unserem K\u00fcchenleiter Gerhard und den Bewohner*innen des Pflegezentrums statt. Bei den Treffen informiert der K\u00fcchenleiter die Bewohnerinnen und Bewohner zum Thema Regionalit\u00e4t, Saisonalit\u00e4t und Nachhaltigkeit der Lebensmittel. Es werden Neuerungen am Speiseplan besprochen und W\u00fcnsche der Bewohner*innen f\u00fcr die jeweilige Saison erhoben. Weiters werden ... Weiterlesen\" \/>\n<meta property=\"og:url\" content=\"https:\/\/pflegezentrum-yspertal.at\/wordpress\/bitte-zu-tisch-genuss-verbindet-2\" \/>\n<meta property=\"og:site_name\" content=\"Pflegezentrum Yspertal\" \/>\n<meta property=\"article:published_time\" content=\"2023-06-06T09:20:54+00:00\" \/>\n<meta property=\"article:modified_time\" content=\"2024-03-01T09:59:51+00:00\" \/>\n<meta name=\"author\" content=\"yspertal\" \/>\n<meta name=\"twitter:card\" content=\"summary_large_image\" \/>\n<meta name=\"twitter:label1\" content=\"Verfasst von\" \/>\n\t<meta name=\"twitter:data1\" content=\"yspertal\" \/>\n\t<meta name=\"twitter:label2\" content=\"Gesch\u00e4tzte Lesezeit\" \/>\n\t<meta name=\"twitter:data2\" content=\"1\u00a0Minute\" \/>\n<script type=\"application\/ld+json\" class=\"yoast-schema-graph\">{\"@context\":\"https:\\\/\\\/schema.org\",\"@graph\":[{\"@type\":\"Article\",\"@id\":\"https:\\\/\\\/pflegezentrum-yspertal.at\\\/wordpress\\\/bitte-zu-tisch-genuss-verbindet-2#article\",\"isPartOf\":{\"@id\":\"https:\\\/\\\/pflegezentrum-yspertal.at\\\/wordpress\\\/bitte-zu-tisch-genuss-verbindet-2\"},\"author\":{\"name\":\"yspertal\",\"@id\":\"https:\\\/\\\/yspertal.netzspinnerei.at\\\/#\\\/schema\\\/person\\\/0438af216aae016d571caa687d414651\"},\"headline\":\"&#8222;Bitte zu Tisch &#8211; Genuss verbindet&#8220;\",\"datePublished\":\"2023-06-06T09:20:54+00:00\",\"dateModified\":\"2024-03-01T09:59:51+00:00\",\"mainEntityOfPage\":{\"@id\":\"https:\\\/\\\/pflegezentrum-yspertal.at\\\/wordpress\\\/bitte-zu-tisch-genuss-verbindet-2\"},\"wordCount\":188,\"publisher\":{\"@id\":\"https:\\\/\\\/yspertal.netzspinnerei.at\\\/#organization\"},\"articleSection\":[\"Aktuelles\",\"Nachhaltigkeit\",\"Was wir leben\"],\"inLanguage\":\"de\"},{\"@type\":\"WebPage\",\"@id\":\"https:\\\/\\\/pflegezentrum-yspertal.at\\\/wordpress\\\/bitte-zu-tisch-genuss-verbindet-2\",\"url\":\"https:\\\/\\\/pflegezentrum-yspertal.at\\\/wordpress\\\/bitte-zu-tisch-genuss-verbindet-2\",\"name\":\"\\\"Bitte zu Tisch - Genuss verbindet\\\" - Pflegezentrum Yspertal\",\"isPartOf\":{\"@id\":\"https:\\\/\\\/yspertal.netzspinnerei.at\\\/#website\"},\"datePublished\":\"2023-06-06T09:20:54+00:00\",\"dateModified\":\"2024-03-01T09:59:51+00:00\",\"breadcrumb\":{\"@id\":\"https:\\\/\\\/pflegezentrum-yspertal.at\\\/wordpress\\\/bitte-zu-tisch-genuss-verbindet-2#breadcrumb\"},\"inLanguage\":\"de\",\"potentialAction\":[{\"@type\":\"ReadAction\",\"target\":[\"https:\\\/\\\/pflegezentrum-yspertal.at\\\/wordpress\\\/bitte-zu-tisch-genuss-verbindet-2\"]}]},{\"@type\":\"BreadcrumbList\",\"@id\":\"https:\\\/\\\/pflegezentrum-yspertal.at\\\/wordpress\\\/bitte-zu-tisch-genuss-verbindet-2#breadcrumb\",\"itemListElement\":[{\"@type\":\"ListItem\",\"position\":1,\"name\":\"Home\",\"item\":\"https:\\\/\\\/pflegezentrum-yspertal.at\\\/wordpress\\\/\"},{\"@type\":\"ListItem\",\"position\":2,\"name\":\"Aktuelles\",\"item\":\"https:\\\/\\\/yspertal.netzspinnerei.at\\\/category\\\/aktuelles\"},{\"@type\":\"ListItem\",\"position\":3,\"name\":\"&#8222;Bitte zu Tisch &#8211; Genuss verbindet&#8220;\"}]},{\"@type\":\"WebSite\",\"@id\":\"https:\\\/\\\/yspertal.netzspinnerei.at\\\/#website\",\"url\":\"https:\\\/\\\/yspertal.netzspinnerei.at\\\/\",\"name\":\"Pflegezentrum Yspertal\",\"description\":\"\",\"publisher\":{\"@id\":\"https:\\\/\\\/yspertal.netzspinnerei.at\\\/#organization\"},\"potentialAction\":[{\"@type\":\"SearchAction\",\"target\":{\"@type\":\"EntryPoint\",\"urlTemplate\":\"https:\\\/\\\/yspertal.netzspinnerei.at\\\/?s={search_term_string}\"},\"query-input\":{\"@type\":\"PropertyValueSpecification\",\"valueRequired\":true,\"valueName\":\"search_term_string\"}}],\"inLanguage\":\"de\"},{\"@type\":\"Organization\",\"@id\":\"https:\\\/\\\/yspertal.netzspinnerei.at\\\/#organization\",\"name\":\"Pflegezentrum Yspertal\",\"url\":\"https:\\\/\\\/yspertal.netzspinnerei.at\\\/\",\"logo\":{\"@type\":\"ImageObject\",\"inLanguage\":\"de\",\"@id\":\"https:\\\/\\\/yspertal.netzspinnerei.at\\\/#\\\/schema\\\/logo\\\/image\\\/\",\"url\":\"https:\\\/\\\/pflegezentrum-yspertal.at\\\/wordpress\\\/wp-content\\\/uploads\\\/2023\\\/10\\\/Logo-Border.jpg\",\"contentUrl\":\"https:\\\/\\\/pflegezentrum-yspertal.at\\\/wordpress\\\/wp-content\\\/uploads\\\/2023\\\/10\\\/Logo-Border.jpg\",\"width\":787,\"height\":102,\"caption\":\"Pflegezentrum Yspertal\"},\"image\":{\"@id\":\"https:\\\/\\\/yspertal.netzspinnerei.at\\\/#\\\/schema\\\/logo\\\/image\\\/\"}},{\"@type\":\"Person\",\"@id\":\"https:\\\/\\\/yspertal.netzspinnerei.at\\\/#\\\/schema\\\/person\\\/0438af216aae016d571caa687d414651\",\"name\":\"yspertal\",\"image\":{\"@type\":\"ImageObject\",\"inLanguage\":\"de\",\"@id\":\"https:\\\/\\\/secure.gravatar.com\\\/avatar\\\/d6d6f149f3e4dfd0fec95c58d9bf27d576441d81faa3399f60eebaa71358d6a9?s=96&d=mm&r=g\",\"url\":\"https:\\\/\\\/secure.gravatar.com\\\/avatar\\\/d6d6f149f3e4dfd0fec95c58d9bf27d576441d81faa3399f60eebaa71358d6a9?s=96&d=mm&r=g\",\"contentUrl\":\"https:\\\/\\\/secure.gravatar.com\\\/avatar\\\/d6d6f149f3e4dfd0fec95c58d9bf27d576441d81faa3399f60eebaa71358d6a9?s=96&d=mm&r=g\",\"caption\":\"yspertal\"},\"url\":\"https:\\\/\\\/pflegezentrum-yspertal.at\\\/wordpress\\\/author\\\/yspertal\"}]}<\/script>\n<!-- \/ Yoast SEO plugin. -->","yoast_head_json":{"title":"\"Bitte zu Tisch - Genuss verbindet\" - Pflegezentrum Yspertal","robots":{"index":"index","follow":"follow","max-snippet":"max-snippet:-1","max-image-preview":"max-image-preview:large","max-video-preview":"max-video-preview:-1"},"canonical":"https:\/\/pflegezentrum-yspertal.at\/wordpress\/bitte-zu-tisch-genuss-verbindet-2","og_locale":"de_DE","og_type":"article","og_title":"\"Bitte zu Tisch - Genuss verbindet\" - Pflegezentrum Yspertal","og_description":"Unter diesem Motto findet im Multifunktionsraum der viertelj\u00e4hrliche, gemeinsame Austausch mit unserem K\u00fcchenleiter Gerhard und den Bewohner*innen des Pflegezentrums statt. Bei den Treffen informiert der K\u00fcchenleiter die Bewohnerinnen und Bewohner zum Thema Regionalit\u00e4t, Saisonalit\u00e4t und Nachhaltigkeit der Lebensmittel. Es werden Neuerungen am Speiseplan besprochen und W\u00fcnsche der Bewohner*innen f\u00fcr die jeweilige Saison erhoben. Weiters werden ... Weiterlesen","og_url":"https:\/\/pflegezentrum-yspertal.at\/wordpress\/bitte-zu-tisch-genuss-verbindet-2","og_site_name":"Pflegezentrum Yspertal","article_published_time":"2023-06-06T09:20:54+00:00","article_modified_time":"2024-03-01T09:59:51+00:00","author":"yspertal","twitter_card":"summary_large_image","twitter_misc":{"Verfasst von":"yspertal","Gesch\u00e4tzte Lesezeit":"1\u00a0Minute"},"schema":{"@context":"https:\/\/schema.org","@graph":[{"@type":"Article","@id":"https:\/\/pflegezentrum-yspertal.at\/wordpress\/bitte-zu-tisch-genuss-verbindet-2#article","isPartOf":{"@id":"https:\/\/pflegezentrum-yspertal.at\/wordpress\/bitte-zu-tisch-genuss-verbindet-2"},"author":{"name":"yspertal","@id":"https:\/\/yspertal.netzspinnerei.at\/#\/schema\/person\/0438af216aae016d571caa687d414651"},"headline":"&#8222;Bitte zu Tisch &#8211; Genuss verbindet&#8220;","datePublished":"2023-06-06T09:20:54+00:00","dateModified":"2024-03-01T09:59:51+00:00","mainEntityOfPage":{"@id":"https:\/\/pflegezentrum-yspertal.at\/wordpress\/bitte-zu-tisch-genuss-verbindet-2"},"wordCount":188,"publisher":{"@id":"https:\/\/yspertal.netzspinnerei.at\/#organization"},"articleSection":["Aktuelles","Nachhaltigkeit","Was wir leben"],"inLanguage":"de"},{"@type":"WebPage","@id":"https:\/\/pflegezentrum-yspertal.at\/wordpress\/bitte-zu-tisch-genuss-verbindet-2","url":"https:\/\/pflegezentrum-yspertal.at\/wordpress\/bitte-zu-tisch-genuss-verbindet-2","name":"\"Bitte zu Tisch - Genuss verbindet\" - Pflegezentrum Yspertal","isPartOf":{"@id":"https:\/\/yspertal.netzspinnerei.at\/#website"},"datePublished":"2023-06-06T09:20:54+00:00","dateModified":"2024-03-01T09:59:51+00:00","breadcrumb":{"@id":"https:\/\/pflegezentrum-yspertal.at\/wordpress\/bitte-zu-tisch-genuss-verbindet-2#breadcrumb"},"inLanguage":"de","potentialAction":[{"@type":"ReadAction","target":["https:\/\/pflegezentrum-yspertal.at\/wordpress\/bitte-zu-tisch-genuss-verbindet-2"]}]},{"@type":"BreadcrumbList","@id":"https:\/\/pflegezentrum-yspertal.at\/wordpress\/bitte-zu-tisch-genuss-verbindet-2#breadcrumb","itemListElement":[{"@type":"ListItem","position":1,"name":"Home","item":"https:\/\/pflegezentrum-yspertal.at\/wordpress\/"},{"@type":"ListItem","position":2,"name":"Aktuelles","item":"https:\/\/yspertal.netzspinnerei.at\/category\/aktuelles"},{"@type":"ListItem","position":3,"name":"&#8222;Bitte zu Tisch &#8211; Genuss verbindet&#8220;"}]},{"@type":"WebSite","@id":"https:\/\/yspertal.netzspinnerei.at\/#website","url":"https:\/\/yspertal.netzspinnerei.at\/","name":"Pflegezentrum Yspertal","description":"","publisher":{"@id":"https:\/\/yspertal.netzspinnerei.at\/#organization"},"potentialAction":[{"@type":"SearchAction","target":{"@type":"EntryPoint","urlTemplate":"https:\/\/yspertal.netzspinnerei.at\/?s={search_term_string}"},"query-input":{"@type":"PropertyValueSpecification","valueRequired":true,"valueName":"search_term_string"}}],"inLanguage":"de"},{"@type":"Organization","@id":"https:\/\/yspertal.netzspinnerei.at\/#organization","name":"Pflegezentrum Yspertal","url":"https:\/\/yspertal.netzspinnerei.at\/","logo":{"@type":"ImageObject","inLanguage":"de","@id":"https:\/\/yspertal.netzspinnerei.at\/#\/schema\/logo\/image\/","url":"https:\/\/pflegezentrum-yspertal.at\/wordpress\/wp-content\/uploads\/2023\/10\/Logo-Border.jpg","contentUrl":"https:\/\/pflegezentrum-yspertal.at\/wordpress\/wp-content\/uploads\/2023\/10\/Logo-Border.jpg","width":787,"height":102,"caption":"Pflegezentrum Yspertal"},"image":{"@id":"https:\/\/yspertal.netzspinnerei.at\/#\/schema\/logo\/image\/"}},{"@type":"Person","@id":"https:\/\/yspertal.netzspinnerei.at\/#\/schema\/person\/0438af216aae016d571caa687d414651","name":"yspertal","image":{"@type":"ImageObject","inLanguage":"de","@id":"https:\/\/secure.gravatar.com\/avatar\/d6d6f149f3e4dfd0fec95c58d9bf27d576441d81faa3399f60eebaa71358d6a9?s=96&d=mm&r=g","url":"https:\/\/secure.gravatar.com\/avatar\/d6d6f149f3e4dfd0fec95c58d9bf27d576441d81faa3399f60eebaa71358d6a9?s=96&d=mm&r=g","contentUrl":"https:\/\/secure.gravatar.com\/avatar\/d6d6f149f3e4dfd0fec95c58d9bf27d576441d81faa3399f60eebaa71358d6a9?s=96&d=mm&r=g","caption":"yspertal"},"url":"https:\/\/pflegezentrum-yspertal.at\/wordpress\/author\/yspertal"}]}},"_links":{"self":[{"href":"https:\/\/pflegezentrum-yspertal.at\/wordpress\/wp-json\/wp\/v2\/posts\/5429","targetHints":{"allow":["GET"]}}],"collection":[{"href":"https:\/\/pflegezentrum-yspertal.at\/wordpress\/wp-json\/wp\/v2\/posts"}],"about":[{"href":"https:\/\/pflegezentrum-yspertal.at\/wordpress\/wp-json\/wp\/v2\/types\/post"}],"author":[{"embeddable":true,"href":"https:\/\/pflegezentrum-yspertal.at\/wordpress\/wp-json\/wp\/v2\/users\/4"}],"replies":[{"embeddable":true,"href":"https:\/\/pflegezentrum-yspertal.at\/wordpress\/wp-json\/wp\/v2\/comments?post=5429"}],"version-history":[{"count":3,"href":"https:\/\/pflegezentrum-yspertal.at\/wordpress\/wp-json\/wp\/v2\/posts\/5429\/revisions"}],"predecessor-version":[{"id":7966,"href":"https:\/\/pflegezentrum-yspertal.at\/wordpress\/wp-json\/wp\/v2\/posts\/5429\/revisions\/7966"}],"wp:attachment":[{"href":"https:\/\/pflegezentrum-yspertal.at\/wordpress\/wp-json\/wp\/v2\/media?parent=5429"}],"wp:term":[{"taxonomy":"category","embeddable":true,"href":"https:\/\/pflegezentrum-yspertal.at\/wordpress\/wp-json\/wp\/v2\/categories?post=5429"},{"taxonomy":"post_tag","embeddable":true,"href":"https:\/\/pflegezentrum-yspertal.at\/wordpress\/wp-json\/wp\/v2\/tags?post=5429"}],"curies":[{"name":"wp","href":"https:\/\/api.w.org\/{rel}","templated":true}]}}