{"id":5427,"date":"2023-06-06T09:19:53","date_gmt":"2023-06-06T09:19:53","guid":{"rendered":"https:\/\/pflegezentrum-yspertal.at\/wordpress\/?p=5427"},"modified":"2024-03-01T09:57:10","modified_gmt":"2024-03-01T09:57:10","slug":"projekt-vitalkueche-tut-gut","status":"publish","type":"post","link":"https:\/\/pflegezentrum-yspertal.at\/wordpress\/projekt-vitalkueche-tut-gut","title":{"rendered":"Projekt Vitalk\u00fcche &#8222;Tut gut&#8220;"},"content":{"rendered":"\n<p>Genussvolles Essen im Pflegezentrum Yspertal&nbsp;<\/p>\n\n\n\n<p>\u201eEssen ist Genuss\u201c. Das ganze Leben lang. Bedarf und Bed\u00fcrfnisse ver\u00e4ndern sich jedoch mit zunehmendem Alter. Fakt ist, betagte Menschen sind h\u00e4ufig von Mangel- und Fehlern\u00e4hrung betroffen. Folgen sind eine h\u00f6here Anf\u00e4lligkeit f\u00fcr Erkrankungen, Infektionen, beeintr\u00e4chtigte Wundheilung und daraus ergibt sich ein verst\u00e4rkter Pflege- und Betreuungsaufwand. Ern\u00e4hrung ist ein ganz wichtiger Faktor f\u00fcr Wohlbefinden und steigert die Lebensqualit\u00e4t. Um gesund zu bleiben, m\u00fcssen wir unserem K\u00f6rper t\u00e4glich ausreichend und ausgewogen mit allen ben\u00f6tigten N\u00e4hrstoffen versorgen. Auch der Einsatz der verwendeten Produkte hat gesundheitliche Auswirkungen und kann viel zum Umweltschutz beitragen, durch verk\u00fcrzte Transportwege, Regionalit\u00e4t und Saisonalit\u00e4t.<\/p>\n\n\n\n<p>Wir stellen f\u00fcr unsere Bewohner*innen eine gesunde und nachhaltige Ern\u00e4hrung sicher.<\/p>\n\n\n\n<p>Essen und Trinken ist mehr als das Stillen des physiologischen Hungers und Dursts. Im Rahmen von Mahlzeiten werden Genuss und Freude vermittelt und es ist ein soziales Erlebnis in der Gemeinschaft f\u00fcr unsere Bewohnerinnen und Bewohner.<\/p>\n\n\n\n<p>\u201eZiel dieses Projektes\u201c ist eine weitere Optimierung der Qualit\u00e4t des Speisenangebotes in der Gemeinschaftsverpflegung unter ern\u00e4hrungsphysiologischen, \u00f6kologischen und sozialen Aspekten.<\/p>\n\n\n\n<p>Dabei stimmen wir gemeinsam mit den Bewohner*innen den Speiseplan so ab, dass gesunde, regionale, saisonale, biologische Speisen zubereitet werden. Die Optimierungsma\u00dfnahmen beziehen sich auf das Angebot von Fr\u00fchst\u00fccks- und Mittagsverpflegung, Jausen- und Getr\u00e4nkeangebot und Abendverpflegung.<\/p>\n\n\n\n<p>Wir haben uns viele Fragen gestellt und setzen uns in diesem Projekt kritisch damit auseinander:<\/p>\n\n\n\n<p>Wie kann es gelingen die kritischen N\u00e4hrstoffe &#8211; Lebensmittel mit N\u00e4hrstoffplus in den Speiseplan und die Zwischenmahlzeiten einbauen?<\/p>\n\n\n\n<p>Wie kann es gelingen die Lieblingsspeisen aufzuwerten?<\/p>\n\n\n\n<p>Wie motivieren wir die Bewohner*innen&nbsp; zum guten Essen und Trinken?<\/p>\n\n\n\n<p>Wie regen wir den Appetit an und wie unterst\u00fctzen wir die Selbst\u00e4ndigkeit?<\/p>\n\n\n\n<p>Wie unterst\u00fctzen wir Menschen mit Demenz beim Essen?<\/p>\n\n\n\n<p>Menschen haben Erinnerungen und verbinden Gef\u00fchle mit bestimmten Gerichten. Daher setzen wir verst\u00e4rkt auf die Biografie orientierte Men\u00fcplanung.<\/p>\n\n\n\n<p><strong>In allen Phasen des Projekts werden wir von den Expertinnen\/Experten der Tut Gut &nbsp;\u201eVitalk\u00fcche\u201c ARGE Gemeinschaftsverpflegung in Nieder\u00f6sterreich begleitet!<\/strong><\/p>\n","protected":false},"excerpt":{"rendered":"<p>Genussvolles Essen im Pflegezentrum Yspertal&nbsp; \u201eEssen ist Genuss\u201c. Das ganze Leben lang. Bedarf und Bed\u00fcrfnisse ver\u00e4ndern sich jedoch mit zunehmendem Alter. Fakt ist, betagte Menschen sind h\u00e4ufig von Mangel- und Fehlern\u00e4hrung betroffen. Folgen sind eine h\u00f6here Anf\u00e4lligkeit f\u00fcr Erkrankungen, Infektionen, beeintr\u00e4chtigte Wundheilung und daraus ergibt sich ein verst\u00e4rkter Pflege- und Betreuungsaufwand. Ern\u00e4hrung ist ein ganz &#8230; <a title=\"Projekt Vitalk\u00fcche &#8222;Tut gut&#8220;\" class=\"read-more\" href=\"https:\/\/pflegezentrum-yspertal.at\/wordpress\/projekt-vitalkueche-tut-gut\" aria-label=\"Mehr Informationen \u00fcber Projekt Vitalk\u00fcche &#8222;Tut gut&#8220;\">Weiterlesen<\/a><\/p>\n","protected":false},"author":4,"featured_media":0,"comment_status":"closed","ping_status":"closed","sticky":false,"template":"","format":"standard","meta":{"inline_featured_image":false,"footnotes":""},"categories":[1,31,27],"tags":[],"class_list":["post-5427","post","type-post","status-publish","format-standard","hentry","category-aktuelles","category-nachhaltigkeit","category-was-wir-leben"],"yoast_head":"<!-- This site is optimized with the Yoast SEO plugin v27.4 - https:\/\/yoast.com\/product\/yoast-seo-wordpress\/ -->\n<title>Projekt Vitalk\u00fcche &quot;Tut gut&quot; - Pflegezentrum Yspertal<\/title>\n<meta name=\"robots\" content=\"index, follow, max-snippet:-1, max-image-preview:large, max-video-preview:-1\" \/>\n<link rel=\"canonical\" href=\"https:\/\/pflegezentrum-yspertal.at\/wordpress\/projekt-vitalkueche-tut-gut\" \/>\n<meta property=\"og:locale\" content=\"de_DE\" \/>\n<meta property=\"og:type\" content=\"article\" \/>\n<meta property=\"og:title\" content=\"Projekt Vitalk\u00fcche &quot;Tut gut&quot; - Pflegezentrum Yspertal\" \/>\n<meta property=\"og:description\" content=\"Genussvolles Essen im Pflegezentrum Yspertal&nbsp; \u201eEssen ist Genuss\u201c. Das ganze Leben lang. Bedarf und Bed\u00fcrfnisse ver\u00e4ndern sich jedoch mit zunehmendem Alter. Fakt ist, betagte Menschen sind h\u00e4ufig von Mangel- und Fehlern\u00e4hrung betroffen. Folgen sind eine h\u00f6here Anf\u00e4lligkeit f\u00fcr Erkrankungen, Infektionen, beeintr\u00e4chtigte Wundheilung und daraus ergibt sich ein verst\u00e4rkter Pflege- und Betreuungsaufwand. Ern\u00e4hrung ist ein ganz ... Weiterlesen\" \/>\n<meta property=\"og:url\" content=\"https:\/\/pflegezentrum-yspertal.at\/wordpress\/projekt-vitalkueche-tut-gut\" \/>\n<meta property=\"og:site_name\" content=\"Pflegezentrum Yspertal\" \/>\n<meta property=\"article:published_time\" content=\"2023-06-06T09:19:53+00:00\" \/>\n<meta property=\"article:modified_time\" content=\"2024-03-01T09:57:10+00:00\" \/>\n<meta name=\"author\" content=\"yspertal\" \/>\n<meta name=\"twitter:card\" content=\"summary_large_image\" \/>\n<meta name=\"twitter:label1\" content=\"Verfasst von\" \/>\n\t<meta name=\"twitter:data1\" content=\"yspertal\" \/>\n\t<meta name=\"twitter:label2\" content=\"Gesch\u00e4tzte Lesezeit\" \/>\n\t<meta name=\"twitter:data2\" content=\"2\u00a0Minuten\" \/>\n<script type=\"application\/ld+json\" class=\"yoast-schema-graph\">{\"@context\":\"https:\\\/\\\/schema.org\",\"@graph\":[{\"@type\":\"Article\",\"@id\":\"https:\\\/\\\/pflegezentrum-yspertal.at\\\/wordpress\\\/projekt-vitalkueche-tut-gut#article\",\"isPartOf\":{\"@id\":\"https:\\\/\\\/pflegezentrum-yspertal.at\\\/wordpress\\\/projekt-vitalkueche-tut-gut\"},\"author\":{\"name\":\"yspertal\",\"@id\":\"https:\\\/\\\/yspertal.netzspinnerei.at\\\/#\\\/schema\\\/person\\\/0438af216aae016d571caa687d414651\"},\"headline\":\"Projekt Vitalk\u00fcche &#8222;Tut gut&#8220;\",\"datePublished\":\"2023-06-06T09:19:53+00:00\",\"dateModified\":\"2024-03-01T09:57:10+00:00\",\"mainEntityOfPage\":{\"@id\":\"https:\\\/\\\/pflegezentrum-yspertal.at\\\/wordpress\\\/projekt-vitalkueche-tut-gut\"},\"wordCount\":361,\"publisher\":{\"@id\":\"https:\\\/\\\/yspertal.netzspinnerei.at\\\/#organization\"},\"articleSection\":[\"Aktuelles\",\"Nachhaltigkeit\",\"Was wir leben\"],\"inLanguage\":\"de\"},{\"@type\":\"WebPage\",\"@id\":\"https:\\\/\\\/pflegezentrum-yspertal.at\\\/wordpress\\\/projekt-vitalkueche-tut-gut\",\"url\":\"https:\\\/\\\/pflegezentrum-yspertal.at\\\/wordpress\\\/projekt-vitalkueche-tut-gut\",\"name\":\"Projekt Vitalk\u00fcche \\\"Tut gut\\\" - Pflegezentrum Yspertal\",\"isPartOf\":{\"@id\":\"https:\\\/\\\/yspertal.netzspinnerei.at\\\/#website\"},\"datePublished\":\"2023-06-06T09:19:53+00:00\",\"dateModified\":\"2024-03-01T09:57:10+00:00\",\"breadcrumb\":{\"@id\":\"https:\\\/\\\/pflegezentrum-yspertal.at\\\/wordpress\\\/projekt-vitalkueche-tut-gut#breadcrumb\"},\"inLanguage\":\"de\",\"potentialAction\":[{\"@type\":\"ReadAction\",\"target\":[\"https:\\\/\\\/pflegezentrum-yspertal.at\\\/wordpress\\\/projekt-vitalkueche-tut-gut\"]}]},{\"@type\":\"BreadcrumbList\",\"@id\":\"https:\\\/\\\/pflegezentrum-yspertal.at\\\/wordpress\\\/projekt-vitalkueche-tut-gut#breadcrumb\",\"itemListElement\":[{\"@type\":\"ListItem\",\"position\":1,\"name\":\"Home\",\"item\":\"https:\\\/\\\/pflegezentrum-yspertal.at\\\/wordpress\\\/\"},{\"@type\":\"ListItem\",\"position\":2,\"name\":\"Was wir leben\",\"item\":\"https:\\\/\\\/yspertal.netzspinnerei.at\\\/category\\\/was-wir-leben\"},{\"@type\":\"ListItem\",\"position\":3,\"name\":\"Projekt Vitalk\u00fcche &#8222;Tut gut&#8220;\"}]},{\"@type\":\"WebSite\",\"@id\":\"https:\\\/\\\/yspertal.netzspinnerei.at\\\/#website\",\"url\":\"https:\\\/\\\/yspertal.netzspinnerei.at\\\/\",\"name\":\"Pflegezentrum Yspertal\",\"description\":\"\",\"publisher\":{\"@id\":\"https:\\\/\\\/yspertal.netzspinnerei.at\\\/#organization\"},\"potentialAction\":[{\"@type\":\"SearchAction\",\"target\":{\"@type\":\"EntryPoint\",\"urlTemplate\":\"https:\\\/\\\/yspertal.netzspinnerei.at\\\/?s={search_term_string}\"},\"query-input\":{\"@type\":\"PropertyValueSpecification\",\"valueRequired\":true,\"valueName\":\"search_term_string\"}}],\"inLanguage\":\"de\"},{\"@type\":\"Organization\",\"@id\":\"https:\\\/\\\/yspertal.netzspinnerei.at\\\/#organization\",\"name\":\"Pflegezentrum Yspertal\",\"url\":\"https:\\\/\\\/yspertal.netzspinnerei.at\\\/\",\"logo\":{\"@type\":\"ImageObject\",\"inLanguage\":\"de\",\"@id\":\"https:\\\/\\\/yspertal.netzspinnerei.at\\\/#\\\/schema\\\/logo\\\/image\\\/\",\"url\":\"https:\\\/\\\/pflegezentrum-yspertal.at\\\/wordpress\\\/wp-content\\\/uploads\\\/2023\\\/10\\\/Logo-Border.jpg\",\"contentUrl\":\"https:\\\/\\\/pflegezentrum-yspertal.at\\\/wordpress\\\/wp-content\\\/uploads\\\/2023\\\/10\\\/Logo-Border.jpg\",\"width\":787,\"height\":102,\"caption\":\"Pflegezentrum Yspertal\"},\"image\":{\"@id\":\"https:\\\/\\\/yspertal.netzspinnerei.at\\\/#\\\/schema\\\/logo\\\/image\\\/\"}},{\"@type\":\"Person\",\"@id\":\"https:\\\/\\\/yspertal.netzspinnerei.at\\\/#\\\/schema\\\/person\\\/0438af216aae016d571caa687d414651\",\"name\":\"yspertal\",\"image\":{\"@type\":\"ImageObject\",\"inLanguage\":\"de\",\"@id\":\"https:\\\/\\\/secure.gravatar.com\\\/avatar\\\/d6d6f149f3e4dfd0fec95c58d9bf27d576441d81faa3399f60eebaa71358d6a9?s=96&d=mm&r=g\",\"url\":\"https:\\\/\\\/secure.gravatar.com\\\/avatar\\\/d6d6f149f3e4dfd0fec95c58d9bf27d576441d81faa3399f60eebaa71358d6a9?s=96&d=mm&r=g\",\"contentUrl\":\"https:\\\/\\\/secure.gravatar.com\\\/avatar\\\/d6d6f149f3e4dfd0fec95c58d9bf27d576441d81faa3399f60eebaa71358d6a9?s=96&d=mm&r=g\",\"caption\":\"yspertal\"},\"url\":\"https:\\\/\\\/pflegezentrum-yspertal.at\\\/wordpress\\\/author\\\/yspertal\"}]}<\/script>\n<!-- \/ Yoast SEO plugin. -->","yoast_head_json":{"title":"Projekt Vitalk\u00fcche \"Tut gut\" - Pflegezentrum Yspertal","robots":{"index":"index","follow":"follow","max-snippet":"max-snippet:-1","max-image-preview":"max-image-preview:large","max-video-preview":"max-video-preview:-1"},"canonical":"https:\/\/pflegezentrum-yspertal.at\/wordpress\/projekt-vitalkueche-tut-gut","og_locale":"de_DE","og_type":"article","og_title":"Projekt Vitalk\u00fcche \"Tut gut\" - Pflegezentrum Yspertal","og_description":"Genussvolles Essen im Pflegezentrum Yspertal&nbsp; \u201eEssen ist Genuss\u201c. Das ganze Leben lang. Bedarf und Bed\u00fcrfnisse ver\u00e4ndern sich jedoch mit zunehmendem Alter. Fakt ist, betagte Menschen sind h\u00e4ufig von Mangel- und Fehlern\u00e4hrung betroffen. Folgen sind eine h\u00f6here Anf\u00e4lligkeit f\u00fcr Erkrankungen, Infektionen, beeintr\u00e4chtigte Wundheilung und daraus ergibt sich ein verst\u00e4rkter Pflege- und Betreuungsaufwand. Ern\u00e4hrung ist ein ganz ... Weiterlesen","og_url":"https:\/\/pflegezentrum-yspertal.at\/wordpress\/projekt-vitalkueche-tut-gut","og_site_name":"Pflegezentrum Yspertal","article_published_time":"2023-06-06T09:19:53+00:00","article_modified_time":"2024-03-01T09:57:10+00:00","author":"yspertal","twitter_card":"summary_large_image","twitter_misc":{"Verfasst von":"yspertal","Gesch\u00e4tzte Lesezeit":"2\u00a0Minuten"},"schema":{"@context":"https:\/\/schema.org","@graph":[{"@type":"Article","@id":"https:\/\/pflegezentrum-yspertal.at\/wordpress\/projekt-vitalkueche-tut-gut#article","isPartOf":{"@id":"https:\/\/pflegezentrum-yspertal.at\/wordpress\/projekt-vitalkueche-tut-gut"},"author":{"name":"yspertal","@id":"https:\/\/yspertal.netzspinnerei.at\/#\/schema\/person\/0438af216aae016d571caa687d414651"},"headline":"Projekt Vitalk\u00fcche &#8222;Tut gut&#8220;","datePublished":"2023-06-06T09:19:53+00:00","dateModified":"2024-03-01T09:57:10+00:00","mainEntityOfPage":{"@id":"https:\/\/pflegezentrum-yspertal.at\/wordpress\/projekt-vitalkueche-tut-gut"},"wordCount":361,"publisher":{"@id":"https:\/\/yspertal.netzspinnerei.at\/#organization"},"articleSection":["Aktuelles","Nachhaltigkeit","Was wir leben"],"inLanguage":"de"},{"@type":"WebPage","@id":"https:\/\/pflegezentrum-yspertal.at\/wordpress\/projekt-vitalkueche-tut-gut","url":"https:\/\/pflegezentrum-yspertal.at\/wordpress\/projekt-vitalkueche-tut-gut","name":"Projekt Vitalk\u00fcche \"Tut gut\" - Pflegezentrum Yspertal","isPartOf":{"@id":"https:\/\/yspertal.netzspinnerei.at\/#website"},"datePublished":"2023-06-06T09:19:53+00:00","dateModified":"2024-03-01T09:57:10+00:00","breadcrumb":{"@id":"https:\/\/pflegezentrum-yspertal.at\/wordpress\/projekt-vitalkueche-tut-gut#breadcrumb"},"inLanguage":"de","potentialAction":[{"@type":"ReadAction","target":["https:\/\/pflegezentrum-yspertal.at\/wordpress\/projekt-vitalkueche-tut-gut"]}]},{"@type":"BreadcrumbList","@id":"https:\/\/pflegezentrum-yspertal.at\/wordpress\/projekt-vitalkueche-tut-gut#breadcrumb","itemListElement":[{"@type":"ListItem","position":1,"name":"Home","item":"https:\/\/pflegezentrum-yspertal.at\/wordpress\/"},{"@type":"ListItem","position":2,"name":"Was wir leben","item":"https:\/\/yspertal.netzspinnerei.at\/category\/was-wir-leben"},{"@type":"ListItem","position":3,"name":"Projekt Vitalk\u00fcche &#8222;Tut gut&#8220;"}]},{"@type":"WebSite","@id":"https:\/\/yspertal.netzspinnerei.at\/#website","url":"https:\/\/yspertal.netzspinnerei.at\/","name":"Pflegezentrum Yspertal","description":"","publisher":{"@id":"https:\/\/yspertal.netzspinnerei.at\/#organization"},"potentialAction":[{"@type":"SearchAction","target":{"@type":"EntryPoint","urlTemplate":"https:\/\/yspertal.netzspinnerei.at\/?s={search_term_string}"},"query-input":{"@type":"PropertyValueSpecification","valueRequired":true,"valueName":"search_term_string"}}],"inLanguage":"de"},{"@type":"Organization","@id":"https:\/\/yspertal.netzspinnerei.at\/#organization","name":"Pflegezentrum Yspertal","url":"https:\/\/yspertal.netzspinnerei.at\/","logo":{"@type":"ImageObject","inLanguage":"de","@id":"https:\/\/yspertal.netzspinnerei.at\/#\/schema\/logo\/image\/","url":"https:\/\/pflegezentrum-yspertal.at\/wordpress\/wp-content\/uploads\/2023\/10\/Logo-Border.jpg","contentUrl":"https:\/\/pflegezentrum-yspertal.at\/wordpress\/wp-content\/uploads\/2023\/10\/Logo-Border.jpg","width":787,"height":102,"caption":"Pflegezentrum Yspertal"},"image":{"@id":"https:\/\/yspertal.netzspinnerei.at\/#\/schema\/logo\/image\/"}},{"@type":"Person","@id":"https:\/\/yspertal.netzspinnerei.at\/#\/schema\/person\/0438af216aae016d571caa687d414651","name":"yspertal","image":{"@type":"ImageObject","inLanguage":"de","@id":"https:\/\/secure.gravatar.com\/avatar\/d6d6f149f3e4dfd0fec95c58d9bf27d576441d81faa3399f60eebaa71358d6a9?s=96&d=mm&r=g","url":"https:\/\/secure.gravatar.com\/avatar\/d6d6f149f3e4dfd0fec95c58d9bf27d576441d81faa3399f60eebaa71358d6a9?s=96&d=mm&r=g","contentUrl":"https:\/\/secure.gravatar.com\/avatar\/d6d6f149f3e4dfd0fec95c58d9bf27d576441d81faa3399f60eebaa71358d6a9?s=96&d=mm&r=g","caption":"yspertal"},"url":"https:\/\/pflegezentrum-yspertal.at\/wordpress\/author\/yspertal"}]}},"_links":{"self":[{"href":"https:\/\/pflegezentrum-yspertal.at\/wordpress\/wp-json\/wp\/v2\/posts\/5427","targetHints":{"allow":["GET"]}}],"collection":[{"href":"https:\/\/pflegezentrum-yspertal.at\/wordpress\/wp-json\/wp\/v2\/posts"}],"about":[{"href":"https:\/\/pflegezentrum-yspertal.at\/wordpress\/wp-json\/wp\/v2\/types\/post"}],"author":[{"embeddable":true,"href":"https:\/\/pflegezentrum-yspertal.at\/wordpress\/wp-json\/wp\/v2\/users\/4"}],"replies":[{"embeddable":true,"href":"https:\/\/pflegezentrum-yspertal.at\/wordpress\/wp-json\/wp\/v2\/comments?post=5427"}],"version-history":[{"count":2,"href":"https:\/\/pflegezentrum-yspertal.at\/wordpress\/wp-json\/wp\/v2\/posts\/5427\/revisions"}],"predecessor-version":[{"id":7964,"href":"https:\/\/pflegezentrum-yspertal.at\/wordpress\/wp-json\/wp\/v2\/posts\/5427\/revisions\/7964"}],"wp:attachment":[{"href":"https:\/\/pflegezentrum-yspertal.at\/wordpress\/wp-json\/wp\/v2\/media?parent=5427"}],"wp:term":[{"taxonomy":"category","embeddable":true,"href":"https:\/\/pflegezentrum-yspertal.at\/wordpress\/wp-json\/wp\/v2\/categories?post=5427"},{"taxonomy":"post_tag","embeddable":true,"href":"https:\/\/pflegezentrum-yspertal.at\/wordpress\/wp-json\/wp\/v2\/tags?post=5427"}],"curies":[{"name":"wp","href":"https:\/\/api.w.org\/{rel}","templated":true}]}}