{"id":5425,"date":"2023-06-06T09:18:02","date_gmt":"2023-06-06T09:18:02","guid":{"rendered":"https:\/\/pflegezentrum-yspertal.at\/wordpress\/?p=5425"},"modified":"2024-03-01T10:01:22","modified_gmt":"2024-03-01T10:01:22","slug":"arbeitskreis-demenz-2","status":"publish","type":"post","link":"https:\/\/pflegezentrum-yspertal.at\/wordpress\/arbeitskreis-demenz-2","title":{"rendered":"Arbeitskreis Demenz"},"content":{"rendered":"\n<p class=\"has-text-align-center\"><strong>\u201eAbschied auf Raten &#8211; Leben mit Demenz\u201c<\/strong><\/p>\n\n\n\n<p class=\"has-text-align-center\"><em>Im Kopf sind schwarze Wolken,<br>dass Denken f\u00e4llt so schwer.<br>Reden, machen, laufen<br>kann ich bald nicht mehr.<br>Bitte bleib bei mir,<br>reiche mir die Hand.<br>Lass mich nicht alleine,<br>im unbekannten Land.<br>Singe mit mir Lieder,<br>tu` was MIR gef\u00e4llt.<br>Denn ich bin noch immer<br>Teil von dieser Welt.<\/em><\/p>\n\n\n\n<p class=\"has-text-align-center\">Verfasser unbekannt<\/p>\n\n\n\n<p>Die Beziehungsgestaltung von Menschen, welche an Demenz erkranken, ist im Pflege- und Betreuungsalltag eine gro\u00dfe Herausforderung.<\/p>\n\n\n\n<p>Wie k\u00f6nnen wir Menschen mit Demenz besser verstehen?<\/p>\n\n\n\n<ul class=\"wp-block-list\">\n<li>Menschen mit Demenz verstehen lernen<\/li>\n\n\n\n<li>Ein Mensch mit Demenz ist trotzdem ein erwachsener Mensch<\/li>\n\n\n\n<li>Die Welt eines Menschen mit Demenz macht Sinn<\/li>\n\n\n\n<li>Einfache und eindeutige Sprache benutzen<\/li>\n\n\n\n<li>Fordern und F\u00f6rdern \u2013 wenn angebracht!<\/li>\n\n\n\n<li>Richtige Fragestellung mit Ja-Nein-Fragen und Fragen mit wenigen Alternativen stellen<\/li>\n\n\n\n<li>Zeit f\u00fcr eine Antwort lassen<\/li>\n\n\n\n<li>Positiv kommunizieren<\/li>\n\n\n\n<li>Auch nonverbal kommunizieren<\/li>\n\n\n\n<li>Fordern und F\u00f6rdern \u2013 wenn angebracht!<\/li>\n\n\n\n<li>Den K\u00f6rper beanspruchen<\/li>\n\n\n\n<li>Erinnerungen wecken<\/li>\n\n\n\n<li>Die Selbstst\u00e4ndigkeit erhalten<\/li>\n\n\n\n<li>Soziale Kontakte f\u00f6rdern<\/li>\n\n\n\n<li>Struktur und Routine schaffen<\/li>\n\n\n\n<li>Eigene \u00dcberforderung vermeiden<\/li>\n<\/ul>\n\n\n\n<p>Womit besch\u00e4ftigen wir uns im Arbeitskreis?<\/p>\n\n\n\n<ul class=\"wp-block-list\">\n<li>Erinnerungsb\u00fccher mit den Angeh\u00f6rigen erstellen \u2013 Erinnerung schafft N\u00e4he<\/li>\n\n\n\n<li>Lieblingsmusik erheben und via Kopfh\u00f6rer abspielen (Biographiearbeit)<\/li>\n\n\n\n<li>Den Baum der Sinne nach den Jahreszeiten schm\u00fccken<\/li>\n\n\n\n<li>Kreativkiste verwenden \u2013 singen und musizieren<\/li>\n\n\n\n<li>Bilder malen unter dem Motto \u2013 \u201eIch zeig dir meine Welt\u201c<\/li>\n\n\n\n<li>Motorikst\u00e4nder erstellen<\/li>\n\n\n\n<li>Im Arbeitskreis Bewohner*innen evaluieren, die einen besonderen Bedarf an Demenzarbeit ben\u00f6tigen<\/li>\n\n\n\n<li>Neue Ideen sammeln<\/li>\n<\/ul>\n\n\n\n<p>Zusammen und mit vereinten Kr\u00e4ften k\u00f6nnen wir, den an Demenz erkrankten Menschen, den Sinn des Lebens wieder sp\u00fcren lassen und ihnen noch sch\u00f6ne Stunden und Lebensqualit\u00e4t bei uns im Pflegezentrum erm\u00f6glichen!<\/p>\n\n\n\n<p>Eine \u201eMessung\u201c der Lebensqualit\u00e4t der Pflege Demenzkranker ist schwierig. Ein Anzeichen f\u00fcr eine gute Qualit\u00e4t in der Betreuung Demenzkranker Menschen ist das Wohlbefinden der Bewohner*innen<\/p>\n","protected":false},"excerpt":{"rendered":"<p>\u201eAbschied auf Raten &#8211; Leben mit Demenz\u201c Im Kopf sind schwarze Wolken,dass Denken f\u00e4llt so schwer.Reden, machen, laufenkann ich bald nicht mehr.Bitte bleib bei mir,reiche mir die Hand.Lass mich nicht alleine,im unbekannten Land.Singe mit mir Lieder,tu` was MIR gef\u00e4llt.Denn ich bin noch immerTeil von dieser Welt. Verfasser unbekannt Die Beziehungsgestaltung von Menschen, welche an Demenz &#8230; <a title=\"Arbeitskreis Demenz\" class=\"read-more\" href=\"https:\/\/pflegezentrum-yspertal.at\/wordpress\/arbeitskreis-demenz-2\" aria-label=\"Mehr Informationen \u00fcber Arbeitskreis Demenz\">Weiterlesen<\/a><\/p>\n","protected":false},"author":4,"featured_media":0,"comment_status":"closed","ping_status":"closed","sticky":false,"template":"","format":"standard","meta":{"inline_featured_image":false,"footnotes":""},"categories":[1],"tags":[],"class_list":["post-5425","post","type-post","status-publish","format-standard","hentry","category-aktuelles"],"yoast_head":"<!-- This site is optimized with the Yoast SEO plugin v27.4 - https:\/\/yoast.com\/product\/yoast-seo-wordpress\/ -->\n<title>Arbeitskreis Demenz - Pflegezentrum Yspertal<\/title>\n<meta name=\"robots\" content=\"index, follow, max-snippet:-1, max-image-preview:large, max-video-preview:-1\" \/>\n<link rel=\"canonical\" href=\"https:\/\/pflegezentrum-yspertal.at\/wordpress\/arbeitskreis-demenz-2\" \/>\n<meta property=\"og:locale\" content=\"de_DE\" \/>\n<meta property=\"og:type\" content=\"article\" \/>\n<meta property=\"og:title\" content=\"Arbeitskreis Demenz - Pflegezentrum Yspertal\" \/>\n<meta property=\"og:description\" content=\"\u201eAbschied auf Raten &#8211; Leben mit Demenz\u201c Im Kopf sind schwarze Wolken,dass Denken f\u00e4llt so schwer.Reden, machen, laufenkann ich bald nicht mehr.Bitte bleib bei mir,reiche mir die Hand.Lass mich nicht alleine,im unbekannten Land.Singe mit mir Lieder,tu` was MIR gef\u00e4llt.Denn ich bin noch immerTeil von dieser Welt. Verfasser unbekannt Die Beziehungsgestaltung von Menschen, welche an Demenz ... Weiterlesen\" \/>\n<meta property=\"og:url\" content=\"https:\/\/pflegezentrum-yspertal.at\/wordpress\/arbeitskreis-demenz-2\" \/>\n<meta property=\"og:site_name\" content=\"Pflegezentrum Yspertal\" \/>\n<meta property=\"article:published_time\" content=\"2023-06-06T09:18:02+00:00\" \/>\n<meta property=\"article:modified_time\" content=\"2024-03-01T10:01:22+00:00\" \/>\n<meta name=\"author\" content=\"yspertal\" \/>\n<meta name=\"twitter:card\" content=\"summary_large_image\" \/>\n<meta name=\"twitter:label1\" content=\"Verfasst von\" \/>\n\t<meta name=\"twitter:data1\" content=\"yspertal\" \/>\n\t<meta name=\"twitter:label2\" content=\"Gesch\u00e4tzte Lesezeit\" \/>\n\t<meta name=\"twitter:data2\" content=\"2\u00a0Minuten\" \/>\n<script type=\"application\/ld+json\" class=\"yoast-schema-graph\">{\"@context\":\"https:\\\/\\\/schema.org\",\"@graph\":[{\"@type\":\"Article\",\"@id\":\"https:\\\/\\\/pflegezentrum-yspertal.at\\\/wordpress\\\/arbeitskreis-demenz-2#article\",\"isPartOf\":{\"@id\":\"https:\\\/\\\/pflegezentrum-yspertal.at\\\/wordpress\\\/arbeitskreis-demenz-2\"},\"author\":{\"name\":\"yspertal\",\"@id\":\"https:\\\/\\\/yspertal.netzspinnerei.at\\\/#\\\/schema\\\/person\\\/0438af216aae016d571caa687d414651\"},\"headline\":\"Arbeitskreis Demenz\",\"datePublished\":\"2023-06-06T09:18:02+00:00\",\"dateModified\":\"2024-03-01T10:01:22+00:00\",\"mainEntityOfPage\":{\"@id\":\"https:\\\/\\\/pflegezentrum-yspertal.at\\\/wordpress\\\/arbeitskreis-demenz-2\"},\"wordCount\":303,\"publisher\":{\"@id\":\"https:\\\/\\\/yspertal.netzspinnerei.at\\\/#organization\"},\"articleSection\":[\"Aktuelles\"],\"inLanguage\":\"de\"},{\"@type\":\"WebPage\",\"@id\":\"https:\\\/\\\/pflegezentrum-yspertal.at\\\/wordpress\\\/arbeitskreis-demenz-2\",\"url\":\"https:\\\/\\\/pflegezentrum-yspertal.at\\\/wordpress\\\/arbeitskreis-demenz-2\",\"name\":\"Arbeitskreis Demenz - Pflegezentrum Yspertal\",\"isPartOf\":{\"@id\":\"https:\\\/\\\/yspertal.netzspinnerei.at\\\/#website\"},\"datePublished\":\"2023-06-06T09:18:02+00:00\",\"dateModified\":\"2024-03-01T10:01:22+00:00\",\"breadcrumb\":{\"@id\":\"https:\\\/\\\/pflegezentrum-yspertal.at\\\/wordpress\\\/arbeitskreis-demenz-2#breadcrumb\"},\"inLanguage\":\"de\",\"potentialAction\":[{\"@type\":\"ReadAction\",\"target\":[\"https:\\\/\\\/pflegezentrum-yspertal.at\\\/wordpress\\\/arbeitskreis-demenz-2\"]}]},{\"@type\":\"BreadcrumbList\",\"@id\":\"https:\\\/\\\/pflegezentrum-yspertal.at\\\/wordpress\\\/arbeitskreis-demenz-2#breadcrumb\",\"itemListElement\":[{\"@type\":\"ListItem\",\"position\":1,\"name\":\"Home\",\"item\":\"https:\\\/\\\/pflegezentrum-yspertal.at\\\/wordpress\\\/\"},{\"@type\":\"ListItem\",\"position\":2,\"name\":\"Aktuelles\",\"item\":\"https:\\\/\\\/yspertal.netzspinnerei.at\\\/category\\\/aktuelles\"},{\"@type\":\"ListItem\",\"position\":3,\"name\":\"Arbeitskreis Demenz\"}]},{\"@type\":\"WebSite\",\"@id\":\"https:\\\/\\\/yspertal.netzspinnerei.at\\\/#website\",\"url\":\"https:\\\/\\\/yspertal.netzspinnerei.at\\\/\",\"name\":\"Pflegezentrum Yspertal\",\"description\":\"\",\"publisher\":{\"@id\":\"https:\\\/\\\/yspertal.netzspinnerei.at\\\/#organization\"},\"potentialAction\":[{\"@type\":\"SearchAction\",\"target\":{\"@type\":\"EntryPoint\",\"urlTemplate\":\"https:\\\/\\\/yspertal.netzspinnerei.at\\\/?s={search_term_string}\"},\"query-input\":{\"@type\":\"PropertyValueSpecification\",\"valueRequired\":true,\"valueName\":\"search_term_string\"}}],\"inLanguage\":\"de\"},{\"@type\":\"Organization\",\"@id\":\"https:\\\/\\\/yspertal.netzspinnerei.at\\\/#organization\",\"name\":\"Pflegezentrum Yspertal\",\"url\":\"https:\\\/\\\/yspertal.netzspinnerei.at\\\/\",\"logo\":{\"@type\":\"ImageObject\",\"inLanguage\":\"de\",\"@id\":\"https:\\\/\\\/yspertal.netzspinnerei.at\\\/#\\\/schema\\\/logo\\\/image\\\/\",\"url\":\"https:\\\/\\\/pflegezentrum-yspertal.at\\\/wordpress\\\/wp-content\\\/uploads\\\/2023\\\/10\\\/Logo-Border.jpg\",\"contentUrl\":\"https:\\\/\\\/pflegezentrum-yspertal.at\\\/wordpress\\\/wp-content\\\/uploads\\\/2023\\\/10\\\/Logo-Border.jpg\",\"width\":787,\"height\":102,\"caption\":\"Pflegezentrum Yspertal\"},\"image\":{\"@id\":\"https:\\\/\\\/yspertal.netzspinnerei.at\\\/#\\\/schema\\\/logo\\\/image\\\/\"}},{\"@type\":\"Person\",\"@id\":\"https:\\\/\\\/yspertal.netzspinnerei.at\\\/#\\\/schema\\\/person\\\/0438af216aae016d571caa687d414651\",\"name\":\"yspertal\",\"image\":{\"@type\":\"ImageObject\",\"inLanguage\":\"de\",\"@id\":\"https:\\\/\\\/secure.gravatar.com\\\/avatar\\\/d6d6f149f3e4dfd0fec95c58d9bf27d576441d81faa3399f60eebaa71358d6a9?s=96&d=mm&r=g\",\"url\":\"https:\\\/\\\/secure.gravatar.com\\\/avatar\\\/d6d6f149f3e4dfd0fec95c58d9bf27d576441d81faa3399f60eebaa71358d6a9?s=96&d=mm&r=g\",\"contentUrl\":\"https:\\\/\\\/secure.gravatar.com\\\/avatar\\\/d6d6f149f3e4dfd0fec95c58d9bf27d576441d81faa3399f60eebaa71358d6a9?s=96&d=mm&r=g\",\"caption\":\"yspertal\"},\"url\":\"https:\\\/\\\/pflegezentrum-yspertal.at\\\/wordpress\\\/author\\\/yspertal\"}]}<\/script>\n<!-- \/ Yoast SEO plugin. -->","yoast_head_json":{"title":"Arbeitskreis Demenz - Pflegezentrum Yspertal","robots":{"index":"index","follow":"follow","max-snippet":"max-snippet:-1","max-image-preview":"max-image-preview:large","max-video-preview":"max-video-preview:-1"},"canonical":"https:\/\/pflegezentrum-yspertal.at\/wordpress\/arbeitskreis-demenz-2","og_locale":"de_DE","og_type":"article","og_title":"Arbeitskreis Demenz - Pflegezentrum Yspertal","og_description":"\u201eAbschied auf Raten &#8211; Leben mit Demenz\u201c Im Kopf sind schwarze Wolken,dass Denken f\u00e4llt so schwer.Reden, machen, laufenkann ich bald nicht mehr.Bitte bleib bei mir,reiche mir die Hand.Lass mich nicht alleine,im unbekannten Land.Singe mit mir Lieder,tu` was MIR gef\u00e4llt.Denn ich bin noch immerTeil von dieser Welt. Verfasser unbekannt Die Beziehungsgestaltung von Menschen, welche an Demenz ... Weiterlesen","og_url":"https:\/\/pflegezentrum-yspertal.at\/wordpress\/arbeitskreis-demenz-2","og_site_name":"Pflegezentrum Yspertal","article_published_time":"2023-06-06T09:18:02+00:00","article_modified_time":"2024-03-01T10:01:22+00:00","author":"yspertal","twitter_card":"summary_large_image","twitter_misc":{"Verfasst von":"yspertal","Gesch\u00e4tzte Lesezeit":"2\u00a0Minuten"},"schema":{"@context":"https:\/\/schema.org","@graph":[{"@type":"Article","@id":"https:\/\/pflegezentrum-yspertal.at\/wordpress\/arbeitskreis-demenz-2#article","isPartOf":{"@id":"https:\/\/pflegezentrum-yspertal.at\/wordpress\/arbeitskreis-demenz-2"},"author":{"name":"yspertal","@id":"https:\/\/yspertal.netzspinnerei.at\/#\/schema\/person\/0438af216aae016d571caa687d414651"},"headline":"Arbeitskreis Demenz","datePublished":"2023-06-06T09:18:02+00:00","dateModified":"2024-03-01T10:01:22+00:00","mainEntityOfPage":{"@id":"https:\/\/pflegezentrum-yspertal.at\/wordpress\/arbeitskreis-demenz-2"},"wordCount":303,"publisher":{"@id":"https:\/\/yspertal.netzspinnerei.at\/#organization"},"articleSection":["Aktuelles"],"inLanguage":"de"},{"@type":"WebPage","@id":"https:\/\/pflegezentrum-yspertal.at\/wordpress\/arbeitskreis-demenz-2","url":"https:\/\/pflegezentrum-yspertal.at\/wordpress\/arbeitskreis-demenz-2","name":"Arbeitskreis Demenz - Pflegezentrum Yspertal","isPartOf":{"@id":"https:\/\/yspertal.netzspinnerei.at\/#website"},"datePublished":"2023-06-06T09:18:02+00:00","dateModified":"2024-03-01T10:01:22+00:00","breadcrumb":{"@id":"https:\/\/pflegezentrum-yspertal.at\/wordpress\/arbeitskreis-demenz-2#breadcrumb"},"inLanguage":"de","potentialAction":[{"@type":"ReadAction","target":["https:\/\/pflegezentrum-yspertal.at\/wordpress\/arbeitskreis-demenz-2"]}]},{"@type":"BreadcrumbList","@id":"https:\/\/pflegezentrum-yspertal.at\/wordpress\/arbeitskreis-demenz-2#breadcrumb","itemListElement":[{"@type":"ListItem","position":1,"name":"Home","item":"https:\/\/pflegezentrum-yspertal.at\/wordpress\/"},{"@type":"ListItem","position":2,"name":"Aktuelles","item":"https:\/\/yspertal.netzspinnerei.at\/category\/aktuelles"},{"@type":"ListItem","position":3,"name":"Arbeitskreis Demenz"}]},{"@type":"WebSite","@id":"https:\/\/yspertal.netzspinnerei.at\/#website","url":"https:\/\/yspertal.netzspinnerei.at\/","name":"Pflegezentrum Yspertal","description":"","publisher":{"@id":"https:\/\/yspertal.netzspinnerei.at\/#organization"},"potentialAction":[{"@type":"SearchAction","target":{"@type":"EntryPoint","urlTemplate":"https:\/\/yspertal.netzspinnerei.at\/?s={search_term_string}"},"query-input":{"@type":"PropertyValueSpecification","valueRequired":true,"valueName":"search_term_string"}}],"inLanguage":"de"},{"@type":"Organization","@id":"https:\/\/yspertal.netzspinnerei.at\/#organization","name":"Pflegezentrum Yspertal","url":"https:\/\/yspertal.netzspinnerei.at\/","logo":{"@type":"ImageObject","inLanguage":"de","@id":"https:\/\/yspertal.netzspinnerei.at\/#\/schema\/logo\/image\/","url":"https:\/\/pflegezentrum-yspertal.at\/wordpress\/wp-content\/uploads\/2023\/10\/Logo-Border.jpg","contentUrl":"https:\/\/pflegezentrum-yspertal.at\/wordpress\/wp-content\/uploads\/2023\/10\/Logo-Border.jpg","width":787,"height":102,"caption":"Pflegezentrum Yspertal"},"image":{"@id":"https:\/\/yspertal.netzspinnerei.at\/#\/schema\/logo\/image\/"}},{"@type":"Person","@id":"https:\/\/yspertal.netzspinnerei.at\/#\/schema\/person\/0438af216aae016d571caa687d414651","name":"yspertal","image":{"@type":"ImageObject","inLanguage":"de","@id":"https:\/\/secure.gravatar.com\/avatar\/d6d6f149f3e4dfd0fec95c58d9bf27d576441d81faa3399f60eebaa71358d6a9?s=96&d=mm&r=g","url":"https:\/\/secure.gravatar.com\/avatar\/d6d6f149f3e4dfd0fec95c58d9bf27d576441d81faa3399f60eebaa71358d6a9?s=96&d=mm&r=g","contentUrl":"https:\/\/secure.gravatar.com\/avatar\/d6d6f149f3e4dfd0fec95c58d9bf27d576441d81faa3399f60eebaa71358d6a9?s=96&d=mm&r=g","caption":"yspertal"},"url":"https:\/\/pflegezentrum-yspertal.at\/wordpress\/author\/yspertal"}]}},"_links":{"self":[{"href":"https:\/\/pflegezentrum-yspertal.at\/wordpress\/wp-json\/wp\/v2\/posts\/5425","targetHints":{"allow":["GET"]}}],"collection":[{"href":"https:\/\/pflegezentrum-yspertal.at\/wordpress\/wp-json\/wp\/v2\/posts"}],"about":[{"href":"https:\/\/pflegezentrum-yspertal.at\/wordpress\/wp-json\/wp\/v2\/types\/post"}],"author":[{"embeddable":true,"href":"https:\/\/pflegezentrum-yspertal.at\/wordpress\/wp-json\/wp\/v2\/users\/4"}],"replies":[{"embeddable":true,"href":"https:\/\/pflegezentrum-yspertal.at\/wordpress\/wp-json\/wp\/v2\/comments?post=5425"}],"version-history":[{"count":2,"href":"https:\/\/pflegezentrum-yspertal.at\/wordpress\/wp-json\/wp\/v2\/posts\/5425\/revisions"}],"predecessor-version":[{"id":7968,"href":"https:\/\/pflegezentrum-yspertal.at\/wordpress\/wp-json\/wp\/v2\/posts\/5425\/revisions\/7968"}],"wp:attachment":[{"href":"https:\/\/pflegezentrum-yspertal.at\/wordpress\/wp-json\/wp\/v2\/media?parent=5425"}],"wp:term":[{"taxonomy":"category","embeddable":true,"href":"https:\/\/pflegezentrum-yspertal.at\/wordpress\/wp-json\/wp\/v2\/categories?post=5425"},{"taxonomy":"post_tag","embeddable":true,"href":"https:\/\/pflegezentrum-yspertal.at\/wordpress\/wp-json\/wp\/v2\/tags?post=5425"}],"curies":[{"name":"wp","href":"https:\/\/api.w.org\/{rel}","templated":true}]}}