{"id":5423,"date":"2023-06-06T09:14:32","date_gmt":"2023-06-06T09:14:32","guid":{"rendered":"https:\/\/pflegezentrum-yspertal.at\/wordpress\/?p=5423"},"modified":"2024-03-01T10:02:23","modified_gmt":"2024-03-01T10:02:23","slug":"betriebliche-gesundheitsfoerderung-sich-einlassen-und-erfolgreich-sein","status":"publish","type":"post","link":"https:\/\/pflegezentrum-yspertal.at\/wordpress\/betriebliche-gesundheitsfoerderung-sich-einlassen-und-erfolgreich-sein","title":{"rendered":"Betriebliche Gesundheitsf\u00f6rderung &#8211; Sich einlassen und erfolgreich sein!"},"content":{"rendered":"\n<p>Die BGF-Experten der \u00d6sterreichischen Gesundheitskasse (\u00d6GK) unterst\u00fctzen bei der Analyse des Ist-Zustandes hinsichtlich gesundheitsrelevanter Themen. Unter Beteiligung der gesamten Belegschaft werden laufend Anpassungen bei Arbeitsabl\u00e4ufen, Kommunikationsstrukturen oder der Arbeitsplatzumgebung beraten und umgesetzt. Die Evaluierung erfolgt \u2013 zumeist durch eine neuerliche Befragung \u2013 wieder gemeinsam mit den Spezialisten der \u00d6GK.<\/p>\n\n\n\n<p><em>\u201eKooperation\u201c<\/em> lautet das Zauberwort in Sachen Betriebliche Gesundheitsf\u00f6rderung im Pflegezentrum Yspertal.<\/p>\n\n\n\n<p>Seit mehr als sechs Jahren setzt das Pflegezentrum Yspertal mit ma\u00dfgeblicher Unterst\u00fctzung der Beraterinnen und Berater der \u00d6sterreichischen Gesundheitskasse auf das Konzept der Betrieblichen Gesundheitsf\u00f6rderung. Gesteigerte Zufriedenheit mit den Vorgesetzten, Steigerung der Attraktivit\u00e4t als Arbeitgeber, sinkende Krankenstands-Raten und geringere Personalfluktuation \u2013 das sind die positiven Begleiterscheinungen und dadurch Motivation bei der t\u00e4glichen Arbeit.<\/p>\n\n\n\n<p>F\u00fcr die Jahre 2019 bis 2021 hat unser Haus zum ersten Mal das BGF-G\u00fctesiegel erhalten. \u201eHeuer suchen wir um die Wiederverleihung an\u201c, beschreibt Projektleiterin Claudia Selberherr, selbst Leiterin im Bereich Pflege- und Betreuung im Haus, einen durchaus spannenden Prozess: \u201eIn einem ersten Schritt mussten wir die v\u00f6llig unterschiedlichen Vorstellungen der F\u00fchrungskr\u00e4fte sowie der Mitarbeiterinnen und Mitarbeiter  zusammenf\u00fchren.\u201c Das G\u00fctesiegel f\u00fcr Betriebliche Gesundheitsf\u00f6rderung wurde dem Pflegezentrum das zweite Mal verliehen f\u00fcr den Zeitraum von 01.01.2022 bis 31.12.2024.<\/p>\n\n\n\n<p>Wenn von Betrieblicher Gesundheitsvorsorge die Rede war, hatte man vonseiten der Leitung eher Supervisionsangebote und gemeinsames Turnen im Sinn, w\u00e4hrend f\u00fcr einen Gro\u00dfteil der Belegschaft Themen wie die entsprechende Infrastruktur zur Pausengestaltung oder eine ad\u00e4quate Arbeitskleidung vordringlicher waren. Teamentwicklung, F\u00fchrungskr\u00e4ftecoaching und bei Bedarf Einzelcoachings werden gut angenommen.<\/p>\n\n\n\n<p>Schnell wurde klar: Wenn der Prozess Erfolg haben und nachhaltig sein soll m\u00fcssen wirklich alle mittun: \u201eOhne F\u00fchrungskr\u00e4fte bringst du es nicht an die Basis. Und nur, wenn du die Mitarbeiterinnen und Mitarbeiter im Boot hast, werden sie die Ma\u00dfnahmen auch mittragen\u201c, unterstreicht Selberherr die Notwendigkeit einer guten Kommunikation. Dabei sei die intensive Begleitung und Ausbildung &#8211; sowohl der F\u00fchrungskr\u00e4fte als auch der Mitarbeiter*innen &#8211; ein Schl\u00fcssel zum Erfolg. Das sorgt f\u00fcr Stabilit\u00e4t im Unternehmen.<\/p>\n\n\n\n<p>\u201eIn diesem Zusammenhang haben wir besonderes Augenmerk auf Gewaltpr\u00e4vention und den Umgang mit Belastungssituationen gelegt. Es geht darum, ein Selbstverst\u00e4ndnis aufzubauen, dass man bei \u00dcberforderung die Kolleg*innen oder eine F\u00fchrungskraft um Unterst\u00fctzung bittet\u201c, beschreibt die BGF-Verantwortliche die Zielsetzung. Laufende Schulungen sollen den Leitfaden zur Gewaltpr\u00e4vention immer wieder ins Bewusstsein r\u00fccken.<\/p>\n\n\n\n<p>Die Corona-Pandemie stellte alle vor neue Herausforderungen: Umstellen der Arbeitsabl\u00e4ufe, weg vom Stockwerk-\u00fcbergreifenden Arbeiten, st\u00e4ndiges Nachschulen und Sensibilisieren und strenge Regelung der Besuchszeiten. Durch den laufenden Prozess zur Betrieblichen Gesundheitsf\u00f6rderung konnte man auf bestehende Kommunikationsstrukturen, Zusammenhalt und Teamgeist aufbauen.<\/p>\n\n\n\n<p>Eine wesentliche Entlastung f\u00fcrs Personal brachte die Einf\u00fchrung des gratis Mittagessens. \u201eMitarbeiterinnen und Mitarbeiter  im Homeoffice und Eltern, die Kinder im Homeschooling zu versorgen hatten, konnten Essen mitnehmen und mussten zuhause nicht mehr kochen\u201c, erz\u00e4hlt Selberherr.<\/p>\n\n\n\n<p>Dass in der Berufsgruppe der Pflegeassistenz eineinhalb Dienstposten mehr zur Verf\u00fcgung stehen als das Berechnungsmodell vorsieht, habe vermutlich dazu beigetragen, dass in der Coronazeit die niedrigste Krankenstandsquote aller Zeiten verzeichnet wurde.&nbsp;&nbsp;&nbsp;<\/p>\n","protected":false},"excerpt":{"rendered":"<p>Die BGF-Experten der \u00d6sterreichischen Gesundheitskasse (\u00d6GK) unterst\u00fctzen bei der Analyse des Ist-Zustandes hinsichtlich gesundheitsrelevanter Themen. Unter Beteiligung der gesamten Belegschaft werden laufend Anpassungen bei Arbeitsabl\u00e4ufen, Kommunikationsstrukturen oder der Arbeitsplatzumgebung beraten und umgesetzt. Die Evaluierung erfolgt \u2013 zumeist durch eine neuerliche Befragung \u2013 wieder gemeinsam mit den Spezialisten der \u00d6GK. \u201eKooperation\u201c lautet das Zauberwort in Sachen &#8230; <a title=\"Betriebliche Gesundheitsf\u00f6rderung &#8211; Sich einlassen und erfolgreich sein!\" class=\"read-more\" href=\"https:\/\/pflegezentrum-yspertal.at\/wordpress\/betriebliche-gesundheitsfoerderung-sich-einlassen-und-erfolgreich-sein\" aria-label=\"Mehr Informationen \u00fcber Betriebliche Gesundheitsf\u00f6rderung &#8211; Sich einlassen und erfolgreich sein!\">Weiterlesen<\/a><\/p>\n","protected":false},"author":4,"featured_media":0,"comment_status":"closed","ping_status":"closed","sticky":false,"template":"","format":"standard","meta":{"inline_featured_image":false,"footnotes":""},"categories":[1,32,27],"tags":[],"class_list":["post-5423","post","type-post","status-publish","format-standard","hentry","category-aktuelles","category-gesundheitsfoerderung","category-was-wir-leben"],"yoast_head":"<!-- This site is optimized with the Yoast SEO plugin v27.4 - https:\/\/yoast.com\/product\/yoast-seo-wordpress\/ -->\n<title>Betriebliche Gesundheitsf\u00f6rderung - Sich einlassen und erfolgreich sein! - Pflegezentrum Yspertal<\/title>\n<meta name=\"robots\" content=\"index, follow, max-snippet:-1, max-image-preview:large, max-video-preview:-1\" \/>\n<link rel=\"canonical\" href=\"https:\/\/pflegezentrum-yspertal.at\/wordpress\/betriebliche-gesundheitsfoerderung-sich-einlassen-und-erfolgreich-sein\" \/>\n<meta property=\"og:locale\" content=\"de_DE\" \/>\n<meta property=\"og:type\" content=\"article\" \/>\n<meta property=\"og:title\" content=\"Betriebliche Gesundheitsf\u00f6rderung - Sich einlassen und erfolgreich sein! - Pflegezentrum Yspertal\" \/>\n<meta property=\"og:description\" content=\"Die BGF-Experten der \u00d6sterreichischen Gesundheitskasse (\u00d6GK) unterst\u00fctzen bei der Analyse des Ist-Zustandes hinsichtlich gesundheitsrelevanter Themen. Unter Beteiligung der gesamten Belegschaft werden laufend Anpassungen bei Arbeitsabl\u00e4ufen, Kommunikationsstrukturen oder der Arbeitsplatzumgebung beraten und umgesetzt. Die Evaluierung erfolgt \u2013 zumeist durch eine neuerliche Befragung \u2013 wieder gemeinsam mit den Spezialisten der \u00d6GK. \u201eKooperation\u201c lautet das Zauberwort in Sachen ... Weiterlesen\" \/>\n<meta property=\"og:url\" content=\"https:\/\/pflegezentrum-yspertal.at\/wordpress\/betriebliche-gesundheitsfoerderung-sich-einlassen-und-erfolgreich-sein\" \/>\n<meta property=\"og:site_name\" content=\"Pflegezentrum Yspertal\" \/>\n<meta property=\"article:published_time\" content=\"2023-06-06T09:14:32+00:00\" \/>\n<meta property=\"article:modified_time\" content=\"2024-03-01T10:02:23+00:00\" \/>\n<meta name=\"author\" content=\"yspertal\" \/>\n<meta name=\"twitter:card\" content=\"summary_large_image\" \/>\n<meta name=\"twitter:label1\" content=\"Verfasst von\" \/>\n\t<meta name=\"twitter:data1\" content=\"yspertal\" \/>\n\t<meta name=\"twitter:label2\" content=\"Gesch\u00e4tzte Lesezeit\" \/>\n\t<meta name=\"twitter:data2\" content=\"3\u00a0Minuten\" \/>\n<script type=\"application\/ld+json\" class=\"yoast-schema-graph\">{\"@context\":\"https:\\\/\\\/schema.org\",\"@graph\":[{\"@type\":\"Article\",\"@id\":\"https:\\\/\\\/pflegezentrum-yspertal.at\\\/wordpress\\\/betriebliche-gesundheitsfoerderung-sich-einlassen-und-erfolgreich-sein#article\",\"isPartOf\":{\"@id\":\"https:\\\/\\\/pflegezentrum-yspertal.at\\\/wordpress\\\/betriebliche-gesundheitsfoerderung-sich-einlassen-und-erfolgreich-sein\"},\"author\":{\"name\":\"yspertal\",\"@id\":\"https:\\\/\\\/yspertal.netzspinnerei.at\\\/#\\\/schema\\\/person\\\/0438af216aae016d571caa687d414651\"},\"headline\":\"Betriebliche Gesundheitsf\u00f6rderung &#8211; Sich einlassen und erfolgreich sein!\",\"datePublished\":\"2023-06-06T09:14:32+00:00\",\"dateModified\":\"2024-03-01T10:02:23+00:00\",\"mainEntityOfPage\":{\"@id\":\"https:\\\/\\\/pflegezentrum-yspertal.at\\\/wordpress\\\/betriebliche-gesundheitsfoerderung-sich-einlassen-und-erfolgreich-sein\"},\"wordCount\":521,\"publisher\":{\"@id\":\"https:\\\/\\\/yspertal.netzspinnerei.at\\\/#organization\"},\"articleSection\":[\"Aktuelles\",\"Gesundheitsf\u00f6rderung\",\"Was wir leben\"],\"inLanguage\":\"de\"},{\"@type\":\"WebPage\",\"@id\":\"https:\\\/\\\/pflegezentrum-yspertal.at\\\/wordpress\\\/betriebliche-gesundheitsfoerderung-sich-einlassen-und-erfolgreich-sein\",\"url\":\"https:\\\/\\\/pflegezentrum-yspertal.at\\\/wordpress\\\/betriebliche-gesundheitsfoerderung-sich-einlassen-und-erfolgreich-sein\",\"name\":\"Betriebliche Gesundheitsf\u00f6rderung - Sich einlassen und erfolgreich sein! - Pflegezentrum Yspertal\",\"isPartOf\":{\"@id\":\"https:\\\/\\\/yspertal.netzspinnerei.at\\\/#website\"},\"datePublished\":\"2023-06-06T09:14:32+00:00\",\"dateModified\":\"2024-03-01T10:02:23+00:00\",\"breadcrumb\":{\"@id\":\"https:\\\/\\\/pflegezentrum-yspertal.at\\\/wordpress\\\/betriebliche-gesundheitsfoerderung-sich-einlassen-und-erfolgreich-sein#breadcrumb\"},\"inLanguage\":\"de\",\"potentialAction\":[{\"@type\":\"ReadAction\",\"target\":[\"https:\\\/\\\/pflegezentrum-yspertal.at\\\/wordpress\\\/betriebliche-gesundheitsfoerderung-sich-einlassen-und-erfolgreich-sein\"]}]},{\"@type\":\"BreadcrumbList\",\"@id\":\"https:\\\/\\\/pflegezentrum-yspertal.at\\\/wordpress\\\/betriebliche-gesundheitsfoerderung-sich-einlassen-und-erfolgreich-sein#breadcrumb\",\"itemListElement\":[{\"@type\":\"ListItem\",\"position\":1,\"name\":\"Home\",\"item\":\"https:\\\/\\\/pflegezentrum-yspertal.at\\\/wordpress\\\/\"},{\"@type\":\"ListItem\",\"position\":2,\"name\":\"Was wir leben\",\"item\":\"https:\\\/\\\/yspertal.netzspinnerei.at\\\/category\\\/was-wir-leben\"},{\"@type\":\"ListItem\",\"position\":3,\"name\":\"Betriebliche Gesundheitsf\u00f6rderung &#8211; Sich einlassen und erfolgreich sein!\"}]},{\"@type\":\"WebSite\",\"@id\":\"https:\\\/\\\/yspertal.netzspinnerei.at\\\/#website\",\"url\":\"https:\\\/\\\/yspertal.netzspinnerei.at\\\/\",\"name\":\"Pflegezentrum Yspertal\",\"description\":\"\",\"publisher\":{\"@id\":\"https:\\\/\\\/yspertal.netzspinnerei.at\\\/#organization\"},\"potentialAction\":[{\"@type\":\"SearchAction\",\"target\":{\"@type\":\"EntryPoint\",\"urlTemplate\":\"https:\\\/\\\/yspertal.netzspinnerei.at\\\/?s={search_term_string}\"},\"query-input\":{\"@type\":\"PropertyValueSpecification\",\"valueRequired\":true,\"valueName\":\"search_term_string\"}}],\"inLanguage\":\"de\"},{\"@type\":\"Organization\",\"@id\":\"https:\\\/\\\/yspertal.netzspinnerei.at\\\/#organization\",\"name\":\"Pflegezentrum Yspertal\",\"url\":\"https:\\\/\\\/yspertal.netzspinnerei.at\\\/\",\"logo\":{\"@type\":\"ImageObject\",\"inLanguage\":\"de\",\"@id\":\"https:\\\/\\\/yspertal.netzspinnerei.at\\\/#\\\/schema\\\/logo\\\/image\\\/\",\"url\":\"https:\\\/\\\/pflegezentrum-yspertal.at\\\/wordpress\\\/wp-content\\\/uploads\\\/2023\\\/10\\\/Logo-Border.jpg\",\"contentUrl\":\"https:\\\/\\\/pflegezentrum-yspertal.at\\\/wordpress\\\/wp-content\\\/uploads\\\/2023\\\/10\\\/Logo-Border.jpg\",\"width\":787,\"height\":102,\"caption\":\"Pflegezentrum Yspertal\"},\"image\":{\"@id\":\"https:\\\/\\\/yspertal.netzspinnerei.at\\\/#\\\/schema\\\/logo\\\/image\\\/\"}},{\"@type\":\"Person\",\"@id\":\"https:\\\/\\\/yspertal.netzspinnerei.at\\\/#\\\/schema\\\/person\\\/0438af216aae016d571caa687d414651\",\"name\":\"yspertal\",\"image\":{\"@type\":\"ImageObject\",\"inLanguage\":\"de\",\"@id\":\"https:\\\/\\\/secure.gravatar.com\\\/avatar\\\/d6d6f149f3e4dfd0fec95c58d9bf27d576441d81faa3399f60eebaa71358d6a9?s=96&d=mm&r=g\",\"url\":\"https:\\\/\\\/secure.gravatar.com\\\/avatar\\\/d6d6f149f3e4dfd0fec95c58d9bf27d576441d81faa3399f60eebaa71358d6a9?s=96&d=mm&r=g\",\"contentUrl\":\"https:\\\/\\\/secure.gravatar.com\\\/avatar\\\/d6d6f149f3e4dfd0fec95c58d9bf27d576441d81faa3399f60eebaa71358d6a9?s=96&d=mm&r=g\",\"caption\":\"yspertal\"},\"url\":\"https:\\\/\\\/pflegezentrum-yspertal.at\\\/wordpress\\\/author\\\/yspertal\"}]}<\/script>\n<!-- \/ Yoast SEO plugin. -->","yoast_head_json":{"title":"Betriebliche Gesundheitsf\u00f6rderung - Sich einlassen und erfolgreich sein! - Pflegezentrum Yspertal","robots":{"index":"index","follow":"follow","max-snippet":"max-snippet:-1","max-image-preview":"max-image-preview:large","max-video-preview":"max-video-preview:-1"},"canonical":"https:\/\/pflegezentrum-yspertal.at\/wordpress\/betriebliche-gesundheitsfoerderung-sich-einlassen-und-erfolgreich-sein","og_locale":"de_DE","og_type":"article","og_title":"Betriebliche Gesundheitsf\u00f6rderung - Sich einlassen und erfolgreich sein! - Pflegezentrum Yspertal","og_description":"Die BGF-Experten der \u00d6sterreichischen Gesundheitskasse (\u00d6GK) unterst\u00fctzen bei der Analyse des Ist-Zustandes hinsichtlich gesundheitsrelevanter Themen. Unter Beteiligung der gesamten Belegschaft werden laufend Anpassungen bei Arbeitsabl\u00e4ufen, Kommunikationsstrukturen oder der Arbeitsplatzumgebung beraten und umgesetzt. Die Evaluierung erfolgt \u2013 zumeist durch eine neuerliche Befragung \u2013 wieder gemeinsam mit den Spezialisten der \u00d6GK. \u201eKooperation\u201c lautet das Zauberwort in Sachen ... Weiterlesen","og_url":"https:\/\/pflegezentrum-yspertal.at\/wordpress\/betriebliche-gesundheitsfoerderung-sich-einlassen-und-erfolgreich-sein","og_site_name":"Pflegezentrum Yspertal","article_published_time":"2023-06-06T09:14:32+00:00","article_modified_time":"2024-03-01T10:02:23+00:00","author":"yspertal","twitter_card":"summary_large_image","twitter_misc":{"Verfasst von":"yspertal","Gesch\u00e4tzte Lesezeit":"3\u00a0Minuten"},"schema":{"@context":"https:\/\/schema.org","@graph":[{"@type":"Article","@id":"https:\/\/pflegezentrum-yspertal.at\/wordpress\/betriebliche-gesundheitsfoerderung-sich-einlassen-und-erfolgreich-sein#article","isPartOf":{"@id":"https:\/\/pflegezentrum-yspertal.at\/wordpress\/betriebliche-gesundheitsfoerderung-sich-einlassen-und-erfolgreich-sein"},"author":{"name":"yspertal","@id":"https:\/\/yspertal.netzspinnerei.at\/#\/schema\/person\/0438af216aae016d571caa687d414651"},"headline":"Betriebliche Gesundheitsf\u00f6rderung &#8211; Sich einlassen und erfolgreich sein!","datePublished":"2023-06-06T09:14:32+00:00","dateModified":"2024-03-01T10:02:23+00:00","mainEntityOfPage":{"@id":"https:\/\/pflegezentrum-yspertal.at\/wordpress\/betriebliche-gesundheitsfoerderung-sich-einlassen-und-erfolgreich-sein"},"wordCount":521,"publisher":{"@id":"https:\/\/yspertal.netzspinnerei.at\/#organization"},"articleSection":["Aktuelles","Gesundheitsf\u00f6rderung","Was wir leben"],"inLanguage":"de"},{"@type":"WebPage","@id":"https:\/\/pflegezentrum-yspertal.at\/wordpress\/betriebliche-gesundheitsfoerderung-sich-einlassen-und-erfolgreich-sein","url":"https:\/\/pflegezentrum-yspertal.at\/wordpress\/betriebliche-gesundheitsfoerderung-sich-einlassen-und-erfolgreich-sein","name":"Betriebliche Gesundheitsf\u00f6rderung - Sich einlassen und erfolgreich sein! - Pflegezentrum Yspertal","isPartOf":{"@id":"https:\/\/yspertal.netzspinnerei.at\/#website"},"datePublished":"2023-06-06T09:14:32+00:00","dateModified":"2024-03-01T10:02:23+00:00","breadcrumb":{"@id":"https:\/\/pflegezentrum-yspertal.at\/wordpress\/betriebliche-gesundheitsfoerderung-sich-einlassen-und-erfolgreich-sein#breadcrumb"},"inLanguage":"de","potentialAction":[{"@type":"ReadAction","target":["https:\/\/pflegezentrum-yspertal.at\/wordpress\/betriebliche-gesundheitsfoerderung-sich-einlassen-und-erfolgreich-sein"]}]},{"@type":"BreadcrumbList","@id":"https:\/\/pflegezentrum-yspertal.at\/wordpress\/betriebliche-gesundheitsfoerderung-sich-einlassen-und-erfolgreich-sein#breadcrumb","itemListElement":[{"@type":"ListItem","position":1,"name":"Home","item":"https:\/\/pflegezentrum-yspertal.at\/wordpress\/"},{"@type":"ListItem","position":2,"name":"Was wir leben","item":"https:\/\/yspertal.netzspinnerei.at\/category\/was-wir-leben"},{"@type":"ListItem","position":3,"name":"Betriebliche Gesundheitsf\u00f6rderung &#8211; Sich einlassen und erfolgreich sein!"}]},{"@type":"WebSite","@id":"https:\/\/yspertal.netzspinnerei.at\/#website","url":"https:\/\/yspertal.netzspinnerei.at\/","name":"Pflegezentrum Yspertal","description":"","publisher":{"@id":"https:\/\/yspertal.netzspinnerei.at\/#organization"},"potentialAction":[{"@type":"SearchAction","target":{"@type":"EntryPoint","urlTemplate":"https:\/\/yspertal.netzspinnerei.at\/?s={search_term_string}"},"query-input":{"@type":"PropertyValueSpecification","valueRequired":true,"valueName":"search_term_string"}}],"inLanguage":"de"},{"@type":"Organization","@id":"https:\/\/yspertal.netzspinnerei.at\/#organization","name":"Pflegezentrum Yspertal","url":"https:\/\/yspertal.netzspinnerei.at\/","logo":{"@type":"ImageObject","inLanguage":"de","@id":"https:\/\/yspertal.netzspinnerei.at\/#\/schema\/logo\/image\/","url":"https:\/\/pflegezentrum-yspertal.at\/wordpress\/wp-content\/uploads\/2023\/10\/Logo-Border.jpg","contentUrl":"https:\/\/pflegezentrum-yspertal.at\/wordpress\/wp-content\/uploads\/2023\/10\/Logo-Border.jpg","width":787,"height":102,"caption":"Pflegezentrum Yspertal"},"image":{"@id":"https:\/\/yspertal.netzspinnerei.at\/#\/schema\/logo\/image\/"}},{"@type":"Person","@id":"https:\/\/yspertal.netzspinnerei.at\/#\/schema\/person\/0438af216aae016d571caa687d414651","name":"yspertal","image":{"@type":"ImageObject","inLanguage":"de","@id":"https:\/\/secure.gravatar.com\/avatar\/d6d6f149f3e4dfd0fec95c58d9bf27d576441d81faa3399f60eebaa71358d6a9?s=96&d=mm&r=g","url":"https:\/\/secure.gravatar.com\/avatar\/d6d6f149f3e4dfd0fec95c58d9bf27d576441d81faa3399f60eebaa71358d6a9?s=96&d=mm&r=g","contentUrl":"https:\/\/secure.gravatar.com\/avatar\/d6d6f149f3e4dfd0fec95c58d9bf27d576441d81faa3399f60eebaa71358d6a9?s=96&d=mm&r=g","caption":"yspertal"},"url":"https:\/\/pflegezentrum-yspertal.at\/wordpress\/author\/yspertal"}]}},"_links":{"self":[{"href":"https:\/\/pflegezentrum-yspertal.at\/wordpress\/wp-json\/wp\/v2\/posts\/5423","targetHints":{"allow":["GET"]}}],"collection":[{"href":"https:\/\/pflegezentrum-yspertal.at\/wordpress\/wp-json\/wp\/v2\/posts"}],"about":[{"href":"https:\/\/pflegezentrum-yspertal.at\/wordpress\/wp-json\/wp\/v2\/types\/post"}],"author":[{"embeddable":true,"href":"https:\/\/pflegezentrum-yspertal.at\/wordpress\/wp-json\/wp\/v2\/users\/4"}],"replies":[{"embeddable":true,"href":"https:\/\/pflegezentrum-yspertal.at\/wordpress\/wp-json\/wp\/v2\/comments?post=5423"}],"version-history":[{"count":2,"href":"https:\/\/pflegezentrum-yspertal.at\/wordpress\/wp-json\/wp\/v2\/posts\/5423\/revisions"}],"predecessor-version":[{"id":7969,"href":"https:\/\/pflegezentrum-yspertal.at\/wordpress\/wp-json\/wp\/v2\/posts\/5423\/revisions\/7969"}],"wp:attachment":[{"href":"https:\/\/pflegezentrum-yspertal.at\/wordpress\/wp-json\/wp\/v2\/media?parent=5423"}],"wp:term":[{"taxonomy":"category","embeddable":true,"href":"https:\/\/pflegezentrum-yspertal.at\/wordpress\/wp-json\/wp\/v2\/categories?post=5423"},{"taxonomy":"post_tag","embeddable":true,"href":"https:\/\/pflegezentrum-yspertal.at\/wordpress\/wp-json\/wp\/v2\/tags?post=5423"}],"curies":[{"name":"wp","href":"https:\/\/api.w.org\/{rel}","templated":true}]}}