{"id":4919,"date":"2022-09-27T11:04:00","date_gmt":"2022-09-27T11:04:00","guid":{"rendered":"https:\/\/pflegezentrum-yspertal.at\/wordpress\/?p=4919"},"modified":"2022-09-29T11:05:58","modified_gmt":"2022-09-29T11:05:58","slug":"geburtstagsrunde-8","status":"publish","type":"post","link":"https:\/\/pflegezentrum-yspertal.at\/wordpress\/geburtstagsrunde-8","title":{"rendered":"Geburtstagsrunde"},"content":{"rendered":"\n<p>K\u00fcrzlich wurde f\u00fcr alle Geburtstagskinder des Monats September im Pflegezentrum eine Geburtstagsfeier ausgerichtet. Alle geladenen G\u00e4ste hatten sich fein rausgeputzt und der gedeckte Tisch mit Blumenschmuck lie\u00df eine fr\u00f6hliche Stimmung aufkommen. Aus der K\u00fcche gab es eine leckere Biskuitroulade und Fr. Annemarie Hackl sorgte mit ihrer Musik wieder f\u00fcr ein fr\u00f6hliches Beisammensein. Bei solchen Gelegenheiten wird immer gerne mitgesungen und mitgeklatscht. F\u00fcr die Gemeinde gratulierte Gemeinder\u00e4tin Frau Irmgard Wehofer.<\/p>\n\n\n\n<p>Wir w\u00fcnschen allen Geburtstagskindern des Monats September von Herzen viel Gesundheit und viele sch\u00f6ne Momente im kommenden Jahr.<\/p>\n\n\n\n<figure class=\"wp-block-gallery has-nested-images columns-default is-cropped wp-block-gallery-1 is-layout-flex wp-block-gallery-is-layout-flex\">\n<figure class=\"wp-block-image size-large\"><a href=\"https:\/\/pflegezentrum-yspertal.at\/wordpress\/wp-content\/uploads\/2022\/09\/IMG-20220927-WA0005.jpg\"><img loading=\"lazy\" decoding=\"async\" width=\"1500\" height=\"2000\" data-id=\"4920\" src=\"https:\/\/pflegezentrum-yspertal.at\/wordpress\/wp-content\/uploads\/2022\/09\/IMG-20220927-WA0005.jpg\" alt=\"\" class=\"wp-image-4920\" srcset=\"https:\/\/pflegezentrum-yspertal.at\/wordpress\/wp-content\/uploads\/2022\/09\/IMG-20220927-WA0005.jpg 1500w, https:\/\/pflegezentrum-yspertal.at\/wordpress\/wp-content\/uploads\/2022\/09\/IMG-20220927-WA0005-225x300.jpg 225w, https:\/\/pflegezentrum-yspertal.at\/wordpress\/wp-content\/uploads\/2022\/09\/IMG-20220927-WA0005-768x1024.jpg 768w, https:\/\/pflegezentrum-yspertal.at\/wordpress\/wp-content\/uploads\/2022\/09\/IMG-20220927-WA0005-1152x1536.jpg 1152w, https:\/\/pflegezentrum-yspertal.at\/wordpress\/wp-content\/uploads\/2022\/09\/IMG-20220927-WA0005-637x849.jpg 637w, https:\/\/pflegezentrum-yspertal.at\/wordpress\/wp-content\/uploads\/2022\/09\/IMG-20220927-WA0005-970x1293.jpg 970w, https:\/\/pflegezentrum-yspertal.at\/wordpress\/wp-content\/uploads\/2022\/09\/IMG-20220927-WA0005-214x285.jpg 214w\" sizes=\"auto, (max-width: 1500px) 100vw, 1500px\" \/><\/a><\/figure>\n\n\n\n<figure class=\"wp-block-image size-large\"><a href=\"https:\/\/pflegezentrum-yspertal.at\/wordpress\/wp-content\/uploads\/2022\/09\/Geburtstag_September_2022_2.jpg\"><img loading=\"lazy\" decoding=\"async\" width=\"1500\" height=\"2000\" data-id=\"4921\" src=\"https:\/\/pflegezentrum-yspertal.at\/wordpress\/wp-content\/uploads\/2022\/09\/Geburtstag_September_2022_2.jpg\" alt=\"\" class=\"wp-image-4921\" srcset=\"https:\/\/pflegezentrum-yspertal.at\/wordpress\/wp-content\/uploads\/2022\/09\/Geburtstag_September_2022_2.jpg 1500w, https:\/\/pflegezentrum-yspertal.at\/wordpress\/wp-content\/uploads\/2022\/09\/Geburtstag_September_2022_2-225x300.jpg 225w, https:\/\/pflegezentrum-yspertal.at\/wordpress\/wp-content\/uploads\/2022\/09\/Geburtstag_September_2022_2-768x1024.jpg 768w, https:\/\/pflegezentrum-yspertal.at\/wordpress\/wp-content\/uploads\/2022\/09\/Geburtstag_September_2022_2-1152x1536.jpg 1152w, https:\/\/pflegezentrum-yspertal.at\/wordpress\/wp-content\/uploads\/2022\/09\/Geburtstag_September_2022_2-637x849.jpg 637w, https:\/\/pflegezentrum-yspertal.at\/wordpress\/wp-content\/uploads\/2022\/09\/Geburtstag_September_2022_2-970x1293.jpg 970w, https:\/\/pflegezentrum-yspertal.at\/wordpress\/wp-content\/uploads\/2022\/09\/Geburtstag_September_2022_2-214x285.jpg 214w\" sizes=\"auto, (max-width: 1500px) 100vw, 1500px\" \/><\/a><\/figure>\n\n\n\n<figure class=\"wp-block-image size-large\"><a href=\"https:\/\/pflegezentrum-yspertal.at\/wordpress\/wp-content\/uploads\/2022\/09\/IMG-20220927-WA0003.jpg\"><img loading=\"lazy\" decoding=\"async\" width=\"1500\" height=\"2000\" data-id=\"4922\" src=\"https:\/\/pflegezentrum-yspertal.at\/wordpress\/wp-content\/uploads\/2022\/09\/IMG-20220927-WA0003.jpg\" alt=\"\" class=\"wp-image-4922\" srcset=\"https:\/\/pflegezentrum-yspertal.at\/wordpress\/wp-content\/uploads\/2022\/09\/IMG-20220927-WA0003.jpg 1500w, https:\/\/pflegezentrum-yspertal.at\/wordpress\/wp-content\/uploads\/2022\/09\/IMG-20220927-WA0003-263x350.jpg 263w, https:\/\/pflegezentrum-yspertal.at\/wordpress\/wp-content\/uploads\/2022\/09\/IMG-20220927-WA0003-768x1024.jpg 768w, https:\/\/pflegezentrum-yspertal.at\/wordpress\/wp-content\/uploads\/2022\/09\/IMG-20220927-WA0003-1152x1536.jpg 1152w, https:\/\/pflegezentrum-yspertal.at\/wordpress\/wp-content\/uploads\/2022\/09\/IMG-20220927-WA0003-225x300.jpg 225w, https:\/\/pflegezentrum-yspertal.at\/wordpress\/wp-content\/uploads\/2022\/09\/IMG-20220927-WA0003-637x849.jpg 637w, https:\/\/pflegezentrum-yspertal.at\/wordpress\/wp-content\/uploads\/2022\/09\/IMG-20220927-WA0003-970x1293.jpg 970w, https:\/\/pflegezentrum-yspertal.at\/wordpress\/wp-content\/uploads\/2022\/09\/IMG-20220927-WA0003-214x285.jpg 214w\" sizes=\"auto, (max-width: 1500px) 100vw, 1500px\" \/><\/a><\/figure>\n\n\n\n<figure class=\"wp-block-image size-large\"><a href=\"https:\/\/pflegezentrum-yspertal.at\/wordpress\/wp-content\/uploads\/2022\/09\/IMG-20220927-WA0004.jpg\"><img loading=\"lazy\" decoding=\"async\" width=\"1500\" height=\"2000\" data-id=\"4923\" src=\"https:\/\/pflegezentrum-yspertal.at\/wordpress\/wp-content\/uploads\/2022\/09\/IMG-20220927-WA0004.jpg\" alt=\"\" class=\"wp-image-4923\" srcset=\"https:\/\/pflegezentrum-yspertal.at\/wordpress\/wp-content\/uploads\/2022\/09\/IMG-20220927-WA0004.jpg 1500w, https:\/\/pflegezentrum-yspertal.at\/wordpress\/wp-content\/uploads\/2022\/09\/IMG-20220927-WA0004-225x300.jpg 225w, https:\/\/pflegezentrum-yspertal.at\/wordpress\/wp-content\/uploads\/2022\/09\/IMG-20220927-WA0004-768x1024.jpg 768w, https:\/\/pflegezentrum-yspertal.at\/wordpress\/wp-content\/uploads\/2022\/09\/IMG-20220927-WA0004-1152x1536.jpg 1152w, https:\/\/pflegezentrum-yspertal.at\/wordpress\/wp-content\/uploads\/2022\/09\/IMG-20220927-WA0004-637x849.jpg 637w, https:\/\/pflegezentrum-yspertal.at\/wordpress\/wp-content\/uploads\/2022\/09\/IMG-20220927-WA0004-970x1293.jpg 970w, https:\/\/pflegezentrum-yspertal.at\/wordpress\/wp-content\/uploads\/2022\/09\/IMG-20220927-WA0004-214x285.jpg 214w\" sizes=\"auto, (max-width: 1500px) 100vw, 1500px\" \/><\/a><\/figure>\n<\/figure>\n","protected":false},"excerpt":{"rendered":"<p>K\u00fcrzlich wurde f\u00fcr alle Geburtstagskinder des Monats September im Pflegezentrum eine Geburtstagsfeier ausgerichtet. Alle geladenen G\u00e4ste hatten sich fein rausgeputzt und der gedeckte Tisch mit Blumenschmuck lie\u00df eine fr\u00f6hliche Stimmung aufkommen. Aus der K\u00fcche gab es eine leckere Biskuitroulade und Fr. Annemarie Hackl sorgte mit ihrer Musik wieder f\u00fcr ein fr\u00f6hliches Beisammensein. Bei solchen Gelegenheiten &#8230; <a title=\"Geburtstagsrunde\" class=\"read-more\" href=\"https:\/\/pflegezentrum-yspertal.at\/wordpress\/geburtstagsrunde-8\" aria-label=\"Mehr Informationen \u00fcber Geburtstagsrunde\">Weiterlesen<\/a><\/p>\n","protected":false},"author":4,"featured_media":4922,"comment_status":"closed","ping_status":"closed","sticky":false,"template":"","format":"standard","meta":{"inline_featured_image":false,"footnotes":""},"categories":[1],"tags":[],"class_list":["post-4919","post","type-post","status-publish","format-standard","has-post-thumbnail","hentry","category-aktuelles"],"yoast_head":"<!-- This site is optimized with the Yoast SEO plugin v27.4 - https:\/\/yoast.com\/product\/yoast-seo-wordpress\/ -->\n<title>Geburtstagsrunde - Pflegezentrum Yspertal<\/title>\n<meta name=\"robots\" content=\"index, follow, max-snippet:-1, max-image-preview:large, max-video-preview:-1\" \/>\n<link rel=\"canonical\" href=\"https:\/\/pflegezentrum-yspertal.at\/wordpress\/geburtstagsrunde-8\" \/>\n<meta property=\"og:locale\" content=\"de_DE\" \/>\n<meta property=\"og:type\" content=\"article\" \/>\n<meta property=\"og:title\" content=\"Geburtstagsrunde - Pflegezentrum Yspertal\" \/>\n<meta property=\"og:description\" content=\"K\u00fcrzlich wurde f\u00fcr alle Geburtstagskinder des Monats September im Pflegezentrum eine Geburtstagsfeier ausgerichtet. Alle geladenen G\u00e4ste hatten sich fein rausgeputzt und der gedeckte Tisch mit Blumenschmuck lie\u00df eine fr\u00f6hliche Stimmung aufkommen. Aus der K\u00fcche gab es eine leckere Biskuitroulade und Fr. Annemarie Hackl sorgte mit ihrer Musik wieder f\u00fcr ein fr\u00f6hliches Beisammensein. Bei solchen Gelegenheiten ... Weiterlesen\" \/>\n<meta property=\"og:url\" content=\"https:\/\/pflegezentrum-yspertal.at\/wordpress\/geburtstagsrunde-8\" \/>\n<meta property=\"og:site_name\" content=\"Pflegezentrum Yspertal\" \/>\n<meta property=\"article:published_time\" content=\"2022-09-27T11:04:00+00:00\" \/>\n<meta property=\"article:modified_time\" content=\"2022-09-29T11:05:58+00:00\" \/>\n<meta property=\"og:image\" content=\"https:\/\/pflegezentrum-yspertal.at\/wordpress\/wp-content\/uploads\/2022\/09\/IMG-20220927-WA0003.jpg\" \/>\n\t<meta property=\"og:image:width\" content=\"1500\" \/>\n\t<meta property=\"og:image:height\" content=\"2000\" \/>\n\t<meta property=\"og:image:type\" content=\"image\/jpeg\" \/>\n<meta name=\"author\" content=\"yspertal\" \/>\n<meta name=\"twitter:card\" content=\"summary_large_image\" \/>\n<meta name=\"twitter:label1\" content=\"Verfasst von\" \/>\n\t<meta name=\"twitter:data1\" content=\"yspertal\" \/>\n\t<meta name=\"twitter:label2\" content=\"Gesch\u00e4tzte Lesezeit\" \/>\n\t<meta name=\"twitter:data2\" content=\"2\u00a0Minuten\" \/>\n<script type=\"application\/ld+json\" class=\"yoast-schema-graph\">{\"@context\":\"https:\\\/\\\/schema.org\",\"@graph\":[{\"@type\":\"Article\",\"@id\":\"https:\\\/\\\/pflegezentrum-yspertal.at\\\/wordpress\\\/geburtstagsrunde-8#article\",\"isPartOf\":{\"@id\":\"https:\\\/\\\/pflegezentrum-yspertal.at\\\/wordpress\\\/geburtstagsrunde-8\"},\"author\":{\"name\":\"yspertal\",\"@id\":\"https:\\\/\\\/yspertal.netzspinnerei.at\\\/#\\\/schema\\\/person\\\/0438af216aae016d571caa687d414651\"},\"headline\":\"Geburtstagsrunde\",\"datePublished\":\"2022-09-27T11:04:00+00:00\",\"dateModified\":\"2022-09-29T11:05:58+00:00\",\"mainEntityOfPage\":{\"@id\":\"https:\\\/\\\/pflegezentrum-yspertal.at\\\/wordpress\\\/geburtstagsrunde-8\"},\"wordCount\":99,\"publisher\":{\"@id\":\"https:\\\/\\\/yspertal.netzspinnerei.at\\\/#organization\"},\"image\":{\"@id\":\"https:\\\/\\\/pflegezentrum-yspertal.at\\\/wordpress\\\/geburtstagsrunde-8#primaryimage\"},\"thumbnailUrl\":\"https:\\\/\\\/pflegezentrum-yspertal.at\\\/wordpress\\\/wp-content\\\/uploads\\\/2022\\\/09\\\/IMG-20220927-WA0003.jpg\",\"articleSection\":[\"Aktuelles\"],\"inLanguage\":\"de\"},{\"@type\":\"WebPage\",\"@id\":\"https:\\\/\\\/pflegezentrum-yspertal.at\\\/wordpress\\\/geburtstagsrunde-8\",\"url\":\"https:\\\/\\\/pflegezentrum-yspertal.at\\\/wordpress\\\/geburtstagsrunde-8\",\"name\":\"Geburtstagsrunde - Pflegezentrum Yspertal\",\"isPartOf\":{\"@id\":\"https:\\\/\\\/yspertal.netzspinnerei.at\\\/#website\"},\"primaryImageOfPage\":{\"@id\":\"https:\\\/\\\/pflegezentrum-yspertal.at\\\/wordpress\\\/geburtstagsrunde-8#primaryimage\"},\"image\":{\"@id\":\"https:\\\/\\\/pflegezentrum-yspertal.at\\\/wordpress\\\/geburtstagsrunde-8#primaryimage\"},\"thumbnailUrl\":\"https:\\\/\\\/pflegezentrum-yspertal.at\\\/wordpress\\\/wp-content\\\/uploads\\\/2022\\\/09\\\/IMG-20220927-WA0003.jpg\",\"datePublished\":\"2022-09-27T11:04:00+00:00\",\"dateModified\":\"2022-09-29T11:05:58+00:00\",\"breadcrumb\":{\"@id\":\"https:\\\/\\\/pflegezentrum-yspertal.at\\\/wordpress\\\/geburtstagsrunde-8#breadcrumb\"},\"inLanguage\":\"de\",\"potentialAction\":[{\"@type\":\"ReadAction\",\"target\":[\"https:\\\/\\\/pflegezentrum-yspertal.at\\\/wordpress\\\/geburtstagsrunde-8\"]}]},{\"@type\":\"ImageObject\",\"inLanguage\":\"de\",\"@id\":\"https:\\\/\\\/pflegezentrum-yspertal.at\\\/wordpress\\\/geburtstagsrunde-8#primaryimage\",\"url\":\"https:\\\/\\\/pflegezentrum-yspertal.at\\\/wordpress\\\/wp-content\\\/uploads\\\/2022\\\/09\\\/IMG-20220927-WA0003.jpg\",\"contentUrl\":\"https:\\\/\\\/pflegezentrum-yspertal.at\\\/wordpress\\\/wp-content\\\/uploads\\\/2022\\\/09\\\/IMG-20220927-WA0003.jpg\",\"width\":1500,\"height\":2000},{\"@type\":\"BreadcrumbList\",\"@id\":\"https:\\\/\\\/pflegezentrum-yspertal.at\\\/wordpress\\\/geburtstagsrunde-8#breadcrumb\",\"itemListElement\":[{\"@type\":\"ListItem\",\"position\":1,\"name\":\"Home\",\"item\":\"https:\\\/\\\/pflegezentrum-yspertal.at\\\/wordpress\\\/\"},{\"@type\":\"ListItem\",\"position\":2,\"name\":\"Aktuelles\",\"item\":\"https:\\\/\\\/yspertal.netzspinnerei.at\\\/category\\\/aktuelles\"},{\"@type\":\"ListItem\",\"position\":3,\"name\":\"Geburtstagsrunde\"}]},{\"@type\":\"WebSite\",\"@id\":\"https:\\\/\\\/yspertal.netzspinnerei.at\\\/#website\",\"url\":\"https:\\\/\\\/yspertal.netzspinnerei.at\\\/\",\"name\":\"Pflegezentrum Yspertal\",\"description\":\"\",\"publisher\":{\"@id\":\"https:\\\/\\\/yspertal.netzspinnerei.at\\\/#organization\"},\"potentialAction\":[{\"@type\":\"SearchAction\",\"target\":{\"@type\":\"EntryPoint\",\"urlTemplate\":\"https:\\\/\\\/yspertal.netzspinnerei.at\\\/?s={search_term_string}\"},\"query-input\":{\"@type\":\"PropertyValueSpecification\",\"valueRequired\":true,\"valueName\":\"search_term_string\"}}],\"inLanguage\":\"de\"},{\"@type\":\"Organization\",\"@id\":\"https:\\\/\\\/yspertal.netzspinnerei.at\\\/#organization\",\"name\":\"Pflegezentrum Yspertal\",\"url\":\"https:\\\/\\\/yspertal.netzspinnerei.at\\\/\",\"logo\":{\"@type\":\"ImageObject\",\"inLanguage\":\"de\",\"@id\":\"https:\\\/\\\/yspertal.netzspinnerei.at\\\/#\\\/schema\\\/logo\\\/image\\\/\",\"url\":\"https:\\\/\\\/pflegezentrum-yspertal.at\\\/wordpress\\\/wp-content\\\/uploads\\\/2023\\\/10\\\/Logo-Border.jpg\",\"contentUrl\":\"https:\\\/\\\/pflegezentrum-yspertal.at\\\/wordpress\\\/wp-content\\\/uploads\\\/2023\\\/10\\\/Logo-Border.jpg\",\"width\":787,\"height\":102,\"caption\":\"Pflegezentrum Yspertal\"},\"image\":{\"@id\":\"https:\\\/\\\/yspertal.netzspinnerei.at\\\/#\\\/schema\\\/logo\\\/image\\\/\"}},{\"@type\":\"Person\",\"@id\":\"https:\\\/\\\/yspertal.netzspinnerei.at\\\/#\\\/schema\\\/person\\\/0438af216aae016d571caa687d414651\",\"name\":\"yspertal\",\"image\":{\"@type\":\"ImageObject\",\"inLanguage\":\"de\",\"@id\":\"https:\\\/\\\/secure.gravatar.com\\\/avatar\\\/d6d6f149f3e4dfd0fec95c58d9bf27d576441d81faa3399f60eebaa71358d6a9?s=96&d=mm&r=g\",\"url\":\"https:\\\/\\\/secure.gravatar.com\\\/avatar\\\/d6d6f149f3e4dfd0fec95c58d9bf27d576441d81faa3399f60eebaa71358d6a9?s=96&d=mm&r=g\",\"contentUrl\":\"https:\\\/\\\/secure.gravatar.com\\\/avatar\\\/d6d6f149f3e4dfd0fec95c58d9bf27d576441d81faa3399f60eebaa71358d6a9?s=96&d=mm&r=g\",\"caption\":\"yspertal\"},\"url\":\"https:\\\/\\\/pflegezentrum-yspertal.at\\\/wordpress\\\/author\\\/yspertal\"}]}<\/script>\n<!-- \/ Yoast SEO plugin. -->","yoast_head_json":{"title":"Geburtstagsrunde - Pflegezentrum Yspertal","robots":{"index":"index","follow":"follow","max-snippet":"max-snippet:-1","max-image-preview":"max-image-preview:large","max-video-preview":"max-video-preview:-1"},"canonical":"https:\/\/pflegezentrum-yspertal.at\/wordpress\/geburtstagsrunde-8","og_locale":"de_DE","og_type":"article","og_title":"Geburtstagsrunde - Pflegezentrum Yspertal","og_description":"K\u00fcrzlich wurde f\u00fcr alle Geburtstagskinder des Monats September im Pflegezentrum eine Geburtstagsfeier ausgerichtet. Alle geladenen G\u00e4ste hatten sich fein rausgeputzt und der gedeckte Tisch mit Blumenschmuck lie\u00df eine fr\u00f6hliche Stimmung aufkommen. Aus der K\u00fcche gab es eine leckere Biskuitroulade und Fr. Annemarie Hackl sorgte mit ihrer Musik wieder f\u00fcr ein fr\u00f6hliches Beisammensein. Bei solchen Gelegenheiten ... Weiterlesen","og_url":"https:\/\/pflegezentrum-yspertal.at\/wordpress\/geburtstagsrunde-8","og_site_name":"Pflegezentrum Yspertal","article_published_time":"2022-09-27T11:04:00+00:00","article_modified_time":"2022-09-29T11:05:58+00:00","og_image":[{"width":1500,"height":2000,"url":"https:\/\/pflegezentrum-yspertal.at\/wordpress\/wp-content\/uploads\/2022\/09\/IMG-20220927-WA0003.jpg","type":"image\/jpeg"}],"author":"yspertal","twitter_card":"summary_large_image","twitter_misc":{"Verfasst von":"yspertal","Gesch\u00e4tzte Lesezeit":"2\u00a0Minuten"},"schema":{"@context":"https:\/\/schema.org","@graph":[{"@type":"Article","@id":"https:\/\/pflegezentrum-yspertal.at\/wordpress\/geburtstagsrunde-8#article","isPartOf":{"@id":"https:\/\/pflegezentrum-yspertal.at\/wordpress\/geburtstagsrunde-8"},"author":{"name":"yspertal","@id":"https:\/\/yspertal.netzspinnerei.at\/#\/schema\/person\/0438af216aae016d571caa687d414651"},"headline":"Geburtstagsrunde","datePublished":"2022-09-27T11:04:00+00:00","dateModified":"2022-09-29T11:05:58+00:00","mainEntityOfPage":{"@id":"https:\/\/pflegezentrum-yspertal.at\/wordpress\/geburtstagsrunde-8"},"wordCount":99,"publisher":{"@id":"https:\/\/yspertal.netzspinnerei.at\/#organization"},"image":{"@id":"https:\/\/pflegezentrum-yspertal.at\/wordpress\/geburtstagsrunde-8#primaryimage"},"thumbnailUrl":"https:\/\/pflegezentrum-yspertal.at\/wordpress\/wp-content\/uploads\/2022\/09\/IMG-20220927-WA0003.jpg","articleSection":["Aktuelles"],"inLanguage":"de"},{"@type":"WebPage","@id":"https:\/\/pflegezentrum-yspertal.at\/wordpress\/geburtstagsrunde-8","url":"https:\/\/pflegezentrum-yspertal.at\/wordpress\/geburtstagsrunde-8","name":"Geburtstagsrunde - Pflegezentrum Yspertal","isPartOf":{"@id":"https:\/\/yspertal.netzspinnerei.at\/#website"},"primaryImageOfPage":{"@id":"https:\/\/pflegezentrum-yspertal.at\/wordpress\/geburtstagsrunde-8#primaryimage"},"image":{"@id":"https:\/\/pflegezentrum-yspertal.at\/wordpress\/geburtstagsrunde-8#primaryimage"},"thumbnailUrl":"https:\/\/pflegezentrum-yspertal.at\/wordpress\/wp-content\/uploads\/2022\/09\/IMG-20220927-WA0003.jpg","datePublished":"2022-09-27T11:04:00+00:00","dateModified":"2022-09-29T11:05:58+00:00","breadcrumb":{"@id":"https:\/\/pflegezentrum-yspertal.at\/wordpress\/geburtstagsrunde-8#breadcrumb"},"inLanguage":"de","potentialAction":[{"@type":"ReadAction","target":["https:\/\/pflegezentrum-yspertal.at\/wordpress\/geburtstagsrunde-8"]}]},{"@type":"ImageObject","inLanguage":"de","@id":"https:\/\/pflegezentrum-yspertal.at\/wordpress\/geburtstagsrunde-8#primaryimage","url":"https:\/\/pflegezentrum-yspertal.at\/wordpress\/wp-content\/uploads\/2022\/09\/IMG-20220927-WA0003.jpg","contentUrl":"https:\/\/pflegezentrum-yspertal.at\/wordpress\/wp-content\/uploads\/2022\/09\/IMG-20220927-WA0003.jpg","width":1500,"height":2000},{"@type":"BreadcrumbList","@id":"https:\/\/pflegezentrum-yspertal.at\/wordpress\/geburtstagsrunde-8#breadcrumb","itemListElement":[{"@type":"ListItem","position":1,"name":"Home","item":"https:\/\/pflegezentrum-yspertal.at\/wordpress\/"},{"@type":"ListItem","position":2,"name":"Aktuelles","item":"https:\/\/yspertal.netzspinnerei.at\/category\/aktuelles"},{"@type":"ListItem","position":3,"name":"Geburtstagsrunde"}]},{"@type":"WebSite","@id":"https:\/\/yspertal.netzspinnerei.at\/#website","url":"https:\/\/yspertal.netzspinnerei.at\/","name":"Pflegezentrum Yspertal","description":"","publisher":{"@id":"https:\/\/yspertal.netzspinnerei.at\/#organization"},"potentialAction":[{"@type":"SearchAction","target":{"@type":"EntryPoint","urlTemplate":"https:\/\/yspertal.netzspinnerei.at\/?s={search_term_string}"},"query-input":{"@type":"PropertyValueSpecification","valueRequired":true,"valueName":"search_term_string"}}],"inLanguage":"de"},{"@type":"Organization","@id":"https:\/\/yspertal.netzspinnerei.at\/#organization","name":"Pflegezentrum Yspertal","url":"https:\/\/yspertal.netzspinnerei.at\/","logo":{"@type":"ImageObject","inLanguage":"de","@id":"https:\/\/yspertal.netzspinnerei.at\/#\/schema\/logo\/image\/","url":"https:\/\/pflegezentrum-yspertal.at\/wordpress\/wp-content\/uploads\/2023\/10\/Logo-Border.jpg","contentUrl":"https:\/\/pflegezentrum-yspertal.at\/wordpress\/wp-content\/uploads\/2023\/10\/Logo-Border.jpg","width":787,"height":102,"caption":"Pflegezentrum Yspertal"},"image":{"@id":"https:\/\/yspertal.netzspinnerei.at\/#\/schema\/logo\/image\/"}},{"@type":"Person","@id":"https:\/\/yspertal.netzspinnerei.at\/#\/schema\/person\/0438af216aae016d571caa687d414651","name":"yspertal","image":{"@type":"ImageObject","inLanguage":"de","@id":"https:\/\/secure.gravatar.com\/avatar\/d6d6f149f3e4dfd0fec95c58d9bf27d576441d81faa3399f60eebaa71358d6a9?s=96&d=mm&r=g","url":"https:\/\/secure.gravatar.com\/avatar\/d6d6f149f3e4dfd0fec95c58d9bf27d576441d81faa3399f60eebaa71358d6a9?s=96&d=mm&r=g","contentUrl":"https:\/\/secure.gravatar.com\/avatar\/d6d6f149f3e4dfd0fec95c58d9bf27d576441d81faa3399f60eebaa71358d6a9?s=96&d=mm&r=g","caption":"yspertal"},"url":"https:\/\/pflegezentrum-yspertal.at\/wordpress\/author\/yspertal"}]}},"_links":{"self":[{"href":"https:\/\/pflegezentrum-yspertal.at\/wordpress\/wp-json\/wp\/v2\/posts\/4919","targetHints":{"allow":["GET"]}}],"collection":[{"href":"https:\/\/pflegezentrum-yspertal.at\/wordpress\/wp-json\/wp\/v2\/posts"}],"about":[{"href":"https:\/\/pflegezentrum-yspertal.at\/wordpress\/wp-json\/wp\/v2\/types\/post"}],"author":[{"embeddable":true,"href":"https:\/\/pflegezentrum-yspertal.at\/wordpress\/wp-json\/wp\/v2\/users\/4"}],"replies":[{"embeddable":true,"href":"https:\/\/pflegezentrum-yspertal.at\/wordpress\/wp-json\/wp\/v2\/comments?post=4919"}],"version-history":[{"count":1,"href":"https:\/\/pflegezentrum-yspertal.at\/wordpress\/wp-json\/wp\/v2\/posts\/4919\/revisions"}],"predecessor-version":[{"id":4924,"href":"https:\/\/pflegezentrum-yspertal.at\/wordpress\/wp-json\/wp\/v2\/posts\/4919\/revisions\/4924"}],"wp:featuredmedia":[{"embeddable":true,"href":"https:\/\/pflegezentrum-yspertal.at\/wordpress\/wp-json\/wp\/v2\/media\/4922"}],"wp:attachment":[{"href":"https:\/\/pflegezentrum-yspertal.at\/wordpress\/wp-json\/wp\/v2\/media?parent=4919"}],"wp:term":[{"taxonomy":"category","embeddable":true,"href":"https:\/\/pflegezentrum-yspertal.at\/wordpress\/wp-json\/wp\/v2\/categories?post=4919"},{"taxonomy":"post_tag","embeddable":true,"href":"https:\/\/pflegezentrum-yspertal.at\/wordpress\/wp-json\/wp\/v2\/tags?post=4919"}],"curies":[{"name":"wp","href":"https:\/\/api.w.org\/{rel}","templated":true}]}}