{"id":4496,"date":"2022-03-29T09:43:00","date_gmt":"2022-03-29T09:43:00","guid":{"rendered":"https:\/\/pflegezentrum-yspertal.at\/wordpress\/?p=4496"},"modified":"2024-03-01T10:08:22","modified_gmt":"2024-03-01T10:08:22","slug":"1-wiederverleihung-guetesiegel-gesundheit-fuehrt","status":"publish","type":"post","link":"https:\/\/pflegezentrum-yspertal.at\/wordpress\/1-wiederverleihung-guetesiegel-gesundheit-fuehrt","title":{"rendered":"1. Wiederverleihung G\u00fctesiegel &#8222;Gesundheit f\u00fchrt&#8220;"},"content":{"rendered":"\n<p>Im Pflegezentrum Yspertal steht die Betriebliche Gesundheitsf\u00f6rderung als moderne Unternehmensstrategie mit dem Ziel, Krankheiten am Arbeitsplatz vorzubeugen und die Gesundheit der Mitarbeiterinnen und Mitarbeiter zu st\u00e4rken im Fokus. Jede Mitarbeiterin und jeder Mitarbeiter sollen sich am Arbeitsplatz auch wohl f\u00fchlen.<\/p>\n\n\n\n<p>Am 29. M\u00e4rz 2022 wurden die F\u00fchrungskr\u00e4fte des Pflegezentrums eingeladen zur 1. Wiederverleihung des G\u00fctesiegels, das unter dem Projektnamen \u201eGesundheit f\u00fchrt\u201c in den letzten drei Jahren erfolgreich fortgef\u00fchrt und weiterentwickelt wurde.<\/p>\n\n\n\n<p>Im Rahmen der Umsetzung von \u201eGesundheit f\u00fchrt\u201c fanden mehrfache interne Workshops R\u00fcckenfit Turnen unter dem Motto \u201cAktiv gesund im Betrieb\u201c im Haus statt. Der weitreichende Ma\u00dfnahmenkatalog wurde fortlaufend erg\u00e4nzt. &nbsp;Der Umfang der Ma\u00dfnahmen reicht vom kostenlosen Mittagessen f\u00fcr die Mitarbeiterinnen und Mitarbeiter \u00fcber Gemeinschaftsaktivit\u00e4ten wie etwa ein gemeinsamer Betriebsausflug bis hin zur F\u00fchrungskr\u00e4ftecoachings, Einzel und Teamsupervisionen, Coachings und Teamentwicklungsma\u00dfnahmen. Rahmenbedingungen f\u00fcr die F\u00fchrungskr\u00e4fte wurden erarbeitet, um das Arbeiten im Home Office zu erm\u00f6glichen. Die Beteiligung der Mitarbeiterinnen und Mitarbeiter bei Dienstzeit- und Dienstplangestaltung, sowie die Beteiligung bei der Prozessgestaltung sind wichtige Motivationsfaktoren, immer unter dem Aspekt der Achtsamkeit und Wertsch\u00e4tzung. &nbsp;Eine gut ausgebildete F\u00fchrungskr\u00e4fteebene im mittleren und h\u00f6heren Management sorgt f\u00fcr Sicherheit bei den Mitarbeitenden. Um den Pflegeberuf f\u00fcr k\u00fcnftige Mitarbeiterinnen und Mitarbeiter attraktiver zu gestalten wird gro\u00dfer Wert auf die F\u00f6rderung von Teilzeitarbeit und die individuelle Arbeitszeitmodellgestaltung gelegt.<\/p>\n\n\n\n<p>Wir bedanken uns ganz herzlich bei allen unseren Mitarbeiterinnen und Mitarbeitern, ohne die die Fortf\u00fchrung und Rezertifizierung der Betrieblichen Gesundheitsf\u00f6rderung nicht m\u00f6glich gewesen w\u00e4re.<\/p>\n\n\n\n<figure class=\"wp-block-image size-full\"><a href=\"https:\/\/pflegezentrum-yspertal.at\/wordpress\/wp-content\/uploads\/2022\/04\/042_20220329_Foto-1.-Wiederverleihung-Guetesiegel_2022.jpg\"><img loading=\"lazy\" decoding=\"async\" width=\"1024\" height=\"682\" src=\"https:\/\/pflegezentrum-yspertal.at\/wordpress\/wp-content\/uploads\/2022\/04\/042_20220329_Foto-1.-Wiederverleihung-Guetesiegel_2022.jpg\" alt=\"\" class=\"wp-image-4497\" srcset=\"https:\/\/pflegezentrum-yspertal.at\/wordpress\/wp-content\/uploads\/2022\/04\/042_20220329_Foto-1.-Wiederverleihung-Guetesiegel_2022.jpg 1024w, https:\/\/pflegezentrum-yspertal.at\/wordpress\/wp-content\/uploads\/2022\/04\/042_20220329_Foto-1.-Wiederverleihung-Guetesiegel_2022-350x233.jpg 350w, https:\/\/pflegezentrum-yspertal.at\/wordpress\/wp-content\/uploads\/2022\/04\/042_20220329_Foto-1.-Wiederverleihung-Guetesiegel_2022-768x512.jpg 768w, https:\/\/pflegezentrum-yspertal.at\/wordpress\/wp-content\/uploads\/2022\/04\/042_20220329_Foto-1.-Wiederverleihung-Guetesiegel_2022-300x200.jpg 300w, https:\/\/pflegezentrum-yspertal.at\/wordpress\/wp-content\/uploads\/2022\/04\/042_20220329_Foto-1.-Wiederverleihung-Guetesiegel_2022-637x425.jpg 637w, https:\/\/pflegezentrum-yspertal.at\/wordpress\/wp-content\/uploads\/2022\/04\/042_20220329_Foto-1.-Wiederverleihung-Guetesiegel_2022-970x646.jpg 970w, https:\/\/pflegezentrum-yspertal.at\/wordpress\/wp-content\/uploads\/2022\/04\/042_20220329_Foto-1.-Wiederverleihung-Guetesiegel_2022-214x143.jpg 214w\" sizes=\"auto, (max-width: 1024px) 100vw, 1024px\" \/><\/a><\/figure>\n","protected":false},"excerpt":{"rendered":"<p>Im Pflegezentrum Yspertal steht die Betriebliche Gesundheitsf\u00f6rderung als moderne Unternehmensstrategie mit dem Ziel, Krankheiten am Arbeitsplatz vorzubeugen und die Gesundheit der Mitarbeiterinnen und Mitarbeiter zu st\u00e4rken im Fokus. Jede Mitarbeiterin und jeder Mitarbeiter sollen sich am Arbeitsplatz auch wohl f\u00fchlen. Am 29. M\u00e4rz 2022 wurden die F\u00fchrungskr\u00e4fte des Pflegezentrums eingeladen zur 1. Wiederverleihung des G\u00fctesiegels, &#8230; <a title=\"1. Wiederverleihung G\u00fctesiegel &#8222;Gesundheit f\u00fchrt&#8220;\" class=\"read-more\" href=\"https:\/\/pflegezentrum-yspertal.at\/wordpress\/1-wiederverleihung-guetesiegel-gesundheit-fuehrt\" aria-label=\"Mehr Informationen \u00fcber 1. Wiederverleihung G\u00fctesiegel &#8222;Gesundheit f\u00fchrt&#8220;\">Weiterlesen<\/a><\/p>\n","protected":false},"author":4,"featured_media":4497,"comment_status":"closed","ping_status":"closed","sticky":false,"template":"","format":"standard","meta":{"inline_featured_image":false,"footnotes":""},"categories":[1,32,27,33],"tags":[],"class_list":["post-4496","post","type-post","status-publish","format-standard","has-post-thumbnail","hentry","category-aktuelles","category-gesundheitsfoerderung","category-was-wir-leben","category-zertifizierungen"],"yoast_head":"<!-- This site is optimized with the Yoast SEO plugin v27.4 - https:\/\/yoast.com\/product\/yoast-seo-wordpress\/ -->\n<title>1. Wiederverleihung G\u00fctesiegel &quot;Gesundheit f\u00fchrt&quot; - Pflegezentrum Yspertal<\/title>\n<meta name=\"robots\" content=\"index, follow, max-snippet:-1, max-image-preview:large, max-video-preview:-1\" \/>\n<link rel=\"canonical\" href=\"https:\/\/pflegezentrum-yspertal.at\/wordpress\/1-wiederverleihung-guetesiegel-gesundheit-fuehrt\" \/>\n<meta property=\"og:locale\" content=\"de_DE\" \/>\n<meta property=\"og:type\" content=\"article\" \/>\n<meta property=\"og:title\" content=\"1. Wiederverleihung G\u00fctesiegel &quot;Gesundheit f\u00fchrt&quot; - Pflegezentrum Yspertal\" \/>\n<meta property=\"og:description\" content=\"Im Pflegezentrum Yspertal steht die Betriebliche Gesundheitsf\u00f6rderung als moderne Unternehmensstrategie mit dem Ziel, Krankheiten am Arbeitsplatz vorzubeugen und die Gesundheit der Mitarbeiterinnen und Mitarbeiter zu st\u00e4rken im Fokus. Jede Mitarbeiterin und jeder Mitarbeiter sollen sich am Arbeitsplatz auch wohl f\u00fchlen. Am 29. M\u00e4rz 2022 wurden die F\u00fchrungskr\u00e4fte des Pflegezentrums eingeladen zur 1. Wiederverleihung des G\u00fctesiegels, ... Weiterlesen\" \/>\n<meta property=\"og:url\" content=\"https:\/\/pflegezentrum-yspertal.at\/wordpress\/1-wiederverleihung-guetesiegel-gesundheit-fuehrt\" \/>\n<meta property=\"og:site_name\" content=\"Pflegezentrum Yspertal\" \/>\n<meta property=\"article:published_time\" content=\"2022-03-29T09:43:00+00:00\" \/>\n<meta property=\"article:modified_time\" content=\"2024-03-01T10:08:22+00:00\" \/>\n<meta property=\"og:image\" content=\"https:\/\/pflegezentrum-yspertal.at\/wordpress\/wp-content\/uploads\/2022\/04\/042_20220329_Foto-1.-Wiederverleihung-Guetesiegel_2022.jpg\" \/>\n\t<meta property=\"og:image:width\" content=\"1024\" \/>\n\t<meta property=\"og:image:height\" content=\"682\" \/>\n\t<meta property=\"og:image:type\" content=\"image\/jpeg\" \/>\n<meta name=\"author\" content=\"yspertal\" \/>\n<meta name=\"twitter:card\" content=\"summary_large_image\" \/>\n<meta name=\"twitter:label1\" content=\"Verfasst von\" \/>\n\t<meta name=\"twitter:data1\" content=\"yspertal\" \/>\n\t<meta name=\"twitter:label2\" content=\"Gesch\u00e4tzte Lesezeit\" \/>\n\t<meta name=\"twitter:data2\" content=\"2\u00a0Minuten\" \/>\n<script type=\"application\/ld+json\" class=\"yoast-schema-graph\">{\"@context\":\"https:\\\/\\\/schema.org\",\"@graph\":[{\"@type\":\"Article\",\"@id\":\"https:\\\/\\\/pflegezentrum-yspertal.at\\\/wordpress\\\/1-wiederverleihung-guetesiegel-gesundheit-fuehrt#article\",\"isPartOf\":{\"@id\":\"https:\\\/\\\/pflegezentrum-yspertal.at\\\/wordpress\\\/1-wiederverleihung-guetesiegel-gesundheit-fuehrt\"},\"author\":{\"name\":\"yspertal\",\"@id\":\"https:\\\/\\\/yspertal.netzspinnerei.at\\\/#\\\/schema\\\/person\\\/0438af216aae016d571caa687d414651\"},\"headline\":\"1. Wiederverleihung G\u00fctesiegel &#8222;Gesundheit f\u00fchrt&#8220;\",\"datePublished\":\"2022-03-29T09:43:00+00:00\",\"dateModified\":\"2024-03-01T10:08:22+00:00\",\"mainEntityOfPage\":{\"@id\":\"https:\\\/\\\/pflegezentrum-yspertal.at\\\/wordpress\\\/1-wiederverleihung-guetesiegel-gesundheit-fuehrt\"},\"wordCount\":275,\"publisher\":{\"@id\":\"https:\\\/\\\/yspertal.netzspinnerei.at\\\/#organization\"},\"image\":{\"@id\":\"https:\\\/\\\/pflegezentrum-yspertal.at\\\/wordpress\\\/1-wiederverleihung-guetesiegel-gesundheit-fuehrt#primaryimage\"},\"thumbnailUrl\":\"https:\\\/\\\/pflegezentrum-yspertal.at\\\/wordpress\\\/wp-content\\\/uploads\\\/2022\\\/04\\\/042_20220329_Foto-1.-Wiederverleihung-Guetesiegel_2022.jpg\",\"articleSection\":[\"Aktuelles\",\"Gesundheitsf\u00f6rderung\",\"Was wir leben\",\"Zertifizierungen\"],\"inLanguage\":\"de\"},{\"@type\":\"WebPage\",\"@id\":\"https:\\\/\\\/pflegezentrum-yspertal.at\\\/wordpress\\\/1-wiederverleihung-guetesiegel-gesundheit-fuehrt\",\"url\":\"https:\\\/\\\/pflegezentrum-yspertal.at\\\/wordpress\\\/1-wiederverleihung-guetesiegel-gesundheit-fuehrt\",\"name\":\"1. Wiederverleihung G\u00fctesiegel \\\"Gesundheit f\u00fchrt\\\" - Pflegezentrum Yspertal\",\"isPartOf\":{\"@id\":\"https:\\\/\\\/yspertal.netzspinnerei.at\\\/#website\"},\"primaryImageOfPage\":{\"@id\":\"https:\\\/\\\/pflegezentrum-yspertal.at\\\/wordpress\\\/1-wiederverleihung-guetesiegel-gesundheit-fuehrt#primaryimage\"},\"image\":{\"@id\":\"https:\\\/\\\/pflegezentrum-yspertal.at\\\/wordpress\\\/1-wiederverleihung-guetesiegel-gesundheit-fuehrt#primaryimage\"},\"thumbnailUrl\":\"https:\\\/\\\/pflegezentrum-yspertal.at\\\/wordpress\\\/wp-content\\\/uploads\\\/2022\\\/04\\\/042_20220329_Foto-1.-Wiederverleihung-Guetesiegel_2022.jpg\",\"datePublished\":\"2022-03-29T09:43:00+00:00\",\"dateModified\":\"2024-03-01T10:08:22+00:00\",\"breadcrumb\":{\"@id\":\"https:\\\/\\\/pflegezentrum-yspertal.at\\\/wordpress\\\/1-wiederverleihung-guetesiegel-gesundheit-fuehrt#breadcrumb\"},\"inLanguage\":\"de\",\"potentialAction\":[{\"@type\":\"ReadAction\",\"target\":[\"https:\\\/\\\/pflegezentrum-yspertal.at\\\/wordpress\\\/1-wiederverleihung-guetesiegel-gesundheit-fuehrt\"]}]},{\"@type\":\"ImageObject\",\"inLanguage\":\"de\",\"@id\":\"https:\\\/\\\/pflegezentrum-yspertal.at\\\/wordpress\\\/1-wiederverleihung-guetesiegel-gesundheit-fuehrt#primaryimage\",\"url\":\"https:\\\/\\\/pflegezentrum-yspertal.at\\\/wordpress\\\/wp-content\\\/uploads\\\/2022\\\/04\\\/042_20220329_Foto-1.-Wiederverleihung-Guetesiegel_2022.jpg\",\"contentUrl\":\"https:\\\/\\\/pflegezentrum-yspertal.at\\\/wordpress\\\/wp-content\\\/uploads\\\/2022\\\/04\\\/042_20220329_Foto-1.-Wiederverleihung-Guetesiegel_2022.jpg\",\"width\":1024,\"height\":682},{\"@type\":\"BreadcrumbList\",\"@id\":\"https:\\\/\\\/pflegezentrum-yspertal.at\\\/wordpress\\\/1-wiederverleihung-guetesiegel-gesundheit-fuehrt#breadcrumb\",\"itemListElement\":[{\"@type\":\"ListItem\",\"position\":1,\"name\":\"Home\",\"item\":\"https:\\\/\\\/pflegezentrum-yspertal.at\\\/wordpress\\\/\"},{\"@type\":\"ListItem\",\"position\":2,\"name\":\"Aktuelles\",\"item\":\"https:\\\/\\\/yspertal.netzspinnerei.at\\\/category\\\/aktuelles\"},{\"@type\":\"ListItem\",\"position\":3,\"name\":\"1. Wiederverleihung G\u00fctesiegel &#8222;Gesundheit f\u00fchrt&#8220;\"}]},{\"@type\":\"WebSite\",\"@id\":\"https:\\\/\\\/yspertal.netzspinnerei.at\\\/#website\",\"url\":\"https:\\\/\\\/yspertal.netzspinnerei.at\\\/\",\"name\":\"Pflegezentrum Yspertal\",\"description\":\"\",\"publisher\":{\"@id\":\"https:\\\/\\\/yspertal.netzspinnerei.at\\\/#organization\"},\"potentialAction\":[{\"@type\":\"SearchAction\",\"target\":{\"@type\":\"EntryPoint\",\"urlTemplate\":\"https:\\\/\\\/yspertal.netzspinnerei.at\\\/?s={search_term_string}\"},\"query-input\":{\"@type\":\"PropertyValueSpecification\",\"valueRequired\":true,\"valueName\":\"search_term_string\"}}],\"inLanguage\":\"de\"},{\"@type\":\"Organization\",\"@id\":\"https:\\\/\\\/yspertal.netzspinnerei.at\\\/#organization\",\"name\":\"Pflegezentrum Yspertal\",\"url\":\"https:\\\/\\\/yspertal.netzspinnerei.at\\\/\",\"logo\":{\"@type\":\"ImageObject\",\"inLanguage\":\"de\",\"@id\":\"https:\\\/\\\/yspertal.netzspinnerei.at\\\/#\\\/schema\\\/logo\\\/image\\\/\",\"url\":\"https:\\\/\\\/pflegezentrum-yspertal.at\\\/wordpress\\\/wp-content\\\/uploads\\\/2023\\\/10\\\/Logo-Border.jpg\",\"contentUrl\":\"https:\\\/\\\/pflegezentrum-yspertal.at\\\/wordpress\\\/wp-content\\\/uploads\\\/2023\\\/10\\\/Logo-Border.jpg\",\"width\":787,\"height\":102,\"caption\":\"Pflegezentrum Yspertal\"},\"image\":{\"@id\":\"https:\\\/\\\/yspertal.netzspinnerei.at\\\/#\\\/schema\\\/logo\\\/image\\\/\"}},{\"@type\":\"Person\",\"@id\":\"https:\\\/\\\/yspertal.netzspinnerei.at\\\/#\\\/schema\\\/person\\\/0438af216aae016d571caa687d414651\",\"name\":\"yspertal\",\"image\":{\"@type\":\"ImageObject\",\"inLanguage\":\"de\",\"@id\":\"https:\\\/\\\/secure.gravatar.com\\\/avatar\\\/d6d6f149f3e4dfd0fec95c58d9bf27d576441d81faa3399f60eebaa71358d6a9?s=96&d=mm&r=g\",\"url\":\"https:\\\/\\\/secure.gravatar.com\\\/avatar\\\/d6d6f149f3e4dfd0fec95c58d9bf27d576441d81faa3399f60eebaa71358d6a9?s=96&d=mm&r=g\",\"contentUrl\":\"https:\\\/\\\/secure.gravatar.com\\\/avatar\\\/d6d6f149f3e4dfd0fec95c58d9bf27d576441d81faa3399f60eebaa71358d6a9?s=96&d=mm&r=g\",\"caption\":\"yspertal\"},\"url\":\"https:\\\/\\\/pflegezentrum-yspertal.at\\\/wordpress\\\/author\\\/yspertal\"}]}<\/script>\n<!-- \/ Yoast SEO plugin. -->","yoast_head_json":{"title":"1. Wiederverleihung G\u00fctesiegel \"Gesundheit f\u00fchrt\" - Pflegezentrum Yspertal","robots":{"index":"index","follow":"follow","max-snippet":"max-snippet:-1","max-image-preview":"max-image-preview:large","max-video-preview":"max-video-preview:-1"},"canonical":"https:\/\/pflegezentrum-yspertal.at\/wordpress\/1-wiederverleihung-guetesiegel-gesundheit-fuehrt","og_locale":"de_DE","og_type":"article","og_title":"1. Wiederverleihung G\u00fctesiegel \"Gesundheit f\u00fchrt\" - Pflegezentrum Yspertal","og_description":"Im Pflegezentrum Yspertal steht die Betriebliche Gesundheitsf\u00f6rderung als moderne Unternehmensstrategie mit dem Ziel, Krankheiten am Arbeitsplatz vorzubeugen und die Gesundheit der Mitarbeiterinnen und Mitarbeiter zu st\u00e4rken im Fokus. Jede Mitarbeiterin und jeder Mitarbeiter sollen sich am Arbeitsplatz auch wohl f\u00fchlen. Am 29. M\u00e4rz 2022 wurden die F\u00fchrungskr\u00e4fte des Pflegezentrums eingeladen zur 1. Wiederverleihung des G\u00fctesiegels, ... Weiterlesen","og_url":"https:\/\/pflegezentrum-yspertal.at\/wordpress\/1-wiederverleihung-guetesiegel-gesundheit-fuehrt","og_site_name":"Pflegezentrum Yspertal","article_published_time":"2022-03-29T09:43:00+00:00","article_modified_time":"2024-03-01T10:08:22+00:00","og_image":[{"width":1024,"height":682,"url":"https:\/\/pflegezentrum-yspertal.at\/wordpress\/wp-content\/uploads\/2022\/04\/042_20220329_Foto-1.-Wiederverleihung-Guetesiegel_2022.jpg","type":"image\/jpeg"}],"author":"yspertal","twitter_card":"summary_large_image","twitter_misc":{"Verfasst von":"yspertal","Gesch\u00e4tzte Lesezeit":"2\u00a0Minuten"},"schema":{"@context":"https:\/\/schema.org","@graph":[{"@type":"Article","@id":"https:\/\/pflegezentrum-yspertal.at\/wordpress\/1-wiederverleihung-guetesiegel-gesundheit-fuehrt#article","isPartOf":{"@id":"https:\/\/pflegezentrum-yspertal.at\/wordpress\/1-wiederverleihung-guetesiegel-gesundheit-fuehrt"},"author":{"name":"yspertal","@id":"https:\/\/yspertal.netzspinnerei.at\/#\/schema\/person\/0438af216aae016d571caa687d414651"},"headline":"1. Wiederverleihung G\u00fctesiegel &#8222;Gesundheit f\u00fchrt&#8220;","datePublished":"2022-03-29T09:43:00+00:00","dateModified":"2024-03-01T10:08:22+00:00","mainEntityOfPage":{"@id":"https:\/\/pflegezentrum-yspertal.at\/wordpress\/1-wiederverleihung-guetesiegel-gesundheit-fuehrt"},"wordCount":275,"publisher":{"@id":"https:\/\/yspertal.netzspinnerei.at\/#organization"},"image":{"@id":"https:\/\/pflegezentrum-yspertal.at\/wordpress\/1-wiederverleihung-guetesiegel-gesundheit-fuehrt#primaryimage"},"thumbnailUrl":"https:\/\/pflegezentrum-yspertal.at\/wordpress\/wp-content\/uploads\/2022\/04\/042_20220329_Foto-1.-Wiederverleihung-Guetesiegel_2022.jpg","articleSection":["Aktuelles","Gesundheitsf\u00f6rderung","Was wir leben","Zertifizierungen"],"inLanguage":"de"},{"@type":"WebPage","@id":"https:\/\/pflegezentrum-yspertal.at\/wordpress\/1-wiederverleihung-guetesiegel-gesundheit-fuehrt","url":"https:\/\/pflegezentrum-yspertal.at\/wordpress\/1-wiederverleihung-guetesiegel-gesundheit-fuehrt","name":"1. Wiederverleihung G\u00fctesiegel \"Gesundheit f\u00fchrt\" - Pflegezentrum Yspertal","isPartOf":{"@id":"https:\/\/yspertal.netzspinnerei.at\/#website"},"primaryImageOfPage":{"@id":"https:\/\/pflegezentrum-yspertal.at\/wordpress\/1-wiederverleihung-guetesiegel-gesundheit-fuehrt#primaryimage"},"image":{"@id":"https:\/\/pflegezentrum-yspertal.at\/wordpress\/1-wiederverleihung-guetesiegel-gesundheit-fuehrt#primaryimage"},"thumbnailUrl":"https:\/\/pflegezentrum-yspertal.at\/wordpress\/wp-content\/uploads\/2022\/04\/042_20220329_Foto-1.-Wiederverleihung-Guetesiegel_2022.jpg","datePublished":"2022-03-29T09:43:00+00:00","dateModified":"2024-03-01T10:08:22+00:00","breadcrumb":{"@id":"https:\/\/pflegezentrum-yspertal.at\/wordpress\/1-wiederverleihung-guetesiegel-gesundheit-fuehrt#breadcrumb"},"inLanguage":"de","potentialAction":[{"@type":"ReadAction","target":["https:\/\/pflegezentrum-yspertal.at\/wordpress\/1-wiederverleihung-guetesiegel-gesundheit-fuehrt"]}]},{"@type":"ImageObject","inLanguage":"de","@id":"https:\/\/pflegezentrum-yspertal.at\/wordpress\/1-wiederverleihung-guetesiegel-gesundheit-fuehrt#primaryimage","url":"https:\/\/pflegezentrum-yspertal.at\/wordpress\/wp-content\/uploads\/2022\/04\/042_20220329_Foto-1.-Wiederverleihung-Guetesiegel_2022.jpg","contentUrl":"https:\/\/pflegezentrum-yspertal.at\/wordpress\/wp-content\/uploads\/2022\/04\/042_20220329_Foto-1.-Wiederverleihung-Guetesiegel_2022.jpg","width":1024,"height":682},{"@type":"BreadcrumbList","@id":"https:\/\/pflegezentrum-yspertal.at\/wordpress\/1-wiederverleihung-guetesiegel-gesundheit-fuehrt#breadcrumb","itemListElement":[{"@type":"ListItem","position":1,"name":"Home","item":"https:\/\/pflegezentrum-yspertal.at\/wordpress\/"},{"@type":"ListItem","position":2,"name":"Aktuelles","item":"https:\/\/yspertal.netzspinnerei.at\/category\/aktuelles"},{"@type":"ListItem","position":3,"name":"1. Wiederverleihung G\u00fctesiegel &#8222;Gesundheit f\u00fchrt&#8220;"}]},{"@type":"WebSite","@id":"https:\/\/yspertal.netzspinnerei.at\/#website","url":"https:\/\/yspertal.netzspinnerei.at\/","name":"Pflegezentrum Yspertal","description":"","publisher":{"@id":"https:\/\/yspertal.netzspinnerei.at\/#organization"},"potentialAction":[{"@type":"SearchAction","target":{"@type":"EntryPoint","urlTemplate":"https:\/\/yspertal.netzspinnerei.at\/?s={search_term_string}"},"query-input":{"@type":"PropertyValueSpecification","valueRequired":true,"valueName":"search_term_string"}}],"inLanguage":"de"},{"@type":"Organization","@id":"https:\/\/yspertal.netzspinnerei.at\/#organization","name":"Pflegezentrum Yspertal","url":"https:\/\/yspertal.netzspinnerei.at\/","logo":{"@type":"ImageObject","inLanguage":"de","@id":"https:\/\/yspertal.netzspinnerei.at\/#\/schema\/logo\/image\/","url":"https:\/\/pflegezentrum-yspertal.at\/wordpress\/wp-content\/uploads\/2023\/10\/Logo-Border.jpg","contentUrl":"https:\/\/pflegezentrum-yspertal.at\/wordpress\/wp-content\/uploads\/2023\/10\/Logo-Border.jpg","width":787,"height":102,"caption":"Pflegezentrum Yspertal"},"image":{"@id":"https:\/\/yspertal.netzspinnerei.at\/#\/schema\/logo\/image\/"}},{"@type":"Person","@id":"https:\/\/yspertal.netzspinnerei.at\/#\/schema\/person\/0438af216aae016d571caa687d414651","name":"yspertal","image":{"@type":"ImageObject","inLanguage":"de","@id":"https:\/\/secure.gravatar.com\/avatar\/d6d6f149f3e4dfd0fec95c58d9bf27d576441d81faa3399f60eebaa71358d6a9?s=96&d=mm&r=g","url":"https:\/\/secure.gravatar.com\/avatar\/d6d6f149f3e4dfd0fec95c58d9bf27d576441d81faa3399f60eebaa71358d6a9?s=96&d=mm&r=g","contentUrl":"https:\/\/secure.gravatar.com\/avatar\/d6d6f149f3e4dfd0fec95c58d9bf27d576441d81faa3399f60eebaa71358d6a9?s=96&d=mm&r=g","caption":"yspertal"},"url":"https:\/\/pflegezentrum-yspertal.at\/wordpress\/author\/yspertal"}]}},"_links":{"self":[{"href":"https:\/\/pflegezentrum-yspertal.at\/wordpress\/wp-json\/wp\/v2\/posts\/4496","targetHints":{"allow":["GET"]}}],"collection":[{"href":"https:\/\/pflegezentrum-yspertal.at\/wordpress\/wp-json\/wp\/v2\/posts"}],"about":[{"href":"https:\/\/pflegezentrum-yspertal.at\/wordpress\/wp-json\/wp\/v2\/types\/post"}],"author":[{"embeddable":true,"href":"https:\/\/pflegezentrum-yspertal.at\/wordpress\/wp-json\/wp\/v2\/users\/4"}],"replies":[{"embeddable":true,"href":"https:\/\/pflegezentrum-yspertal.at\/wordpress\/wp-json\/wp\/v2\/comments?post=4496"}],"version-history":[{"count":1,"href":"https:\/\/pflegezentrum-yspertal.at\/wordpress\/wp-json\/wp\/v2\/posts\/4496\/revisions"}],"predecessor-version":[{"id":4498,"href":"https:\/\/pflegezentrum-yspertal.at\/wordpress\/wp-json\/wp\/v2\/posts\/4496\/revisions\/4498"}],"wp:featuredmedia":[{"embeddable":true,"href":"https:\/\/pflegezentrum-yspertal.at\/wordpress\/wp-json\/wp\/v2\/media\/4497"}],"wp:attachment":[{"href":"https:\/\/pflegezentrum-yspertal.at\/wordpress\/wp-json\/wp\/v2\/media?parent=4496"}],"wp:term":[{"taxonomy":"category","embeddable":true,"href":"https:\/\/pflegezentrum-yspertal.at\/wordpress\/wp-json\/wp\/v2\/categories?post=4496"},{"taxonomy":"post_tag","embeddable":true,"href":"https:\/\/pflegezentrum-yspertal.at\/wordpress\/wp-json\/wp\/v2\/tags?post=4496"}],"curies":[{"name":"wp","href":"https:\/\/api.w.org\/{rel}","templated":true}]}}