{"id":4336,"date":"2021-12-03T07:23:00","date_gmt":"2021-12-03T07:23:00","guid":{"rendered":"https:\/\/pflegezentrum-yspertal.at\/wordpress\/?p=4336"},"modified":"2022-01-03T07:28:12","modified_gmt":"2022-01-03T07:28:12","slug":"christbaumbehang-aus-salzteig","status":"publish","type":"post","link":"https:\/\/pflegezentrum-yspertal.at\/wordpress\/christbaumbehang-aus-salzteig","title":{"rendered":"Christbaumbehang aus Salzteig"},"content":{"rendered":"\n<p>Teig kneten, auswalken, ausstechen, backen, verzieren \u2013 alles T\u00e4tigkeiten die unsere Bewohnerinnen vom Kekse backen zu Hause kennen. Die gleichen Arbeitsschritte waren auch f\u00fcr die Herstellung unseres Baumbehanges aus Salzteig n\u00f6tig. Unsere flei\u00dfigen K\u00f6chinnen waren begeistert bei der Sache und mit der entsprechenden Ausdauer haben wir eine beachtliche St\u00fcckanzahl f\u00fcr unsere Christb\u00e4ume produziert. Und auch hier gilt, alles was selbst gemacht ist, ist doppelt wertvoll und alle hatten viel Freude mit dem Christbaumschmuck.<\/p>\n\n\n\n<figure class=\"wp-block-gallery columns-3 is-cropped wp-block-gallery-1 is-layout-flex wp-block-gallery-is-layout-flex\"><ul class=\"blocks-gallery-grid\"><li class=\"blocks-gallery-item\"><figure><a href=\"https:\/\/pflegezentrum-yspertal.at\/wordpress\/wp-content\/uploads\/2022\/01\/IMG_6495.jpg\"><img loading=\"lazy\" decoding=\"async\" width=\"576\" height=\"768\" src=\"https:\/\/pflegezentrum-yspertal.at\/wordpress\/wp-content\/uploads\/2022\/01\/IMG_6495.jpg\" alt=\"\" data-id=\"4337\" data-full-url=\"https:\/\/pflegezentrum-yspertal.at\/wordpress\/wp-content\/uploads\/2022\/01\/IMG_6495.jpg\" data-link=\"https:\/\/pflegezentrum-yspertal.at\/wordpress\/?attachment_id=4337\" class=\"wp-image-4337\" srcset=\"https:\/\/pflegezentrum-yspertal.at\/wordpress\/wp-content\/uploads\/2022\/01\/IMG_6495.jpg 576w, https:\/\/pflegezentrum-yspertal.at\/wordpress\/wp-content\/uploads\/2022\/01\/IMG_6495-225x300.jpg 225w, https:\/\/pflegezentrum-yspertal.at\/wordpress\/wp-content\/uploads\/2022\/01\/IMG_6495-214x285.jpg 214w\" sizes=\"auto, (max-width: 576px) 100vw, 576px\" \/><\/a><\/figure><\/li><li class=\"blocks-gallery-item\"><figure><a href=\"https:\/\/pflegezentrum-yspertal.at\/wordpress\/wp-content\/uploads\/2022\/01\/IMG_6496.jpg\"><img loading=\"lazy\" decoding=\"async\" width=\"576\" height=\"768\" src=\"https:\/\/pflegezentrum-yspertal.at\/wordpress\/wp-content\/uploads\/2022\/01\/IMG_6496.jpg\" alt=\"\" data-id=\"4338\" data-full-url=\"https:\/\/pflegezentrum-yspertal.at\/wordpress\/wp-content\/uploads\/2022\/01\/IMG_6496.jpg\" data-link=\"https:\/\/pflegezentrum-yspertal.at\/wordpress\/?attachment_id=4338\" class=\"wp-image-4338\" srcset=\"https:\/\/pflegezentrum-yspertal.at\/wordpress\/wp-content\/uploads\/2022\/01\/IMG_6496.jpg 576w, https:\/\/pflegezentrum-yspertal.at\/wordpress\/wp-content\/uploads\/2022\/01\/IMG_6496-263x350.jpg 263w, https:\/\/pflegezentrum-yspertal.at\/wordpress\/wp-content\/uploads\/2022\/01\/IMG_6496-225x300.jpg 225w, https:\/\/pflegezentrum-yspertal.at\/wordpress\/wp-content\/uploads\/2022\/01\/IMG_6496-214x285.jpg 214w\" sizes=\"auto, (max-width: 576px) 100vw, 576px\" \/><\/a><\/figure><\/li><li class=\"blocks-gallery-item\"><figure><a href=\"https:\/\/pflegezentrum-yspertal.at\/wordpress\/wp-content\/uploads\/2022\/01\/IMG_6498.jpg\"><img loading=\"lazy\" decoding=\"async\" width=\"576\" height=\"768\" src=\"https:\/\/pflegezentrum-yspertal.at\/wordpress\/wp-content\/uploads\/2022\/01\/IMG_6498.jpg\" alt=\"\" data-id=\"4339\" data-full-url=\"https:\/\/pflegezentrum-yspertal.at\/wordpress\/wp-content\/uploads\/2022\/01\/IMG_6498.jpg\" data-link=\"https:\/\/pflegezentrum-yspertal.at\/wordpress\/?attachment_id=4339\" class=\"wp-image-4339\" srcset=\"https:\/\/pflegezentrum-yspertal.at\/wordpress\/wp-content\/uploads\/2022\/01\/IMG_6498.jpg 576w, https:\/\/pflegezentrum-yspertal.at\/wordpress\/wp-content\/uploads\/2022\/01\/IMG_6498-225x300.jpg 225w, https:\/\/pflegezentrum-yspertal.at\/wordpress\/wp-content\/uploads\/2022\/01\/IMG_6498-214x285.jpg 214w\" sizes=\"auto, (max-width: 576px) 100vw, 576px\" \/><\/a><\/figure><\/li><li class=\"blocks-gallery-item\"><figure><a href=\"https:\/\/pflegezentrum-yspertal.at\/wordpress\/wp-content\/uploads\/2022\/01\/IMG_6140.jpg\"><img loading=\"lazy\" decoding=\"async\" width=\"1024\" height=\"768\" src=\"https:\/\/pflegezentrum-yspertal.at\/wordpress\/wp-content\/uploads\/2022\/01\/IMG_6140.jpg\" alt=\"\" data-id=\"4340\" data-full-url=\"https:\/\/pflegezentrum-yspertal.at\/wordpress\/wp-content\/uploads\/2022\/01\/IMG_6140.jpg\" data-link=\"https:\/\/pflegezentrum-yspertal.at\/wordpress\/?attachment_id=4340\" class=\"wp-image-4340\" srcset=\"https:\/\/pflegezentrum-yspertal.at\/wordpress\/wp-content\/uploads\/2022\/01\/IMG_6140.jpg 1024w, https:\/\/pflegezentrum-yspertal.at\/wordpress\/wp-content\/uploads\/2022\/01\/IMG_6140-300x225.jpg 300w, https:\/\/pflegezentrum-yspertal.at\/wordpress\/wp-content\/uploads\/2022\/01\/IMG_6140-768x576.jpg 768w, https:\/\/pflegezentrum-yspertal.at\/wordpress\/wp-content\/uploads\/2022\/01\/IMG_6140-637x478.jpg 637w, https:\/\/pflegezentrum-yspertal.at\/wordpress\/wp-content\/uploads\/2022\/01\/IMG_6140-970x728.jpg 970w, https:\/\/pflegezentrum-yspertal.at\/wordpress\/wp-content\/uploads\/2022\/01\/IMG_6140-214x161.jpg 214w\" sizes=\"auto, (max-width: 1024px) 100vw, 1024px\" \/><\/a><\/figure><\/li><li class=\"blocks-gallery-item\"><figure><a href=\"https:\/\/pflegezentrum-yspertal.at\/wordpress\/wp-content\/uploads\/2022\/01\/IMG_6143.jpg\"><img loading=\"lazy\" decoding=\"async\" width=\"576\" height=\"768\" src=\"https:\/\/pflegezentrum-yspertal.at\/wordpress\/wp-content\/uploads\/2022\/01\/IMG_6143.jpg\" alt=\"\" data-id=\"4341\" data-full-url=\"https:\/\/pflegezentrum-yspertal.at\/wordpress\/wp-content\/uploads\/2022\/01\/IMG_6143.jpg\" data-link=\"https:\/\/pflegezentrum-yspertal.at\/wordpress\/?attachment_id=4341\" class=\"wp-image-4341\" srcset=\"https:\/\/pflegezentrum-yspertal.at\/wordpress\/wp-content\/uploads\/2022\/01\/IMG_6143.jpg 576w, https:\/\/pflegezentrum-yspertal.at\/wordpress\/wp-content\/uploads\/2022\/01\/IMG_6143-225x300.jpg 225w, https:\/\/pflegezentrum-yspertal.at\/wordpress\/wp-content\/uploads\/2022\/01\/IMG_6143-214x285.jpg 214w\" sizes=\"auto, (max-width: 576px) 100vw, 576px\" \/><\/a><\/figure><\/li><li class=\"blocks-gallery-item\"><figure><a href=\"https:\/\/pflegezentrum-yspertal.at\/wordpress\/wp-content\/uploads\/2022\/01\/IMG_6144.jpg\"><img loading=\"lazy\" decoding=\"async\" width=\"576\" height=\"768\" src=\"https:\/\/pflegezentrum-yspertal.at\/wordpress\/wp-content\/uploads\/2022\/01\/IMG_6144.jpg\" alt=\"\" data-id=\"4342\" data-full-url=\"https:\/\/pflegezentrum-yspertal.at\/wordpress\/wp-content\/uploads\/2022\/01\/IMG_6144.jpg\" data-link=\"https:\/\/pflegezentrum-yspertal.at\/wordpress\/?attachment_id=4342\" class=\"wp-image-4342\" srcset=\"https:\/\/pflegezentrum-yspertal.at\/wordpress\/wp-content\/uploads\/2022\/01\/IMG_6144.jpg 576w, https:\/\/pflegezentrum-yspertal.at\/wordpress\/wp-content\/uploads\/2022\/01\/IMG_6144-225x300.jpg 225w, https:\/\/pflegezentrum-yspertal.at\/wordpress\/wp-content\/uploads\/2022\/01\/IMG_6144-214x285.jpg 214w\" sizes=\"auto, (max-width: 576px) 100vw, 576px\" \/><\/a><\/figure><\/li><li class=\"blocks-gallery-item\"><figure><a href=\"https:\/\/pflegezentrum-yspertal.at\/wordpress\/wp-content\/uploads\/2022\/01\/IMG_6145.jpg\"><img loading=\"lazy\" decoding=\"async\" width=\"1024\" height=\"768\" src=\"https:\/\/pflegezentrum-yspertal.at\/wordpress\/wp-content\/uploads\/2022\/01\/IMG_6145.jpg\" alt=\"\" data-id=\"4343\" data-full-url=\"https:\/\/pflegezentrum-yspertal.at\/wordpress\/wp-content\/uploads\/2022\/01\/IMG_6145.jpg\" data-link=\"https:\/\/pflegezentrum-yspertal.at\/wordpress\/?attachment_id=4343\" class=\"wp-image-4343\" srcset=\"https:\/\/pflegezentrum-yspertal.at\/wordpress\/wp-content\/uploads\/2022\/01\/IMG_6145.jpg 1024w, https:\/\/pflegezentrum-yspertal.at\/wordpress\/wp-content\/uploads\/2022\/01\/IMG_6145-300x225.jpg 300w, https:\/\/pflegezentrum-yspertal.at\/wordpress\/wp-content\/uploads\/2022\/01\/IMG_6145-768x576.jpg 768w, https:\/\/pflegezentrum-yspertal.at\/wordpress\/wp-content\/uploads\/2022\/01\/IMG_6145-637x478.jpg 637w, https:\/\/pflegezentrum-yspertal.at\/wordpress\/wp-content\/uploads\/2022\/01\/IMG_6145-970x728.jpg 970w, https:\/\/pflegezentrum-yspertal.at\/wordpress\/wp-content\/uploads\/2022\/01\/IMG_6145-214x161.jpg 214w\" sizes=\"auto, (max-width: 1024px) 100vw, 1024px\" \/><\/a><\/figure><\/li><li class=\"blocks-gallery-item\"><figure><a href=\"https:\/\/pflegezentrum-yspertal.at\/wordpress\/wp-content\/uploads\/2022\/01\/IMG_6202.jpg\"><img loading=\"lazy\" decoding=\"async\" width=\"576\" height=\"768\" src=\"https:\/\/pflegezentrum-yspertal.at\/wordpress\/wp-content\/uploads\/2022\/01\/IMG_6202.jpg\" alt=\"\" data-id=\"4344\" data-full-url=\"https:\/\/pflegezentrum-yspertal.at\/wordpress\/wp-content\/uploads\/2022\/01\/IMG_6202.jpg\" data-link=\"https:\/\/pflegezentrum-yspertal.at\/wordpress\/?attachment_id=4344\" class=\"wp-image-4344\" srcset=\"https:\/\/pflegezentrum-yspertal.at\/wordpress\/wp-content\/uploads\/2022\/01\/IMG_6202.jpg 576w, https:\/\/pflegezentrum-yspertal.at\/wordpress\/wp-content\/uploads\/2022\/01\/IMG_6202-225x300.jpg 225w, https:\/\/pflegezentrum-yspertal.at\/wordpress\/wp-content\/uploads\/2022\/01\/IMG_6202-214x285.jpg 214w\" sizes=\"auto, (max-width: 576px) 100vw, 576px\" \/><\/a><\/figure><\/li><li class=\"blocks-gallery-item\"><figure><a href=\"https:\/\/pflegezentrum-yspertal.at\/wordpress\/wp-content\/uploads\/2022\/01\/IMG_6203.jpg\"><img loading=\"lazy\" decoding=\"async\" width=\"576\" height=\"768\" src=\"https:\/\/pflegezentrum-yspertal.at\/wordpress\/wp-content\/uploads\/2022\/01\/IMG_6203.jpg\" alt=\"\" data-id=\"4345\" data-full-url=\"https:\/\/pflegezentrum-yspertal.at\/wordpress\/wp-content\/uploads\/2022\/01\/IMG_6203.jpg\" data-link=\"https:\/\/pflegezentrum-yspertal.at\/wordpress\/?attachment_id=4345\" class=\"wp-image-4345\" srcset=\"https:\/\/pflegezentrum-yspertal.at\/wordpress\/wp-content\/uploads\/2022\/01\/IMG_6203.jpg 576w, https:\/\/pflegezentrum-yspertal.at\/wordpress\/wp-content\/uploads\/2022\/01\/IMG_6203-225x300.jpg 225w, https:\/\/pflegezentrum-yspertal.at\/wordpress\/wp-content\/uploads\/2022\/01\/IMG_6203-214x285.jpg 214w\" sizes=\"auto, (max-width: 576px) 100vw, 576px\" \/><\/a><\/figure><\/li><\/ul><\/figure>\n","protected":false},"excerpt":{"rendered":"<p>Teig kneten, auswalken, ausstechen, backen, verzieren \u2013 alles T\u00e4tigkeiten die unsere Bewohnerinnen vom Kekse backen zu Hause kennen. Die gleichen Arbeitsschritte waren auch f\u00fcr die Herstellung unseres Baumbehanges aus Salzteig n\u00f6tig. Unsere flei\u00dfigen K\u00f6chinnen waren begeistert bei der Sache und mit der entsprechenden Ausdauer haben wir eine beachtliche St\u00fcckanzahl f\u00fcr unsere Christb\u00e4ume produziert. Und auch &#8230; <a title=\"Christbaumbehang aus Salzteig\" class=\"read-more\" href=\"https:\/\/pflegezentrum-yspertal.at\/wordpress\/christbaumbehang-aus-salzteig\" aria-label=\"Mehr Informationen \u00fcber Christbaumbehang aus Salzteig\">Weiterlesen<\/a><\/p>\n","protected":false},"author":4,"featured_media":4338,"comment_status":"closed","ping_status":"closed","sticky":false,"template":"","format":"standard","meta":{"inline_featured_image":false,"footnotes":""},"categories":[1],"tags":[],"class_list":["post-4336","post","type-post","status-publish","format-standard","has-post-thumbnail","hentry","category-aktuelles"],"yoast_head":"<!-- This site is optimized with the Yoast SEO plugin v27.4 - https:\/\/yoast.com\/product\/yoast-seo-wordpress\/ -->\n<title>Christbaumbehang aus Salzteig - Pflegezentrum Yspertal<\/title>\n<meta name=\"robots\" content=\"index, follow, max-snippet:-1, max-image-preview:large, max-video-preview:-1\" \/>\n<link rel=\"canonical\" href=\"https:\/\/pflegezentrum-yspertal.at\/wordpress\/christbaumbehang-aus-salzteig\" \/>\n<meta property=\"og:locale\" content=\"de_DE\" \/>\n<meta property=\"og:type\" content=\"article\" \/>\n<meta property=\"og:title\" content=\"Christbaumbehang aus Salzteig - Pflegezentrum Yspertal\" \/>\n<meta property=\"og:description\" content=\"Teig kneten, auswalken, ausstechen, backen, verzieren \u2013 alles T\u00e4tigkeiten die unsere Bewohnerinnen vom Kekse backen zu Hause kennen. Die gleichen Arbeitsschritte waren auch f\u00fcr die Herstellung unseres Baumbehanges aus Salzteig n\u00f6tig. Unsere flei\u00dfigen K\u00f6chinnen waren begeistert bei der Sache und mit der entsprechenden Ausdauer haben wir eine beachtliche St\u00fcckanzahl f\u00fcr unsere Christb\u00e4ume produziert. Und auch ... Weiterlesen\" \/>\n<meta property=\"og:url\" content=\"https:\/\/pflegezentrum-yspertal.at\/wordpress\/christbaumbehang-aus-salzteig\" \/>\n<meta property=\"og:site_name\" content=\"Pflegezentrum Yspertal\" \/>\n<meta property=\"article:published_time\" content=\"2021-12-03T07:23:00+00:00\" \/>\n<meta property=\"article:modified_time\" content=\"2022-01-03T07:28:12+00:00\" \/>\n<meta property=\"og:image\" content=\"https:\/\/pflegezentrum-yspertal.at\/wordpress\/wp-content\/uploads\/2022\/01\/IMG_6496.jpg\" \/>\n\t<meta property=\"og:image:width\" content=\"576\" \/>\n\t<meta property=\"og:image:height\" content=\"768\" \/>\n\t<meta property=\"og:image:type\" content=\"image\/jpeg\" \/>\n<meta name=\"author\" content=\"yspertal\" \/>\n<meta name=\"twitter:card\" content=\"summary_large_image\" \/>\n<meta name=\"twitter:label1\" content=\"Verfasst von\" \/>\n\t<meta name=\"twitter:data1\" content=\"yspertal\" \/>\n\t<meta name=\"twitter:label2\" content=\"Gesch\u00e4tzte Lesezeit\" \/>\n\t<meta name=\"twitter:data2\" content=\"3\u00a0Minuten\" \/>\n<script type=\"application\/ld+json\" class=\"yoast-schema-graph\">{\"@context\":\"https:\\\/\\\/schema.org\",\"@graph\":[{\"@type\":\"Article\",\"@id\":\"https:\\\/\\\/pflegezentrum-yspertal.at\\\/wordpress\\\/christbaumbehang-aus-salzteig#article\",\"isPartOf\":{\"@id\":\"https:\\\/\\\/pflegezentrum-yspertal.at\\\/wordpress\\\/christbaumbehang-aus-salzteig\"},\"author\":{\"name\":\"yspertal\",\"@id\":\"https:\\\/\\\/yspertal.netzspinnerei.at\\\/#\\\/schema\\\/person\\\/0438af216aae016d571caa687d414651\"},\"headline\":\"Christbaumbehang aus Salzteig\",\"datePublished\":\"2021-12-03T07:23:00+00:00\",\"dateModified\":\"2022-01-03T07:28:12+00:00\",\"mainEntityOfPage\":{\"@id\":\"https:\\\/\\\/pflegezentrum-yspertal.at\\\/wordpress\\\/christbaumbehang-aus-salzteig\"},\"wordCount\":83,\"publisher\":{\"@id\":\"https:\\\/\\\/yspertal.netzspinnerei.at\\\/#organization\"},\"image\":{\"@id\":\"https:\\\/\\\/pflegezentrum-yspertal.at\\\/wordpress\\\/christbaumbehang-aus-salzteig#primaryimage\"},\"thumbnailUrl\":\"https:\\\/\\\/pflegezentrum-yspertal.at\\\/wordpress\\\/wp-content\\\/uploads\\\/2022\\\/01\\\/IMG_6496.jpg\",\"articleSection\":[\"Aktuelles\"],\"inLanguage\":\"de\"},{\"@type\":\"WebPage\",\"@id\":\"https:\\\/\\\/pflegezentrum-yspertal.at\\\/wordpress\\\/christbaumbehang-aus-salzteig\",\"url\":\"https:\\\/\\\/pflegezentrum-yspertal.at\\\/wordpress\\\/christbaumbehang-aus-salzteig\",\"name\":\"Christbaumbehang aus Salzteig - Pflegezentrum Yspertal\",\"isPartOf\":{\"@id\":\"https:\\\/\\\/yspertal.netzspinnerei.at\\\/#website\"},\"primaryImageOfPage\":{\"@id\":\"https:\\\/\\\/pflegezentrum-yspertal.at\\\/wordpress\\\/christbaumbehang-aus-salzteig#primaryimage\"},\"image\":{\"@id\":\"https:\\\/\\\/pflegezentrum-yspertal.at\\\/wordpress\\\/christbaumbehang-aus-salzteig#primaryimage\"},\"thumbnailUrl\":\"https:\\\/\\\/pflegezentrum-yspertal.at\\\/wordpress\\\/wp-content\\\/uploads\\\/2022\\\/01\\\/IMG_6496.jpg\",\"datePublished\":\"2021-12-03T07:23:00+00:00\",\"dateModified\":\"2022-01-03T07:28:12+00:00\",\"breadcrumb\":{\"@id\":\"https:\\\/\\\/pflegezentrum-yspertal.at\\\/wordpress\\\/christbaumbehang-aus-salzteig#breadcrumb\"},\"inLanguage\":\"de\",\"potentialAction\":[{\"@type\":\"ReadAction\",\"target\":[\"https:\\\/\\\/pflegezentrum-yspertal.at\\\/wordpress\\\/christbaumbehang-aus-salzteig\"]}]},{\"@type\":\"ImageObject\",\"inLanguage\":\"de\",\"@id\":\"https:\\\/\\\/pflegezentrum-yspertal.at\\\/wordpress\\\/christbaumbehang-aus-salzteig#primaryimage\",\"url\":\"https:\\\/\\\/pflegezentrum-yspertal.at\\\/wordpress\\\/wp-content\\\/uploads\\\/2022\\\/01\\\/IMG_6496.jpg\",\"contentUrl\":\"https:\\\/\\\/pflegezentrum-yspertal.at\\\/wordpress\\\/wp-content\\\/uploads\\\/2022\\\/01\\\/IMG_6496.jpg\",\"width\":576,\"height\":768},{\"@type\":\"BreadcrumbList\",\"@id\":\"https:\\\/\\\/pflegezentrum-yspertal.at\\\/wordpress\\\/christbaumbehang-aus-salzteig#breadcrumb\",\"itemListElement\":[{\"@type\":\"ListItem\",\"position\":1,\"name\":\"Home\",\"item\":\"https:\\\/\\\/pflegezentrum-yspertal.at\\\/wordpress\\\/\"},{\"@type\":\"ListItem\",\"position\":2,\"name\":\"Aktuelles\",\"item\":\"https:\\\/\\\/yspertal.netzspinnerei.at\\\/category\\\/aktuelles\"},{\"@type\":\"ListItem\",\"position\":3,\"name\":\"Christbaumbehang aus Salzteig\"}]},{\"@type\":\"WebSite\",\"@id\":\"https:\\\/\\\/yspertal.netzspinnerei.at\\\/#website\",\"url\":\"https:\\\/\\\/yspertal.netzspinnerei.at\\\/\",\"name\":\"Pflegezentrum Yspertal\",\"description\":\"\",\"publisher\":{\"@id\":\"https:\\\/\\\/yspertal.netzspinnerei.at\\\/#organization\"},\"potentialAction\":[{\"@type\":\"SearchAction\",\"target\":{\"@type\":\"EntryPoint\",\"urlTemplate\":\"https:\\\/\\\/yspertal.netzspinnerei.at\\\/?s={search_term_string}\"},\"query-input\":{\"@type\":\"PropertyValueSpecification\",\"valueRequired\":true,\"valueName\":\"search_term_string\"}}],\"inLanguage\":\"de\"},{\"@type\":\"Organization\",\"@id\":\"https:\\\/\\\/yspertal.netzspinnerei.at\\\/#organization\",\"name\":\"Pflegezentrum Yspertal\",\"url\":\"https:\\\/\\\/yspertal.netzspinnerei.at\\\/\",\"logo\":{\"@type\":\"ImageObject\",\"inLanguage\":\"de\",\"@id\":\"https:\\\/\\\/yspertal.netzspinnerei.at\\\/#\\\/schema\\\/logo\\\/image\\\/\",\"url\":\"https:\\\/\\\/pflegezentrum-yspertal.at\\\/wordpress\\\/wp-content\\\/uploads\\\/2023\\\/10\\\/Logo-Border.jpg\",\"contentUrl\":\"https:\\\/\\\/pflegezentrum-yspertal.at\\\/wordpress\\\/wp-content\\\/uploads\\\/2023\\\/10\\\/Logo-Border.jpg\",\"width\":787,\"height\":102,\"caption\":\"Pflegezentrum Yspertal\"},\"image\":{\"@id\":\"https:\\\/\\\/yspertal.netzspinnerei.at\\\/#\\\/schema\\\/logo\\\/image\\\/\"}},{\"@type\":\"Person\",\"@id\":\"https:\\\/\\\/yspertal.netzspinnerei.at\\\/#\\\/schema\\\/person\\\/0438af216aae016d571caa687d414651\",\"name\":\"yspertal\",\"image\":{\"@type\":\"ImageObject\",\"inLanguage\":\"de\",\"@id\":\"https:\\\/\\\/secure.gravatar.com\\\/avatar\\\/d6d6f149f3e4dfd0fec95c58d9bf27d576441d81faa3399f60eebaa71358d6a9?s=96&d=mm&r=g\",\"url\":\"https:\\\/\\\/secure.gravatar.com\\\/avatar\\\/d6d6f149f3e4dfd0fec95c58d9bf27d576441d81faa3399f60eebaa71358d6a9?s=96&d=mm&r=g\",\"contentUrl\":\"https:\\\/\\\/secure.gravatar.com\\\/avatar\\\/d6d6f149f3e4dfd0fec95c58d9bf27d576441d81faa3399f60eebaa71358d6a9?s=96&d=mm&r=g\",\"caption\":\"yspertal\"},\"url\":\"https:\\\/\\\/pflegezentrum-yspertal.at\\\/wordpress\\\/author\\\/yspertal\"}]}<\/script>\n<!-- \/ Yoast SEO plugin. -->","yoast_head_json":{"title":"Christbaumbehang aus Salzteig - Pflegezentrum Yspertal","robots":{"index":"index","follow":"follow","max-snippet":"max-snippet:-1","max-image-preview":"max-image-preview:large","max-video-preview":"max-video-preview:-1"},"canonical":"https:\/\/pflegezentrum-yspertal.at\/wordpress\/christbaumbehang-aus-salzteig","og_locale":"de_DE","og_type":"article","og_title":"Christbaumbehang aus Salzteig - Pflegezentrum Yspertal","og_description":"Teig kneten, auswalken, ausstechen, backen, verzieren \u2013 alles T\u00e4tigkeiten die unsere Bewohnerinnen vom Kekse backen zu Hause kennen. Die gleichen Arbeitsschritte waren auch f\u00fcr die Herstellung unseres Baumbehanges aus Salzteig n\u00f6tig. Unsere flei\u00dfigen K\u00f6chinnen waren begeistert bei der Sache und mit der entsprechenden Ausdauer haben wir eine beachtliche St\u00fcckanzahl f\u00fcr unsere Christb\u00e4ume produziert. Und auch ... Weiterlesen","og_url":"https:\/\/pflegezentrum-yspertal.at\/wordpress\/christbaumbehang-aus-salzteig","og_site_name":"Pflegezentrum Yspertal","article_published_time":"2021-12-03T07:23:00+00:00","article_modified_time":"2022-01-03T07:28:12+00:00","og_image":[{"width":576,"height":768,"url":"https:\/\/pflegezentrum-yspertal.at\/wordpress\/wp-content\/uploads\/2022\/01\/IMG_6496.jpg","type":"image\/jpeg"}],"author":"yspertal","twitter_card":"summary_large_image","twitter_misc":{"Verfasst von":"yspertal","Gesch\u00e4tzte Lesezeit":"3\u00a0Minuten"},"schema":{"@context":"https:\/\/schema.org","@graph":[{"@type":"Article","@id":"https:\/\/pflegezentrum-yspertal.at\/wordpress\/christbaumbehang-aus-salzteig#article","isPartOf":{"@id":"https:\/\/pflegezentrum-yspertal.at\/wordpress\/christbaumbehang-aus-salzteig"},"author":{"name":"yspertal","@id":"https:\/\/yspertal.netzspinnerei.at\/#\/schema\/person\/0438af216aae016d571caa687d414651"},"headline":"Christbaumbehang aus Salzteig","datePublished":"2021-12-03T07:23:00+00:00","dateModified":"2022-01-03T07:28:12+00:00","mainEntityOfPage":{"@id":"https:\/\/pflegezentrum-yspertal.at\/wordpress\/christbaumbehang-aus-salzteig"},"wordCount":83,"publisher":{"@id":"https:\/\/yspertal.netzspinnerei.at\/#organization"},"image":{"@id":"https:\/\/pflegezentrum-yspertal.at\/wordpress\/christbaumbehang-aus-salzteig#primaryimage"},"thumbnailUrl":"https:\/\/pflegezentrum-yspertal.at\/wordpress\/wp-content\/uploads\/2022\/01\/IMG_6496.jpg","articleSection":["Aktuelles"],"inLanguage":"de"},{"@type":"WebPage","@id":"https:\/\/pflegezentrum-yspertal.at\/wordpress\/christbaumbehang-aus-salzteig","url":"https:\/\/pflegezentrum-yspertal.at\/wordpress\/christbaumbehang-aus-salzteig","name":"Christbaumbehang aus Salzteig - Pflegezentrum Yspertal","isPartOf":{"@id":"https:\/\/yspertal.netzspinnerei.at\/#website"},"primaryImageOfPage":{"@id":"https:\/\/pflegezentrum-yspertal.at\/wordpress\/christbaumbehang-aus-salzteig#primaryimage"},"image":{"@id":"https:\/\/pflegezentrum-yspertal.at\/wordpress\/christbaumbehang-aus-salzteig#primaryimage"},"thumbnailUrl":"https:\/\/pflegezentrum-yspertal.at\/wordpress\/wp-content\/uploads\/2022\/01\/IMG_6496.jpg","datePublished":"2021-12-03T07:23:00+00:00","dateModified":"2022-01-03T07:28:12+00:00","breadcrumb":{"@id":"https:\/\/pflegezentrum-yspertal.at\/wordpress\/christbaumbehang-aus-salzteig#breadcrumb"},"inLanguage":"de","potentialAction":[{"@type":"ReadAction","target":["https:\/\/pflegezentrum-yspertal.at\/wordpress\/christbaumbehang-aus-salzteig"]}]},{"@type":"ImageObject","inLanguage":"de","@id":"https:\/\/pflegezentrum-yspertal.at\/wordpress\/christbaumbehang-aus-salzteig#primaryimage","url":"https:\/\/pflegezentrum-yspertal.at\/wordpress\/wp-content\/uploads\/2022\/01\/IMG_6496.jpg","contentUrl":"https:\/\/pflegezentrum-yspertal.at\/wordpress\/wp-content\/uploads\/2022\/01\/IMG_6496.jpg","width":576,"height":768},{"@type":"BreadcrumbList","@id":"https:\/\/pflegezentrum-yspertal.at\/wordpress\/christbaumbehang-aus-salzteig#breadcrumb","itemListElement":[{"@type":"ListItem","position":1,"name":"Home","item":"https:\/\/pflegezentrum-yspertal.at\/wordpress\/"},{"@type":"ListItem","position":2,"name":"Aktuelles","item":"https:\/\/yspertal.netzspinnerei.at\/category\/aktuelles"},{"@type":"ListItem","position":3,"name":"Christbaumbehang aus Salzteig"}]},{"@type":"WebSite","@id":"https:\/\/yspertal.netzspinnerei.at\/#website","url":"https:\/\/yspertal.netzspinnerei.at\/","name":"Pflegezentrum Yspertal","description":"","publisher":{"@id":"https:\/\/yspertal.netzspinnerei.at\/#organization"},"potentialAction":[{"@type":"SearchAction","target":{"@type":"EntryPoint","urlTemplate":"https:\/\/yspertal.netzspinnerei.at\/?s={search_term_string}"},"query-input":{"@type":"PropertyValueSpecification","valueRequired":true,"valueName":"search_term_string"}}],"inLanguage":"de"},{"@type":"Organization","@id":"https:\/\/yspertal.netzspinnerei.at\/#organization","name":"Pflegezentrum Yspertal","url":"https:\/\/yspertal.netzspinnerei.at\/","logo":{"@type":"ImageObject","inLanguage":"de","@id":"https:\/\/yspertal.netzspinnerei.at\/#\/schema\/logo\/image\/","url":"https:\/\/pflegezentrum-yspertal.at\/wordpress\/wp-content\/uploads\/2023\/10\/Logo-Border.jpg","contentUrl":"https:\/\/pflegezentrum-yspertal.at\/wordpress\/wp-content\/uploads\/2023\/10\/Logo-Border.jpg","width":787,"height":102,"caption":"Pflegezentrum Yspertal"},"image":{"@id":"https:\/\/yspertal.netzspinnerei.at\/#\/schema\/logo\/image\/"}},{"@type":"Person","@id":"https:\/\/yspertal.netzspinnerei.at\/#\/schema\/person\/0438af216aae016d571caa687d414651","name":"yspertal","image":{"@type":"ImageObject","inLanguage":"de","@id":"https:\/\/secure.gravatar.com\/avatar\/d6d6f149f3e4dfd0fec95c58d9bf27d576441d81faa3399f60eebaa71358d6a9?s=96&d=mm&r=g","url":"https:\/\/secure.gravatar.com\/avatar\/d6d6f149f3e4dfd0fec95c58d9bf27d576441d81faa3399f60eebaa71358d6a9?s=96&d=mm&r=g","contentUrl":"https:\/\/secure.gravatar.com\/avatar\/d6d6f149f3e4dfd0fec95c58d9bf27d576441d81faa3399f60eebaa71358d6a9?s=96&d=mm&r=g","caption":"yspertal"},"url":"https:\/\/pflegezentrum-yspertal.at\/wordpress\/author\/yspertal"}]}},"_links":{"self":[{"href":"https:\/\/pflegezentrum-yspertal.at\/wordpress\/wp-json\/wp\/v2\/posts\/4336","targetHints":{"allow":["GET"]}}],"collection":[{"href":"https:\/\/pflegezentrum-yspertal.at\/wordpress\/wp-json\/wp\/v2\/posts"}],"about":[{"href":"https:\/\/pflegezentrum-yspertal.at\/wordpress\/wp-json\/wp\/v2\/types\/post"}],"author":[{"embeddable":true,"href":"https:\/\/pflegezentrum-yspertal.at\/wordpress\/wp-json\/wp\/v2\/users\/4"}],"replies":[{"embeddable":true,"href":"https:\/\/pflegezentrum-yspertal.at\/wordpress\/wp-json\/wp\/v2\/comments?post=4336"}],"version-history":[{"count":1,"href":"https:\/\/pflegezentrum-yspertal.at\/wordpress\/wp-json\/wp\/v2\/posts\/4336\/revisions"}],"predecessor-version":[{"id":4346,"href":"https:\/\/pflegezentrum-yspertal.at\/wordpress\/wp-json\/wp\/v2\/posts\/4336\/revisions\/4346"}],"wp:featuredmedia":[{"embeddable":true,"href":"https:\/\/pflegezentrum-yspertal.at\/wordpress\/wp-json\/wp\/v2\/media\/4338"}],"wp:attachment":[{"href":"https:\/\/pflegezentrum-yspertal.at\/wordpress\/wp-json\/wp\/v2\/media?parent=4336"}],"wp:term":[{"taxonomy":"category","embeddable":true,"href":"https:\/\/pflegezentrum-yspertal.at\/wordpress\/wp-json\/wp\/v2\/categories?post=4336"},{"taxonomy":"post_tag","embeddable":true,"href":"https:\/\/pflegezentrum-yspertal.at\/wordpress\/wp-json\/wp\/v2\/tags?post=4336"}],"curies":[{"name":"wp","href":"https:\/\/api.w.org\/{rel}","templated":true}]}}