{"id":4266,"date":"2021-11-23T08:42:00","date_gmt":"2021-11-23T08:42:00","guid":{"rendered":"https:\/\/pflegezentrum-yspertal.at\/wordpress\/?p=4266"},"modified":"2021-12-03T08:44:27","modified_gmt":"2021-12-03T08:44:27","slug":"weihnachtsdekoration-3","status":"publish","type":"post","link":"https:\/\/pflegezentrum-yspertal.at\/wordpress\/weihnachtsdekoration-3","title":{"rendered":"Weihnachtsdekoration"},"content":{"rendered":"\n<p>Die Kreativrunden sind ein ganz wichtiger Bestandteil f\u00fcr unsere Feste im Jahreskreis und die Dekoration unseres Hauses. Es ist erstaunlich wie viele Ressourcen die Menschen da noch mitbringen und wie gerne sie mithelfen ein Fest zu gestalten. Zuletzt ging es da nat\u00fcrlich schon um unsere Weihnachtsdekoration. Da haben wir unseren Herrn Oberklammer, der noch gerne Laubs\u00e4gearbeiten macht. Auch wenn es f\u00fcr ihn anstrengend und staubig ist, meint er: \u201eErni, wenn du etwas brauchst, dann sag es, f\u00fcr dich mach ich es gerne.\u201c So hat er uns in den letzten Wochen 30 Engel und 30 Sterne ausgeschnitten, die von den Damen verziert wurden und nun alle G\u00e4nge in unserem Haus schm\u00fccken.<\/p>\n\n\n\n<p>Das Ausschneiden aus Kartonpapier, einfache Verzierungen und dann die verschiedenen Teile zusammenkleben \u2013 da k\u00f6nnen wirklich noch viele Bewohnerinnen und Bewohner mithelfen. So sind auch unsere Schaukel-Weihnachtsm\u00e4nner in Teamarbeit entstanden und schm\u00fccken ebenfalls unsere Tagr\u00e4ume.<\/p>\n\n\n\n<figure class=\"wp-block-gallery columns-3 is-cropped wp-block-gallery-1 is-layout-flex wp-block-gallery-is-layout-flex\"><ul class=\"blocks-gallery-grid\"><li class=\"blocks-gallery-item\"><figure><a href=\"https:\/\/pflegezentrum-yspertal.at\/wordpress\/wp-content\/uploads\/2021\/12\/IMG_6111.jpg\"><img loading=\"lazy\" decoding=\"async\" width=\"603\" height=\"768\" src=\"https:\/\/pflegezentrum-yspertal.at\/wordpress\/wp-content\/uploads\/2021\/12\/IMG_6111.jpg\" alt=\"\" data-id=\"4267\" data-full-url=\"https:\/\/pflegezentrum-yspertal.at\/wordpress\/wp-content\/uploads\/2021\/12\/IMG_6111.jpg\" data-link=\"https:\/\/pflegezentrum-yspertal.at\/wordpress\/?attachment_id=4267\" class=\"wp-image-4267\" srcset=\"https:\/\/pflegezentrum-yspertal.at\/wordpress\/wp-content\/uploads\/2021\/12\/IMG_6111.jpg 603w, https:\/\/pflegezentrum-yspertal.at\/wordpress\/wp-content\/uploads\/2021\/12\/IMG_6111-236x300.jpg 236w, https:\/\/pflegezentrum-yspertal.at\/wordpress\/wp-content\/uploads\/2021\/12\/IMG_6111-214x273.jpg 214w\" sizes=\"auto, (max-width: 603px) 100vw, 603px\" \/><\/a><\/figure><\/li><li class=\"blocks-gallery-item\"><figure><a href=\"https:\/\/pflegezentrum-yspertal.at\/wordpress\/wp-content\/uploads\/2021\/12\/IMG_6126.jpg\"><img loading=\"lazy\" decoding=\"async\" width=\"1024\" height=\"768\" src=\"https:\/\/pflegezentrum-yspertal.at\/wordpress\/wp-content\/uploads\/2021\/12\/IMG_6126.jpg\" alt=\"\" data-id=\"4268\" data-full-url=\"https:\/\/pflegezentrum-yspertal.at\/wordpress\/wp-content\/uploads\/2021\/12\/IMG_6126.jpg\" data-link=\"https:\/\/pflegezentrum-yspertal.at\/wordpress\/?attachment_id=4268\" class=\"wp-image-4268\" srcset=\"https:\/\/pflegezentrum-yspertal.at\/wordpress\/wp-content\/uploads\/2021\/12\/IMG_6126.jpg 1024w, https:\/\/pflegezentrum-yspertal.at\/wordpress\/wp-content\/uploads\/2021\/12\/IMG_6126-300x225.jpg 300w, https:\/\/pflegezentrum-yspertal.at\/wordpress\/wp-content\/uploads\/2021\/12\/IMG_6126-768x576.jpg 768w, https:\/\/pflegezentrum-yspertal.at\/wordpress\/wp-content\/uploads\/2021\/12\/IMG_6126-637x478.jpg 637w, https:\/\/pflegezentrum-yspertal.at\/wordpress\/wp-content\/uploads\/2021\/12\/IMG_6126-970x728.jpg 970w, https:\/\/pflegezentrum-yspertal.at\/wordpress\/wp-content\/uploads\/2021\/12\/IMG_6126-214x161.jpg 214w\" sizes=\"auto, (max-width: 1024px) 100vw, 1024px\" \/><\/a><\/figure><\/li><li class=\"blocks-gallery-item\"><figure><a href=\"https:\/\/pflegezentrum-yspertal.at\/wordpress\/wp-content\/uploads\/2021\/12\/IMG_6166.jpg\"><img loading=\"lazy\" decoding=\"async\" width=\"1024\" height=\"768\" src=\"https:\/\/pflegezentrum-yspertal.at\/wordpress\/wp-content\/uploads\/2021\/12\/IMG_6166.jpg\" alt=\"\" data-id=\"4269\" data-full-url=\"https:\/\/pflegezentrum-yspertal.at\/wordpress\/wp-content\/uploads\/2021\/12\/IMG_6166.jpg\" data-link=\"https:\/\/pflegezentrum-yspertal.at\/wordpress\/?attachment_id=4269\" class=\"wp-image-4269\" srcset=\"https:\/\/pflegezentrum-yspertal.at\/wordpress\/wp-content\/uploads\/2021\/12\/IMG_6166.jpg 1024w, https:\/\/pflegezentrum-yspertal.at\/wordpress\/wp-content\/uploads\/2021\/12\/IMG_6166-300x225.jpg 300w, https:\/\/pflegezentrum-yspertal.at\/wordpress\/wp-content\/uploads\/2021\/12\/IMG_6166-768x576.jpg 768w, https:\/\/pflegezentrum-yspertal.at\/wordpress\/wp-content\/uploads\/2021\/12\/IMG_6166-637x478.jpg 637w, https:\/\/pflegezentrum-yspertal.at\/wordpress\/wp-content\/uploads\/2021\/12\/IMG_6166-970x728.jpg 970w, https:\/\/pflegezentrum-yspertal.at\/wordpress\/wp-content\/uploads\/2021\/12\/IMG_6166-214x161.jpg 214w\" sizes=\"auto, (max-width: 1024px) 100vw, 1024px\" \/><\/a><\/figure><\/li><li class=\"blocks-gallery-item\"><figure><a href=\"https:\/\/pflegezentrum-yspertal.at\/wordpress\/wp-content\/uploads\/2021\/12\/IMG_6169.jpg\"><img loading=\"lazy\" decoding=\"async\" width=\"576\" height=\"768\" src=\"https:\/\/pflegezentrum-yspertal.at\/wordpress\/wp-content\/uploads\/2021\/12\/IMG_6169.jpg\" alt=\"\" data-id=\"4270\" data-full-url=\"https:\/\/pflegezentrum-yspertal.at\/wordpress\/wp-content\/uploads\/2021\/12\/IMG_6169.jpg\" data-link=\"https:\/\/pflegezentrum-yspertal.at\/wordpress\/?attachment_id=4270\" class=\"wp-image-4270\" srcset=\"https:\/\/pflegezentrum-yspertal.at\/wordpress\/wp-content\/uploads\/2021\/12\/IMG_6169.jpg 576w, https:\/\/pflegezentrum-yspertal.at\/wordpress\/wp-content\/uploads\/2021\/12\/IMG_6169-225x300.jpg 225w, https:\/\/pflegezentrum-yspertal.at\/wordpress\/wp-content\/uploads\/2021\/12\/IMG_6169-214x285.jpg 214w\" sizes=\"auto, (max-width: 576px) 100vw, 576px\" \/><\/a><\/figure><\/li><li class=\"blocks-gallery-item\"><figure><a href=\"https:\/\/pflegezentrum-yspertal.at\/wordpress\/wp-content\/uploads\/2021\/12\/IMG_6171.jpg\"><img loading=\"lazy\" decoding=\"async\" width=\"1024\" height=\"768\" src=\"https:\/\/pflegezentrum-yspertal.at\/wordpress\/wp-content\/uploads\/2021\/12\/IMG_6171.jpg\" alt=\"\" data-id=\"4271\" data-full-url=\"https:\/\/pflegezentrum-yspertal.at\/wordpress\/wp-content\/uploads\/2021\/12\/IMG_6171.jpg\" data-link=\"https:\/\/pflegezentrum-yspertal.at\/wordpress\/?attachment_id=4271\" class=\"wp-image-4271\" srcset=\"https:\/\/pflegezentrum-yspertal.at\/wordpress\/wp-content\/uploads\/2021\/12\/IMG_6171.jpg 1024w, https:\/\/pflegezentrum-yspertal.at\/wordpress\/wp-content\/uploads\/2021\/12\/IMG_6171-300x225.jpg 300w, https:\/\/pflegezentrum-yspertal.at\/wordpress\/wp-content\/uploads\/2021\/12\/IMG_6171-768x576.jpg 768w, https:\/\/pflegezentrum-yspertal.at\/wordpress\/wp-content\/uploads\/2021\/12\/IMG_6171-637x478.jpg 637w, https:\/\/pflegezentrum-yspertal.at\/wordpress\/wp-content\/uploads\/2021\/12\/IMG_6171-970x728.jpg 970w, https:\/\/pflegezentrum-yspertal.at\/wordpress\/wp-content\/uploads\/2021\/12\/IMG_6171-214x161.jpg 214w\" sizes=\"auto, (max-width: 1024px) 100vw, 1024px\" \/><\/a><\/figure><\/li><li class=\"blocks-gallery-item\"><figure><a href=\"https:\/\/pflegezentrum-yspertal.at\/wordpress\/wp-content\/uploads\/2021\/12\/IMG_6188.jpg\"><img loading=\"lazy\" decoding=\"async\" width=\"576\" height=\"768\" src=\"https:\/\/pflegezentrum-yspertal.at\/wordpress\/wp-content\/uploads\/2021\/12\/IMG_6188.jpg\" alt=\"\" data-id=\"4272\" data-full-url=\"https:\/\/pflegezentrum-yspertal.at\/wordpress\/wp-content\/uploads\/2021\/12\/IMG_6188.jpg\" data-link=\"https:\/\/pflegezentrum-yspertal.at\/wordpress\/?attachment_id=4272\" class=\"wp-image-4272\" srcset=\"https:\/\/pflegezentrum-yspertal.at\/wordpress\/wp-content\/uploads\/2021\/12\/IMG_6188.jpg 576w, https:\/\/pflegezentrum-yspertal.at\/wordpress\/wp-content\/uploads\/2021\/12\/IMG_6188-263x350.jpg 263w, https:\/\/pflegezentrum-yspertal.at\/wordpress\/wp-content\/uploads\/2021\/12\/IMG_6188-225x300.jpg 225w, https:\/\/pflegezentrum-yspertal.at\/wordpress\/wp-content\/uploads\/2021\/12\/IMG_6188-214x285.jpg 214w\" sizes=\"auto, (max-width: 576px) 100vw, 576px\" \/><\/a><\/figure><\/li><li class=\"blocks-gallery-item\"><figure><a href=\"https:\/\/pflegezentrum-yspertal.at\/wordpress\/wp-content\/uploads\/2021\/12\/IMG_6200.jpg\"><img loading=\"lazy\" decoding=\"async\" width=\"1024\" height=\"768\" src=\"https:\/\/pflegezentrum-yspertal.at\/wordpress\/wp-content\/uploads\/2021\/12\/IMG_6200.jpg\" alt=\"\" data-id=\"4273\" data-full-url=\"https:\/\/pflegezentrum-yspertal.at\/wordpress\/wp-content\/uploads\/2021\/12\/IMG_6200.jpg\" data-link=\"https:\/\/pflegezentrum-yspertal.at\/wordpress\/?attachment_id=4273\" class=\"wp-image-4273\" srcset=\"https:\/\/pflegezentrum-yspertal.at\/wordpress\/wp-content\/uploads\/2021\/12\/IMG_6200.jpg 1024w, https:\/\/pflegezentrum-yspertal.at\/wordpress\/wp-content\/uploads\/2021\/12\/IMG_6200-300x225.jpg 300w, https:\/\/pflegezentrum-yspertal.at\/wordpress\/wp-content\/uploads\/2021\/12\/IMG_6200-768x576.jpg 768w, https:\/\/pflegezentrum-yspertal.at\/wordpress\/wp-content\/uploads\/2021\/12\/IMG_6200-637x478.jpg 637w, https:\/\/pflegezentrum-yspertal.at\/wordpress\/wp-content\/uploads\/2021\/12\/IMG_6200-970x728.jpg 970w, https:\/\/pflegezentrum-yspertal.at\/wordpress\/wp-content\/uploads\/2021\/12\/IMG_6200-214x161.jpg 214w\" sizes=\"auto, (max-width: 1024px) 100vw, 1024px\" \/><\/a><\/figure><\/li><li class=\"blocks-gallery-item\"><figure><a href=\"https:\/\/pflegezentrum-yspertal.at\/wordpress\/wp-content\/uploads\/2021\/12\/IMG_6207.jpg\"><img loading=\"lazy\" decoding=\"async\" width=\"1024\" height=\"768\" src=\"https:\/\/pflegezentrum-yspertal.at\/wordpress\/wp-content\/uploads\/2021\/12\/IMG_6207.jpg\" alt=\"\" data-id=\"4274\" data-full-url=\"https:\/\/pflegezentrum-yspertal.at\/wordpress\/wp-content\/uploads\/2021\/12\/IMG_6207.jpg\" data-link=\"https:\/\/pflegezentrum-yspertal.at\/wordpress\/?attachment_id=4274\" class=\"wp-image-4274\" srcset=\"https:\/\/pflegezentrum-yspertal.at\/wordpress\/wp-content\/uploads\/2021\/12\/IMG_6207.jpg 1024w, https:\/\/pflegezentrum-yspertal.at\/wordpress\/wp-content\/uploads\/2021\/12\/IMG_6207-300x225.jpg 300w, https:\/\/pflegezentrum-yspertal.at\/wordpress\/wp-content\/uploads\/2021\/12\/IMG_6207-768x576.jpg 768w, https:\/\/pflegezentrum-yspertal.at\/wordpress\/wp-content\/uploads\/2021\/12\/IMG_6207-637x478.jpg 637w, https:\/\/pflegezentrum-yspertal.at\/wordpress\/wp-content\/uploads\/2021\/12\/IMG_6207-970x728.jpg 970w, https:\/\/pflegezentrum-yspertal.at\/wordpress\/wp-content\/uploads\/2021\/12\/IMG_6207-214x161.jpg 214w\" sizes=\"auto, (max-width: 1024px) 100vw, 1024px\" \/><\/a><\/figure><\/li><li class=\"blocks-gallery-item\"><figure><a href=\"https:\/\/pflegezentrum-yspertal.at\/wordpress\/wp-content\/uploads\/2021\/12\/IMG_6108.jpg\"><img loading=\"lazy\" decoding=\"async\" width=\"576\" height=\"768\" src=\"https:\/\/pflegezentrum-yspertal.at\/wordpress\/wp-content\/uploads\/2021\/12\/IMG_6108.jpg\" alt=\"\" data-id=\"4275\" data-full-url=\"https:\/\/pflegezentrum-yspertal.at\/wordpress\/wp-content\/uploads\/2021\/12\/IMG_6108.jpg\" data-link=\"https:\/\/pflegezentrum-yspertal.at\/wordpress\/?attachment_id=4275\" class=\"wp-image-4275\" srcset=\"https:\/\/pflegezentrum-yspertal.at\/wordpress\/wp-content\/uploads\/2021\/12\/IMG_6108.jpg 576w, https:\/\/pflegezentrum-yspertal.at\/wordpress\/wp-content\/uploads\/2021\/12\/IMG_6108-225x300.jpg 225w, https:\/\/pflegezentrum-yspertal.at\/wordpress\/wp-content\/uploads\/2021\/12\/IMG_6108-214x285.jpg 214w\" sizes=\"auto, (max-width: 576px) 100vw, 576px\" \/><\/a><\/figure><\/li><\/ul><\/figure>\n","protected":false},"excerpt":{"rendered":"<p>Die Kreativrunden sind ein ganz wichtiger Bestandteil f\u00fcr unsere Feste im Jahreskreis und die Dekoration unseres Hauses. Es ist erstaunlich wie viele Ressourcen die Menschen da noch mitbringen und wie gerne sie mithelfen ein Fest zu gestalten. Zuletzt ging es da nat\u00fcrlich schon um unsere Weihnachtsdekoration. Da haben wir unseren Herrn Oberklammer, der noch gerne &#8230; <a title=\"Weihnachtsdekoration\" class=\"read-more\" href=\"https:\/\/pflegezentrum-yspertal.at\/wordpress\/weihnachtsdekoration-3\" aria-label=\"Mehr Informationen \u00fcber Weihnachtsdekoration\">Weiterlesen<\/a><\/p>\n","protected":false},"author":4,"featured_media":4272,"comment_status":"closed","ping_status":"closed","sticky":false,"template":"","format":"standard","meta":{"inline_featured_image":false,"footnotes":""},"categories":[1],"tags":[],"class_list":["post-4266","post","type-post","status-publish","format-standard","has-post-thumbnail","hentry","category-aktuelles"],"yoast_head":"<!-- This site is optimized with the Yoast SEO plugin v27.4 - https:\/\/yoast.com\/product\/yoast-seo-wordpress\/ -->\n<title>Weihnachtsdekoration - Pflegezentrum Yspertal<\/title>\n<meta name=\"robots\" content=\"index, follow, max-snippet:-1, max-image-preview:large, max-video-preview:-1\" \/>\n<link rel=\"canonical\" href=\"https:\/\/pflegezentrum-yspertal.at\/wordpress\/weihnachtsdekoration-3\" \/>\n<meta property=\"og:locale\" content=\"de_DE\" \/>\n<meta property=\"og:type\" content=\"article\" \/>\n<meta property=\"og:title\" content=\"Weihnachtsdekoration - Pflegezentrum Yspertal\" \/>\n<meta property=\"og:description\" content=\"Die Kreativrunden sind ein ganz wichtiger Bestandteil f\u00fcr unsere Feste im Jahreskreis und die Dekoration unseres Hauses. Es ist erstaunlich wie viele Ressourcen die Menschen da noch mitbringen und wie gerne sie mithelfen ein Fest zu gestalten. Zuletzt ging es da nat\u00fcrlich schon um unsere Weihnachtsdekoration. Da haben wir unseren Herrn Oberklammer, der noch gerne ... Weiterlesen\" \/>\n<meta property=\"og:url\" content=\"https:\/\/pflegezentrum-yspertal.at\/wordpress\/weihnachtsdekoration-3\" \/>\n<meta property=\"og:site_name\" content=\"Pflegezentrum Yspertal\" \/>\n<meta property=\"article:published_time\" content=\"2021-11-23T08:42:00+00:00\" \/>\n<meta property=\"article:modified_time\" content=\"2021-12-03T08:44:27+00:00\" \/>\n<meta property=\"og:image\" content=\"https:\/\/pflegezentrum-yspertal.at\/wordpress\/wp-content\/uploads\/2021\/12\/IMG_6188.jpg\" \/>\n\t<meta property=\"og:image:width\" content=\"576\" \/>\n\t<meta property=\"og:image:height\" content=\"768\" \/>\n\t<meta property=\"og:image:type\" content=\"image\/jpeg\" \/>\n<meta name=\"author\" content=\"yspertal\" \/>\n<meta name=\"twitter:card\" content=\"summary_large_image\" \/>\n<meta name=\"twitter:label1\" content=\"Verfasst von\" \/>\n\t<meta name=\"twitter:data1\" content=\"yspertal\" \/>\n\t<meta name=\"twitter:label2\" content=\"Gesch\u00e4tzte Lesezeit\" \/>\n\t<meta name=\"twitter:data2\" content=\"3\u00a0Minuten\" \/>\n<script type=\"application\/ld+json\" class=\"yoast-schema-graph\">{\"@context\":\"https:\\\/\\\/schema.org\",\"@graph\":[{\"@type\":\"Article\",\"@id\":\"https:\\\/\\\/pflegezentrum-yspertal.at\\\/wordpress\\\/weihnachtsdekoration-3#article\",\"isPartOf\":{\"@id\":\"https:\\\/\\\/pflegezentrum-yspertal.at\\\/wordpress\\\/weihnachtsdekoration-3\"},\"author\":{\"name\":\"yspertal\",\"@id\":\"https:\\\/\\\/yspertal.netzspinnerei.at\\\/#\\\/schema\\\/person\\\/0438af216aae016d571caa687d414651\"},\"headline\":\"Weihnachtsdekoration\",\"datePublished\":\"2021-11-23T08:42:00+00:00\",\"dateModified\":\"2021-12-03T08:44:27+00:00\",\"mainEntityOfPage\":{\"@id\":\"https:\\\/\\\/pflegezentrum-yspertal.at\\\/wordpress\\\/weihnachtsdekoration-3\"},\"wordCount\":154,\"publisher\":{\"@id\":\"https:\\\/\\\/yspertal.netzspinnerei.at\\\/#organization\"},\"image\":{\"@id\":\"https:\\\/\\\/pflegezentrum-yspertal.at\\\/wordpress\\\/weihnachtsdekoration-3#primaryimage\"},\"thumbnailUrl\":\"https:\\\/\\\/pflegezentrum-yspertal.at\\\/wordpress\\\/wp-content\\\/uploads\\\/2021\\\/12\\\/IMG_6188.jpg\",\"articleSection\":[\"Aktuelles\"],\"inLanguage\":\"de\"},{\"@type\":\"WebPage\",\"@id\":\"https:\\\/\\\/pflegezentrum-yspertal.at\\\/wordpress\\\/weihnachtsdekoration-3\",\"url\":\"https:\\\/\\\/pflegezentrum-yspertal.at\\\/wordpress\\\/weihnachtsdekoration-3\",\"name\":\"Weihnachtsdekoration - Pflegezentrum Yspertal\",\"isPartOf\":{\"@id\":\"https:\\\/\\\/yspertal.netzspinnerei.at\\\/#website\"},\"primaryImageOfPage\":{\"@id\":\"https:\\\/\\\/pflegezentrum-yspertal.at\\\/wordpress\\\/weihnachtsdekoration-3#primaryimage\"},\"image\":{\"@id\":\"https:\\\/\\\/pflegezentrum-yspertal.at\\\/wordpress\\\/weihnachtsdekoration-3#primaryimage\"},\"thumbnailUrl\":\"https:\\\/\\\/pflegezentrum-yspertal.at\\\/wordpress\\\/wp-content\\\/uploads\\\/2021\\\/12\\\/IMG_6188.jpg\",\"datePublished\":\"2021-11-23T08:42:00+00:00\",\"dateModified\":\"2021-12-03T08:44:27+00:00\",\"breadcrumb\":{\"@id\":\"https:\\\/\\\/pflegezentrum-yspertal.at\\\/wordpress\\\/weihnachtsdekoration-3#breadcrumb\"},\"inLanguage\":\"de\",\"potentialAction\":[{\"@type\":\"ReadAction\",\"target\":[\"https:\\\/\\\/pflegezentrum-yspertal.at\\\/wordpress\\\/weihnachtsdekoration-3\"]}]},{\"@type\":\"ImageObject\",\"inLanguage\":\"de\",\"@id\":\"https:\\\/\\\/pflegezentrum-yspertal.at\\\/wordpress\\\/weihnachtsdekoration-3#primaryimage\",\"url\":\"https:\\\/\\\/pflegezentrum-yspertal.at\\\/wordpress\\\/wp-content\\\/uploads\\\/2021\\\/12\\\/IMG_6188.jpg\",\"contentUrl\":\"https:\\\/\\\/pflegezentrum-yspertal.at\\\/wordpress\\\/wp-content\\\/uploads\\\/2021\\\/12\\\/IMG_6188.jpg\",\"width\":576,\"height\":768},{\"@type\":\"BreadcrumbList\",\"@id\":\"https:\\\/\\\/pflegezentrum-yspertal.at\\\/wordpress\\\/weihnachtsdekoration-3#breadcrumb\",\"itemListElement\":[{\"@type\":\"ListItem\",\"position\":1,\"name\":\"Home\",\"item\":\"https:\\\/\\\/pflegezentrum-yspertal.at\\\/wordpress\\\/\"},{\"@type\":\"ListItem\",\"position\":2,\"name\":\"Aktuelles\",\"item\":\"https:\\\/\\\/yspertal.netzspinnerei.at\\\/category\\\/aktuelles\"},{\"@type\":\"ListItem\",\"position\":3,\"name\":\"Weihnachtsdekoration\"}]},{\"@type\":\"WebSite\",\"@id\":\"https:\\\/\\\/yspertal.netzspinnerei.at\\\/#website\",\"url\":\"https:\\\/\\\/yspertal.netzspinnerei.at\\\/\",\"name\":\"Pflegezentrum Yspertal\",\"description\":\"\",\"publisher\":{\"@id\":\"https:\\\/\\\/yspertal.netzspinnerei.at\\\/#organization\"},\"potentialAction\":[{\"@type\":\"SearchAction\",\"target\":{\"@type\":\"EntryPoint\",\"urlTemplate\":\"https:\\\/\\\/yspertal.netzspinnerei.at\\\/?s={search_term_string}\"},\"query-input\":{\"@type\":\"PropertyValueSpecification\",\"valueRequired\":true,\"valueName\":\"search_term_string\"}}],\"inLanguage\":\"de\"},{\"@type\":\"Organization\",\"@id\":\"https:\\\/\\\/yspertal.netzspinnerei.at\\\/#organization\",\"name\":\"Pflegezentrum Yspertal\",\"url\":\"https:\\\/\\\/yspertal.netzspinnerei.at\\\/\",\"logo\":{\"@type\":\"ImageObject\",\"inLanguage\":\"de\",\"@id\":\"https:\\\/\\\/yspertal.netzspinnerei.at\\\/#\\\/schema\\\/logo\\\/image\\\/\",\"url\":\"https:\\\/\\\/pflegezentrum-yspertal.at\\\/wordpress\\\/wp-content\\\/uploads\\\/2023\\\/10\\\/Logo-Border.jpg\",\"contentUrl\":\"https:\\\/\\\/pflegezentrum-yspertal.at\\\/wordpress\\\/wp-content\\\/uploads\\\/2023\\\/10\\\/Logo-Border.jpg\",\"width\":787,\"height\":102,\"caption\":\"Pflegezentrum Yspertal\"},\"image\":{\"@id\":\"https:\\\/\\\/yspertal.netzspinnerei.at\\\/#\\\/schema\\\/logo\\\/image\\\/\"}},{\"@type\":\"Person\",\"@id\":\"https:\\\/\\\/yspertal.netzspinnerei.at\\\/#\\\/schema\\\/person\\\/0438af216aae016d571caa687d414651\",\"name\":\"yspertal\",\"image\":{\"@type\":\"ImageObject\",\"inLanguage\":\"de\",\"@id\":\"https:\\\/\\\/secure.gravatar.com\\\/avatar\\\/d6d6f149f3e4dfd0fec95c58d9bf27d576441d81faa3399f60eebaa71358d6a9?s=96&d=mm&r=g\",\"url\":\"https:\\\/\\\/secure.gravatar.com\\\/avatar\\\/d6d6f149f3e4dfd0fec95c58d9bf27d576441d81faa3399f60eebaa71358d6a9?s=96&d=mm&r=g\",\"contentUrl\":\"https:\\\/\\\/secure.gravatar.com\\\/avatar\\\/d6d6f149f3e4dfd0fec95c58d9bf27d576441d81faa3399f60eebaa71358d6a9?s=96&d=mm&r=g\",\"caption\":\"yspertal\"},\"url\":\"https:\\\/\\\/pflegezentrum-yspertal.at\\\/wordpress\\\/author\\\/yspertal\"}]}<\/script>\n<!-- \/ Yoast SEO plugin. -->","yoast_head_json":{"title":"Weihnachtsdekoration - Pflegezentrum Yspertal","robots":{"index":"index","follow":"follow","max-snippet":"max-snippet:-1","max-image-preview":"max-image-preview:large","max-video-preview":"max-video-preview:-1"},"canonical":"https:\/\/pflegezentrum-yspertal.at\/wordpress\/weihnachtsdekoration-3","og_locale":"de_DE","og_type":"article","og_title":"Weihnachtsdekoration - Pflegezentrum Yspertal","og_description":"Die Kreativrunden sind ein ganz wichtiger Bestandteil f\u00fcr unsere Feste im Jahreskreis und die Dekoration unseres Hauses. Es ist erstaunlich wie viele Ressourcen die Menschen da noch mitbringen und wie gerne sie mithelfen ein Fest zu gestalten. Zuletzt ging es da nat\u00fcrlich schon um unsere Weihnachtsdekoration. Da haben wir unseren Herrn Oberklammer, der noch gerne ... Weiterlesen","og_url":"https:\/\/pflegezentrum-yspertal.at\/wordpress\/weihnachtsdekoration-3","og_site_name":"Pflegezentrum Yspertal","article_published_time":"2021-11-23T08:42:00+00:00","article_modified_time":"2021-12-03T08:44:27+00:00","og_image":[{"width":576,"height":768,"url":"https:\/\/pflegezentrum-yspertal.at\/wordpress\/wp-content\/uploads\/2021\/12\/IMG_6188.jpg","type":"image\/jpeg"}],"author":"yspertal","twitter_card":"summary_large_image","twitter_misc":{"Verfasst von":"yspertal","Gesch\u00e4tzte Lesezeit":"3\u00a0Minuten"},"schema":{"@context":"https:\/\/schema.org","@graph":[{"@type":"Article","@id":"https:\/\/pflegezentrum-yspertal.at\/wordpress\/weihnachtsdekoration-3#article","isPartOf":{"@id":"https:\/\/pflegezentrum-yspertal.at\/wordpress\/weihnachtsdekoration-3"},"author":{"name":"yspertal","@id":"https:\/\/yspertal.netzspinnerei.at\/#\/schema\/person\/0438af216aae016d571caa687d414651"},"headline":"Weihnachtsdekoration","datePublished":"2021-11-23T08:42:00+00:00","dateModified":"2021-12-03T08:44:27+00:00","mainEntityOfPage":{"@id":"https:\/\/pflegezentrum-yspertal.at\/wordpress\/weihnachtsdekoration-3"},"wordCount":154,"publisher":{"@id":"https:\/\/yspertal.netzspinnerei.at\/#organization"},"image":{"@id":"https:\/\/pflegezentrum-yspertal.at\/wordpress\/weihnachtsdekoration-3#primaryimage"},"thumbnailUrl":"https:\/\/pflegezentrum-yspertal.at\/wordpress\/wp-content\/uploads\/2021\/12\/IMG_6188.jpg","articleSection":["Aktuelles"],"inLanguage":"de"},{"@type":"WebPage","@id":"https:\/\/pflegezentrum-yspertal.at\/wordpress\/weihnachtsdekoration-3","url":"https:\/\/pflegezentrum-yspertal.at\/wordpress\/weihnachtsdekoration-3","name":"Weihnachtsdekoration - Pflegezentrum Yspertal","isPartOf":{"@id":"https:\/\/yspertal.netzspinnerei.at\/#website"},"primaryImageOfPage":{"@id":"https:\/\/pflegezentrum-yspertal.at\/wordpress\/weihnachtsdekoration-3#primaryimage"},"image":{"@id":"https:\/\/pflegezentrum-yspertal.at\/wordpress\/weihnachtsdekoration-3#primaryimage"},"thumbnailUrl":"https:\/\/pflegezentrum-yspertal.at\/wordpress\/wp-content\/uploads\/2021\/12\/IMG_6188.jpg","datePublished":"2021-11-23T08:42:00+00:00","dateModified":"2021-12-03T08:44:27+00:00","breadcrumb":{"@id":"https:\/\/pflegezentrum-yspertal.at\/wordpress\/weihnachtsdekoration-3#breadcrumb"},"inLanguage":"de","potentialAction":[{"@type":"ReadAction","target":["https:\/\/pflegezentrum-yspertal.at\/wordpress\/weihnachtsdekoration-3"]}]},{"@type":"ImageObject","inLanguage":"de","@id":"https:\/\/pflegezentrum-yspertal.at\/wordpress\/weihnachtsdekoration-3#primaryimage","url":"https:\/\/pflegezentrum-yspertal.at\/wordpress\/wp-content\/uploads\/2021\/12\/IMG_6188.jpg","contentUrl":"https:\/\/pflegezentrum-yspertal.at\/wordpress\/wp-content\/uploads\/2021\/12\/IMG_6188.jpg","width":576,"height":768},{"@type":"BreadcrumbList","@id":"https:\/\/pflegezentrum-yspertal.at\/wordpress\/weihnachtsdekoration-3#breadcrumb","itemListElement":[{"@type":"ListItem","position":1,"name":"Home","item":"https:\/\/pflegezentrum-yspertal.at\/wordpress\/"},{"@type":"ListItem","position":2,"name":"Aktuelles","item":"https:\/\/yspertal.netzspinnerei.at\/category\/aktuelles"},{"@type":"ListItem","position":3,"name":"Weihnachtsdekoration"}]},{"@type":"WebSite","@id":"https:\/\/yspertal.netzspinnerei.at\/#website","url":"https:\/\/yspertal.netzspinnerei.at\/","name":"Pflegezentrum Yspertal","description":"","publisher":{"@id":"https:\/\/yspertal.netzspinnerei.at\/#organization"},"potentialAction":[{"@type":"SearchAction","target":{"@type":"EntryPoint","urlTemplate":"https:\/\/yspertal.netzspinnerei.at\/?s={search_term_string}"},"query-input":{"@type":"PropertyValueSpecification","valueRequired":true,"valueName":"search_term_string"}}],"inLanguage":"de"},{"@type":"Organization","@id":"https:\/\/yspertal.netzspinnerei.at\/#organization","name":"Pflegezentrum Yspertal","url":"https:\/\/yspertal.netzspinnerei.at\/","logo":{"@type":"ImageObject","inLanguage":"de","@id":"https:\/\/yspertal.netzspinnerei.at\/#\/schema\/logo\/image\/","url":"https:\/\/pflegezentrum-yspertal.at\/wordpress\/wp-content\/uploads\/2023\/10\/Logo-Border.jpg","contentUrl":"https:\/\/pflegezentrum-yspertal.at\/wordpress\/wp-content\/uploads\/2023\/10\/Logo-Border.jpg","width":787,"height":102,"caption":"Pflegezentrum Yspertal"},"image":{"@id":"https:\/\/yspertal.netzspinnerei.at\/#\/schema\/logo\/image\/"}},{"@type":"Person","@id":"https:\/\/yspertal.netzspinnerei.at\/#\/schema\/person\/0438af216aae016d571caa687d414651","name":"yspertal","image":{"@type":"ImageObject","inLanguage":"de","@id":"https:\/\/secure.gravatar.com\/avatar\/d6d6f149f3e4dfd0fec95c58d9bf27d576441d81faa3399f60eebaa71358d6a9?s=96&d=mm&r=g","url":"https:\/\/secure.gravatar.com\/avatar\/d6d6f149f3e4dfd0fec95c58d9bf27d576441d81faa3399f60eebaa71358d6a9?s=96&d=mm&r=g","contentUrl":"https:\/\/secure.gravatar.com\/avatar\/d6d6f149f3e4dfd0fec95c58d9bf27d576441d81faa3399f60eebaa71358d6a9?s=96&d=mm&r=g","caption":"yspertal"},"url":"https:\/\/pflegezentrum-yspertal.at\/wordpress\/author\/yspertal"}]}},"_links":{"self":[{"href":"https:\/\/pflegezentrum-yspertal.at\/wordpress\/wp-json\/wp\/v2\/posts\/4266","targetHints":{"allow":["GET"]}}],"collection":[{"href":"https:\/\/pflegezentrum-yspertal.at\/wordpress\/wp-json\/wp\/v2\/posts"}],"about":[{"href":"https:\/\/pflegezentrum-yspertal.at\/wordpress\/wp-json\/wp\/v2\/types\/post"}],"author":[{"embeddable":true,"href":"https:\/\/pflegezentrum-yspertal.at\/wordpress\/wp-json\/wp\/v2\/users\/4"}],"replies":[{"embeddable":true,"href":"https:\/\/pflegezentrum-yspertal.at\/wordpress\/wp-json\/wp\/v2\/comments?post=4266"}],"version-history":[{"count":1,"href":"https:\/\/pflegezentrum-yspertal.at\/wordpress\/wp-json\/wp\/v2\/posts\/4266\/revisions"}],"predecessor-version":[{"id":4276,"href":"https:\/\/pflegezentrum-yspertal.at\/wordpress\/wp-json\/wp\/v2\/posts\/4266\/revisions\/4276"}],"wp:featuredmedia":[{"embeddable":true,"href":"https:\/\/pflegezentrum-yspertal.at\/wordpress\/wp-json\/wp\/v2\/media\/4272"}],"wp:attachment":[{"href":"https:\/\/pflegezentrum-yspertal.at\/wordpress\/wp-json\/wp\/v2\/media?parent=4266"}],"wp:term":[{"taxonomy":"category","embeddable":true,"href":"https:\/\/pflegezentrum-yspertal.at\/wordpress\/wp-json\/wp\/v2\/categories?post=4266"},{"taxonomy":"post_tag","embeddable":true,"href":"https:\/\/pflegezentrum-yspertal.at\/wordpress\/wp-json\/wp\/v2\/tags?post=4266"}],"curies":[{"name":"wp","href":"https:\/\/api.w.org\/{rel}","templated":true}]}}