{"id":4088,"date":"2021-09-10T06:53:00","date_gmt":"2021-09-10T06:53:00","guid":{"rendered":"https:\/\/pflegezentrum-yspertal.at\/wordpress\/?p=4088"},"modified":"2024-03-01T10:03:38","modified_gmt":"2024-03-01T10:03:38","slug":"sozialminister-mueckstein-verleiht-nationales-qualitaetszertifikat-fuer-alten-und-pflegeheime-an-das-pflegezentrum-yspertal","status":"publish","type":"post","link":"https:\/\/pflegezentrum-yspertal.at\/wordpress\/sozialminister-mueckstein-verleiht-nationales-qualitaetszertifikat-fuer-alten-und-pflegeheime-an-das-pflegezentrum-yspertal","title":{"rendered":"Sozialminister M\u00fcckstein verleiht Nationales Qualit\u00e4tszertifikat f\u00fcr Alten- und Pflegeheime an das Pflegezentrum Yspertal"},"content":{"rendered":"\n<p>Vorbildfunktion f\u00fcr andere H\u00e4user<\/p>\n\n\n\n<p>Sozialminister Wolfgang M\u00fcckstein hat am 10.09.2021 bei einem Festakt in Wien das Pflegezentrum Yspertal mit dem Nationalen Qualit\u00e4tszertifikat f\u00fcr Alten- und Pflegewohnheime (NQZ) ausgezeichnet. Das Haus hat sich einem strengen Zertifizierungsverfahren gestellt und hat das Qualit\u00e4tszertifikat u. a. f\u00fcr die exzellente Betreuung seiner BewohnerInnen erhalten. \u201eIch freue mich, dass sich Ihr Alten- und Pflegeheim hat pr\u00fcfen und zertifizieren lassen. Sie sind damit ein Vorbild f\u00fcr andere H\u00e4user. Das NQZ ist aber besonders auch eine Auszeichnung f\u00fcr die exzellente, professionelle Arbeit jeder einzelnen Mitarbeiterin, jedes einzelnen Mitarbeiters in Ihrem Alten- und Pflegeheim\u201c, so der Sozialminister bei der \u00dcbergabe des Zertifikats an VertreterInnen des Pflegezentrum Yspertal.<\/p>\n\n\n\n<p>Die Zertifizierung im Rahmen des Nationalen Qualit\u00e4tszertifikats f\u00fcr Alten- und Pflegeheime in \u00d6sterreich pr\u00fcft und bewertet H\u00e4user, die auf der Basis eines eingef\u00fchrten Qualit\u00e4tsmanagement-Systems weitreichende Anstrengungen zur Sicherstellung einer gr\u00f6\u00dftm\u00f6glichen individuellen Lebensqualit\u00e4t ihrer BewohnerInnen unternehmen und auf die Arbeitsplatzqualit\u00e4t ihrer MitarbeiterInnen achten.<\/p>\n\n\n\n<p>Die besondere Aufmerksamkeit des Nationalen Qualit\u00e4tszertifikats richtet sich darauf, wie und mit welchen Instrumenten H\u00e4user Lebensqualit\u00e4t f\u00fcr BewohnerInnen erreichen wollen und sicherstellen bzw. welche Strukturen und Ressourcen der Tr\u00e4ger daf\u00fcr zur Verf\u00fcgung stellt. Es ber\u00fccksichtigt dabei auch, welche Ma\u00dfnahmen das Alten- und Pflegeheim zur Gewaltpr\u00e4vention in all seinen Strukturen und Prozessen setzt.&nbsp;<\/p>\n\n\n\n<p>Das Zertifikat wurde seitens des Pflegezentrum Yspertal an Herrn Gesch\u00e4ftsf\u00fchrer Josef Bogner, Frau Direktor Adelheid Beyerl, MSc sowie an Pflege- und Betreuungsleiterin Frau Claudia Selberherr, MSc \u00fcberreicht. In Vertretung des Landes Nieder\u00f6sterreich war Frau Mag. Isabella Handl-Wimmer anwesend.<\/p>\n\n\n\n<p>Frau Direktor Adelheid Beyerl, MSc ist sehr stolz auf Ihr engagiertes Team und bedankt sich herzlich f\u00fcr das Interesse und die aktive Mitarbeit bei diesem Prozess.<\/p>\n\n\n\n<figure class=\"wp-block-image size-full\"><a href=\"https:\/\/pflegezentrum-yspertal.at\/wordpress\/wp-content\/uploads\/2021\/09\/Foto-Verleihung-NQZ-100921.jpg\"><img loading=\"lazy\" decoding=\"async\" width=\"1000\" height=\"667\" src=\"https:\/\/pflegezentrum-yspertal.at\/wordpress\/wp-content\/uploads\/2021\/09\/Foto-Verleihung-NQZ-100921.jpg\" alt=\"\" class=\"wp-image-4089\" srcset=\"https:\/\/pflegezentrum-yspertal.at\/wordpress\/wp-content\/uploads\/2021\/09\/Foto-Verleihung-NQZ-100921.jpg 1000w, https:\/\/pflegezentrum-yspertal.at\/wordpress\/wp-content\/uploads\/2021\/09\/Foto-Verleihung-NQZ-100921-350x233.jpg 350w, https:\/\/pflegezentrum-yspertal.at\/wordpress\/wp-content\/uploads\/2021\/09\/Foto-Verleihung-NQZ-100921-768x512.jpg 768w, https:\/\/pflegezentrum-yspertal.at\/wordpress\/wp-content\/uploads\/2021\/09\/Foto-Verleihung-NQZ-100921-300x200.jpg 300w, https:\/\/pflegezentrum-yspertal.at\/wordpress\/wp-content\/uploads\/2021\/09\/Foto-Verleihung-NQZ-100921-637x425.jpg 637w, https:\/\/pflegezentrum-yspertal.at\/wordpress\/wp-content\/uploads\/2021\/09\/Foto-Verleihung-NQZ-100921-970x647.jpg 970w, https:\/\/pflegezentrum-yspertal.at\/wordpress\/wp-content\/uploads\/2021\/09\/Foto-Verleihung-NQZ-100921-214x143.jpg 214w\" sizes=\"auto, (max-width: 1000px) 100vw, 1000px\" \/><\/a><\/figure>\n\n\n\n<ul class=\"wp-block-list\"><li><a href=\"https:\/\/www.nqz-austria.at\/assets\/Uploads\/Detailinfos-Pflegezentrum-Yspertal.pdf\" target=\"_blank\" rel=\"noreferrer noopener\"><strong>Bericht zur Strukturqualit\u00e4t<\/strong><\/a><\/li><li><a href=\"https:\/\/www.nqz-austria.at\/assets\/Uploads\/Zertifizierungsergebnis-Zf.-Pflegezentrum-Yspertal.pdf\" target=\"_blank\" rel=\"noreferrer noopener\"><strong>Zusammenfassung des Zertifizierungsberichtes<\/strong><\/a><\/li><\/ul>\n\n\n\n<figure class=\"wp-block-embed is-type-video is-provider-youtube wp-block-embed-youtube wp-embed-aspect-16-9 wp-has-aspect-ratio\"><div class=\"wp-block-embed__wrapper\">\n<iframe loading=\"lazy\" title=\"NQZ BreiteO\u0308ffentlichkeit\" width=\"1200\" height=\"675\" src=\"https:\/\/www.youtube.com\/embed\/63Rd10Lx9Mw?feature=oembed\" frameborder=\"0\" allow=\"accelerometer; autoplay; clipboard-write; encrypted-media; gyroscope; picture-in-picture; web-share\" allowfullscreen><\/iframe>\n<\/div><\/figure>\n","protected":false},"excerpt":{"rendered":"<p>Vorbildfunktion f\u00fcr andere H\u00e4user Sozialminister Wolfgang M\u00fcckstein hat am 10.09.2021 bei einem Festakt in Wien das Pflegezentrum Yspertal mit dem Nationalen Qualit\u00e4tszertifikat f\u00fcr Alten- und Pflegewohnheime (NQZ) ausgezeichnet. Das Haus hat sich einem strengen Zertifizierungsverfahren gestellt und hat das Qualit\u00e4tszertifikat u. a. f\u00fcr die exzellente Betreuung seiner BewohnerInnen erhalten. \u201eIch freue mich, dass sich Ihr &#8230; <a title=\"Sozialminister M\u00fcckstein verleiht Nationales Qualit\u00e4tszertifikat f\u00fcr Alten- und Pflegeheime an das Pflegezentrum Yspertal\" class=\"read-more\" href=\"https:\/\/pflegezentrum-yspertal.at\/wordpress\/sozialminister-mueckstein-verleiht-nationales-qualitaetszertifikat-fuer-alten-und-pflegeheime-an-das-pflegezentrum-yspertal\" aria-label=\"Mehr Informationen \u00fcber Sozialminister M\u00fcckstein verleiht Nationales Qualit\u00e4tszertifikat f\u00fcr Alten- und Pflegeheime an das Pflegezentrum Yspertal\">Weiterlesen<\/a><\/p>\n","protected":false},"author":4,"featured_media":4089,"comment_status":"closed","ping_status":"closed","sticky":false,"template":"","format":"standard","meta":{"inline_featured_image":false,"footnotes":""},"categories":[1,27,33],"tags":[],"class_list":["post-4088","post","type-post","status-publish","format-standard","has-post-thumbnail","hentry","category-aktuelles","category-was-wir-leben","category-zertifizierungen"],"yoast_head":"<!-- This site is optimized with the Yoast SEO plugin v27.4 - https:\/\/yoast.com\/product\/yoast-seo-wordpress\/ -->\n<title>Sozialminister M\u00fcckstein verleiht Nationales Qualit\u00e4tszertifikat f\u00fcr Alten- und Pflegeheime an das Pflegezentrum Yspertal - Pflegezentrum Yspertal<\/title>\n<meta name=\"robots\" content=\"index, follow, max-snippet:-1, max-image-preview:large, max-video-preview:-1\" \/>\n<link rel=\"canonical\" href=\"https:\/\/pflegezentrum-yspertal.at\/wordpress\/sozialminister-mueckstein-verleiht-nationales-qualitaetszertifikat-fuer-alten-und-pflegeheime-an-das-pflegezentrum-yspertal\" \/>\n<meta property=\"og:locale\" content=\"de_DE\" \/>\n<meta property=\"og:type\" content=\"article\" \/>\n<meta property=\"og:title\" content=\"Sozialminister M\u00fcckstein verleiht Nationales Qualit\u00e4tszertifikat f\u00fcr Alten- und Pflegeheime an das Pflegezentrum Yspertal - Pflegezentrum Yspertal\" \/>\n<meta property=\"og:description\" content=\"Vorbildfunktion f\u00fcr andere H\u00e4user Sozialminister Wolfgang M\u00fcckstein hat am 10.09.2021 bei einem Festakt in Wien das Pflegezentrum Yspertal mit dem Nationalen Qualit\u00e4tszertifikat f\u00fcr Alten- und Pflegewohnheime (NQZ) ausgezeichnet. Das Haus hat sich einem strengen Zertifizierungsverfahren gestellt und hat das Qualit\u00e4tszertifikat u. a. f\u00fcr die exzellente Betreuung seiner BewohnerInnen erhalten. \u201eIch freue mich, dass sich Ihr ... Weiterlesen\" \/>\n<meta property=\"og:url\" content=\"https:\/\/pflegezentrum-yspertal.at\/wordpress\/sozialminister-mueckstein-verleiht-nationales-qualitaetszertifikat-fuer-alten-und-pflegeheime-an-das-pflegezentrum-yspertal\" \/>\n<meta property=\"og:site_name\" content=\"Pflegezentrum Yspertal\" \/>\n<meta property=\"article:published_time\" content=\"2021-09-10T06:53:00+00:00\" \/>\n<meta property=\"article:modified_time\" content=\"2024-03-01T10:03:38+00:00\" \/>\n<meta property=\"og:image\" content=\"https:\/\/pflegezentrum-yspertal.at\/wordpress\/wp-content\/uploads\/2021\/09\/Foto-Verleihung-NQZ-100921.jpg\" \/>\n\t<meta property=\"og:image:width\" content=\"1000\" \/>\n\t<meta property=\"og:image:height\" content=\"667\" \/>\n\t<meta property=\"og:image:type\" content=\"image\/jpeg\" \/>\n<meta name=\"author\" content=\"yspertal\" \/>\n<meta name=\"twitter:card\" content=\"summary_large_image\" \/>\n<meta name=\"twitter:label1\" content=\"Verfasst von\" \/>\n\t<meta name=\"twitter:data1\" content=\"yspertal\" \/>\n\t<meta name=\"twitter:label2\" content=\"Gesch\u00e4tzte Lesezeit\" \/>\n\t<meta name=\"twitter:data2\" content=\"2\u00a0Minuten\" \/>\n<script type=\"application\/ld+json\" class=\"yoast-schema-graph\">{\"@context\":\"https:\\\/\\\/schema.org\",\"@graph\":[{\"@type\":\"Article\",\"@id\":\"https:\\\/\\\/pflegezentrum-yspertal.at\\\/wordpress\\\/sozialminister-mueckstein-verleiht-nationales-qualitaetszertifikat-fuer-alten-und-pflegeheime-an-das-pflegezentrum-yspertal#article\",\"isPartOf\":{\"@id\":\"https:\\\/\\\/pflegezentrum-yspertal.at\\\/wordpress\\\/sozialminister-mueckstein-verleiht-nationales-qualitaetszertifikat-fuer-alten-und-pflegeheime-an-das-pflegezentrum-yspertal\"},\"author\":{\"name\":\"yspertal\",\"@id\":\"https:\\\/\\\/yspertal.netzspinnerei.at\\\/#\\\/schema\\\/person\\\/0438af216aae016d571caa687d414651\"},\"headline\":\"Sozialminister M\u00fcckstein verleiht Nationales Qualit\u00e4tszertifikat f\u00fcr Alten- und Pflegeheime an das Pflegezentrum Yspertal\",\"datePublished\":\"2021-09-10T06:53:00+00:00\",\"dateModified\":\"2024-03-01T10:03:38+00:00\",\"mainEntityOfPage\":{\"@id\":\"https:\\\/\\\/pflegezentrum-yspertal.at\\\/wordpress\\\/sozialminister-mueckstein-verleiht-nationales-qualitaetszertifikat-fuer-alten-und-pflegeheime-an-das-pflegezentrum-yspertal\"},\"wordCount\":333,\"publisher\":{\"@id\":\"https:\\\/\\\/yspertal.netzspinnerei.at\\\/#organization\"},\"image\":{\"@id\":\"https:\\\/\\\/pflegezentrum-yspertal.at\\\/wordpress\\\/sozialminister-mueckstein-verleiht-nationales-qualitaetszertifikat-fuer-alten-und-pflegeheime-an-das-pflegezentrum-yspertal#primaryimage\"},\"thumbnailUrl\":\"https:\\\/\\\/pflegezentrum-yspertal.at\\\/wordpress\\\/wp-content\\\/uploads\\\/2021\\\/09\\\/Foto-Verleihung-NQZ-100921.jpg\",\"articleSection\":[\"Aktuelles\",\"Was wir leben\",\"Zertifizierungen\"],\"inLanguage\":\"de\"},{\"@type\":\"WebPage\",\"@id\":\"https:\\\/\\\/pflegezentrum-yspertal.at\\\/wordpress\\\/sozialminister-mueckstein-verleiht-nationales-qualitaetszertifikat-fuer-alten-und-pflegeheime-an-das-pflegezentrum-yspertal\",\"url\":\"https:\\\/\\\/pflegezentrum-yspertal.at\\\/wordpress\\\/sozialminister-mueckstein-verleiht-nationales-qualitaetszertifikat-fuer-alten-und-pflegeheime-an-das-pflegezentrum-yspertal\",\"name\":\"Sozialminister M\u00fcckstein verleiht Nationales Qualit\u00e4tszertifikat f\u00fcr Alten- und Pflegeheime an das Pflegezentrum Yspertal - Pflegezentrum Yspertal\",\"isPartOf\":{\"@id\":\"https:\\\/\\\/yspertal.netzspinnerei.at\\\/#website\"},\"primaryImageOfPage\":{\"@id\":\"https:\\\/\\\/pflegezentrum-yspertal.at\\\/wordpress\\\/sozialminister-mueckstein-verleiht-nationales-qualitaetszertifikat-fuer-alten-und-pflegeheime-an-das-pflegezentrum-yspertal#primaryimage\"},\"image\":{\"@id\":\"https:\\\/\\\/pflegezentrum-yspertal.at\\\/wordpress\\\/sozialminister-mueckstein-verleiht-nationales-qualitaetszertifikat-fuer-alten-und-pflegeheime-an-das-pflegezentrum-yspertal#primaryimage\"},\"thumbnailUrl\":\"https:\\\/\\\/pflegezentrum-yspertal.at\\\/wordpress\\\/wp-content\\\/uploads\\\/2021\\\/09\\\/Foto-Verleihung-NQZ-100921.jpg\",\"datePublished\":\"2021-09-10T06:53:00+00:00\",\"dateModified\":\"2024-03-01T10:03:38+00:00\",\"breadcrumb\":{\"@id\":\"https:\\\/\\\/pflegezentrum-yspertal.at\\\/wordpress\\\/sozialminister-mueckstein-verleiht-nationales-qualitaetszertifikat-fuer-alten-und-pflegeheime-an-das-pflegezentrum-yspertal#breadcrumb\"},\"inLanguage\":\"de\",\"potentialAction\":[{\"@type\":\"ReadAction\",\"target\":[\"https:\\\/\\\/pflegezentrum-yspertal.at\\\/wordpress\\\/sozialminister-mueckstein-verleiht-nationales-qualitaetszertifikat-fuer-alten-und-pflegeheime-an-das-pflegezentrum-yspertal\"]}]},{\"@type\":\"ImageObject\",\"inLanguage\":\"de\",\"@id\":\"https:\\\/\\\/pflegezentrum-yspertal.at\\\/wordpress\\\/sozialminister-mueckstein-verleiht-nationales-qualitaetszertifikat-fuer-alten-und-pflegeheime-an-das-pflegezentrum-yspertal#primaryimage\",\"url\":\"https:\\\/\\\/pflegezentrum-yspertal.at\\\/wordpress\\\/wp-content\\\/uploads\\\/2021\\\/09\\\/Foto-Verleihung-NQZ-100921.jpg\",\"contentUrl\":\"https:\\\/\\\/pflegezentrum-yspertal.at\\\/wordpress\\\/wp-content\\\/uploads\\\/2021\\\/09\\\/Foto-Verleihung-NQZ-100921.jpg\",\"width\":1000,\"height\":667},{\"@type\":\"BreadcrumbList\",\"@id\":\"https:\\\/\\\/pflegezentrum-yspertal.at\\\/wordpress\\\/sozialminister-mueckstein-verleiht-nationales-qualitaetszertifikat-fuer-alten-und-pflegeheime-an-das-pflegezentrum-yspertal#breadcrumb\",\"itemListElement\":[{\"@type\":\"ListItem\",\"position\":1,\"name\":\"Home\",\"item\":\"https:\\\/\\\/pflegezentrum-yspertal.at\\\/wordpress\\\/\"},{\"@type\":\"ListItem\",\"position\":2,\"name\":\"Was wir leben\",\"item\":\"https:\\\/\\\/yspertal.netzspinnerei.at\\\/category\\\/was-wir-leben\"},{\"@type\":\"ListItem\",\"position\":3,\"name\":\"Sozialminister M\u00fcckstein verleiht Nationales Qualit\u00e4tszertifikat f\u00fcr Alten- und Pflegeheime an das Pflegezentrum Yspertal\"}]},{\"@type\":\"WebSite\",\"@id\":\"https:\\\/\\\/yspertal.netzspinnerei.at\\\/#website\",\"url\":\"https:\\\/\\\/yspertal.netzspinnerei.at\\\/\",\"name\":\"Pflegezentrum Yspertal\",\"description\":\"\",\"publisher\":{\"@id\":\"https:\\\/\\\/yspertal.netzspinnerei.at\\\/#organization\"},\"potentialAction\":[{\"@type\":\"SearchAction\",\"target\":{\"@type\":\"EntryPoint\",\"urlTemplate\":\"https:\\\/\\\/yspertal.netzspinnerei.at\\\/?s={search_term_string}\"},\"query-input\":{\"@type\":\"PropertyValueSpecification\",\"valueRequired\":true,\"valueName\":\"search_term_string\"}}],\"inLanguage\":\"de\"},{\"@type\":\"Organization\",\"@id\":\"https:\\\/\\\/yspertal.netzspinnerei.at\\\/#organization\",\"name\":\"Pflegezentrum Yspertal\",\"url\":\"https:\\\/\\\/yspertal.netzspinnerei.at\\\/\",\"logo\":{\"@type\":\"ImageObject\",\"inLanguage\":\"de\",\"@id\":\"https:\\\/\\\/yspertal.netzspinnerei.at\\\/#\\\/schema\\\/logo\\\/image\\\/\",\"url\":\"https:\\\/\\\/pflegezentrum-yspertal.at\\\/wordpress\\\/wp-content\\\/uploads\\\/2023\\\/10\\\/Logo-Border.jpg\",\"contentUrl\":\"https:\\\/\\\/pflegezentrum-yspertal.at\\\/wordpress\\\/wp-content\\\/uploads\\\/2023\\\/10\\\/Logo-Border.jpg\",\"width\":787,\"height\":102,\"caption\":\"Pflegezentrum Yspertal\"},\"image\":{\"@id\":\"https:\\\/\\\/yspertal.netzspinnerei.at\\\/#\\\/schema\\\/logo\\\/image\\\/\"}},{\"@type\":\"Person\",\"@id\":\"https:\\\/\\\/yspertal.netzspinnerei.at\\\/#\\\/schema\\\/person\\\/0438af216aae016d571caa687d414651\",\"name\":\"yspertal\",\"image\":{\"@type\":\"ImageObject\",\"inLanguage\":\"de\",\"@id\":\"https:\\\/\\\/secure.gravatar.com\\\/avatar\\\/d6d6f149f3e4dfd0fec95c58d9bf27d576441d81faa3399f60eebaa71358d6a9?s=96&d=mm&r=g\",\"url\":\"https:\\\/\\\/secure.gravatar.com\\\/avatar\\\/d6d6f149f3e4dfd0fec95c58d9bf27d576441d81faa3399f60eebaa71358d6a9?s=96&d=mm&r=g\",\"contentUrl\":\"https:\\\/\\\/secure.gravatar.com\\\/avatar\\\/d6d6f149f3e4dfd0fec95c58d9bf27d576441d81faa3399f60eebaa71358d6a9?s=96&d=mm&r=g\",\"caption\":\"yspertal\"},\"url\":\"https:\\\/\\\/pflegezentrum-yspertal.at\\\/wordpress\\\/author\\\/yspertal\"}]}<\/script>\n<!-- \/ Yoast SEO plugin. -->","yoast_head_json":{"title":"Sozialminister M\u00fcckstein verleiht Nationales Qualit\u00e4tszertifikat f\u00fcr Alten- und Pflegeheime an das Pflegezentrum Yspertal - Pflegezentrum Yspertal","robots":{"index":"index","follow":"follow","max-snippet":"max-snippet:-1","max-image-preview":"max-image-preview:large","max-video-preview":"max-video-preview:-1"},"canonical":"https:\/\/pflegezentrum-yspertal.at\/wordpress\/sozialminister-mueckstein-verleiht-nationales-qualitaetszertifikat-fuer-alten-und-pflegeheime-an-das-pflegezentrum-yspertal","og_locale":"de_DE","og_type":"article","og_title":"Sozialminister M\u00fcckstein verleiht Nationales Qualit\u00e4tszertifikat f\u00fcr Alten- und Pflegeheime an das Pflegezentrum Yspertal - Pflegezentrum Yspertal","og_description":"Vorbildfunktion f\u00fcr andere H\u00e4user Sozialminister Wolfgang M\u00fcckstein hat am 10.09.2021 bei einem Festakt in Wien das Pflegezentrum Yspertal mit dem Nationalen Qualit\u00e4tszertifikat f\u00fcr Alten- und Pflegewohnheime (NQZ) ausgezeichnet. Das Haus hat sich einem strengen Zertifizierungsverfahren gestellt und hat das Qualit\u00e4tszertifikat u. a. f\u00fcr die exzellente Betreuung seiner BewohnerInnen erhalten. \u201eIch freue mich, dass sich Ihr ... Weiterlesen","og_url":"https:\/\/pflegezentrum-yspertal.at\/wordpress\/sozialminister-mueckstein-verleiht-nationales-qualitaetszertifikat-fuer-alten-und-pflegeheime-an-das-pflegezentrum-yspertal","og_site_name":"Pflegezentrum Yspertal","article_published_time":"2021-09-10T06:53:00+00:00","article_modified_time":"2024-03-01T10:03:38+00:00","og_image":[{"width":1000,"height":667,"url":"https:\/\/pflegezentrum-yspertal.at\/wordpress\/wp-content\/uploads\/2021\/09\/Foto-Verleihung-NQZ-100921.jpg","type":"image\/jpeg"}],"author":"yspertal","twitter_card":"summary_large_image","twitter_misc":{"Verfasst von":"yspertal","Gesch\u00e4tzte Lesezeit":"2\u00a0Minuten"},"schema":{"@context":"https:\/\/schema.org","@graph":[{"@type":"Article","@id":"https:\/\/pflegezentrum-yspertal.at\/wordpress\/sozialminister-mueckstein-verleiht-nationales-qualitaetszertifikat-fuer-alten-und-pflegeheime-an-das-pflegezentrum-yspertal#article","isPartOf":{"@id":"https:\/\/pflegezentrum-yspertal.at\/wordpress\/sozialminister-mueckstein-verleiht-nationales-qualitaetszertifikat-fuer-alten-und-pflegeheime-an-das-pflegezentrum-yspertal"},"author":{"name":"yspertal","@id":"https:\/\/yspertal.netzspinnerei.at\/#\/schema\/person\/0438af216aae016d571caa687d414651"},"headline":"Sozialminister M\u00fcckstein verleiht Nationales Qualit\u00e4tszertifikat f\u00fcr Alten- und Pflegeheime an das Pflegezentrum Yspertal","datePublished":"2021-09-10T06:53:00+00:00","dateModified":"2024-03-01T10:03:38+00:00","mainEntityOfPage":{"@id":"https:\/\/pflegezentrum-yspertal.at\/wordpress\/sozialminister-mueckstein-verleiht-nationales-qualitaetszertifikat-fuer-alten-und-pflegeheime-an-das-pflegezentrum-yspertal"},"wordCount":333,"publisher":{"@id":"https:\/\/yspertal.netzspinnerei.at\/#organization"},"image":{"@id":"https:\/\/pflegezentrum-yspertal.at\/wordpress\/sozialminister-mueckstein-verleiht-nationales-qualitaetszertifikat-fuer-alten-und-pflegeheime-an-das-pflegezentrum-yspertal#primaryimage"},"thumbnailUrl":"https:\/\/pflegezentrum-yspertal.at\/wordpress\/wp-content\/uploads\/2021\/09\/Foto-Verleihung-NQZ-100921.jpg","articleSection":["Aktuelles","Was wir leben","Zertifizierungen"],"inLanguage":"de"},{"@type":"WebPage","@id":"https:\/\/pflegezentrum-yspertal.at\/wordpress\/sozialminister-mueckstein-verleiht-nationales-qualitaetszertifikat-fuer-alten-und-pflegeheime-an-das-pflegezentrum-yspertal","url":"https:\/\/pflegezentrum-yspertal.at\/wordpress\/sozialminister-mueckstein-verleiht-nationales-qualitaetszertifikat-fuer-alten-und-pflegeheime-an-das-pflegezentrum-yspertal","name":"Sozialminister M\u00fcckstein verleiht Nationales Qualit\u00e4tszertifikat f\u00fcr Alten- und Pflegeheime an das Pflegezentrum Yspertal - Pflegezentrum Yspertal","isPartOf":{"@id":"https:\/\/yspertal.netzspinnerei.at\/#website"},"primaryImageOfPage":{"@id":"https:\/\/pflegezentrum-yspertal.at\/wordpress\/sozialminister-mueckstein-verleiht-nationales-qualitaetszertifikat-fuer-alten-und-pflegeheime-an-das-pflegezentrum-yspertal#primaryimage"},"image":{"@id":"https:\/\/pflegezentrum-yspertal.at\/wordpress\/sozialminister-mueckstein-verleiht-nationales-qualitaetszertifikat-fuer-alten-und-pflegeheime-an-das-pflegezentrum-yspertal#primaryimage"},"thumbnailUrl":"https:\/\/pflegezentrum-yspertal.at\/wordpress\/wp-content\/uploads\/2021\/09\/Foto-Verleihung-NQZ-100921.jpg","datePublished":"2021-09-10T06:53:00+00:00","dateModified":"2024-03-01T10:03:38+00:00","breadcrumb":{"@id":"https:\/\/pflegezentrum-yspertal.at\/wordpress\/sozialminister-mueckstein-verleiht-nationales-qualitaetszertifikat-fuer-alten-und-pflegeheime-an-das-pflegezentrum-yspertal#breadcrumb"},"inLanguage":"de","potentialAction":[{"@type":"ReadAction","target":["https:\/\/pflegezentrum-yspertal.at\/wordpress\/sozialminister-mueckstein-verleiht-nationales-qualitaetszertifikat-fuer-alten-und-pflegeheime-an-das-pflegezentrum-yspertal"]}]},{"@type":"ImageObject","inLanguage":"de","@id":"https:\/\/pflegezentrum-yspertal.at\/wordpress\/sozialminister-mueckstein-verleiht-nationales-qualitaetszertifikat-fuer-alten-und-pflegeheime-an-das-pflegezentrum-yspertal#primaryimage","url":"https:\/\/pflegezentrum-yspertal.at\/wordpress\/wp-content\/uploads\/2021\/09\/Foto-Verleihung-NQZ-100921.jpg","contentUrl":"https:\/\/pflegezentrum-yspertal.at\/wordpress\/wp-content\/uploads\/2021\/09\/Foto-Verleihung-NQZ-100921.jpg","width":1000,"height":667},{"@type":"BreadcrumbList","@id":"https:\/\/pflegezentrum-yspertal.at\/wordpress\/sozialminister-mueckstein-verleiht-nationales-qualitaetszertifikat-fuer-alten-und-pflegeheime-an-das-pflegezentrum-yspertal#breadcrumb","itemListElement":[{"@type":"ListItem","position":1,"name":"Home","item":"https:\/\/pflegezentrum-yspertal.at\/wordpress\/"},{"@type":"ListItem","position":2,"name":"Was wir leben","item":"https:\/\/yspertal.netzspinnerei.at\/category\/was-wir-leben"},{"@type":"ListItem","position":3,"name":"Sozialminister M\u00fcckstein verleiht Nationales Qualit\u00e4tszertifikat f\u00fcr Alten- und Pflegeheime an das Pflegezentrum Yspertal"}]},{"@type":"WebSite","@id":"https:\/\/yspertal.netzspinnerei.at\/#website","url":"https:\/\/yspertal.netzspinnerei.at\/","name":"Pflegezentrum Yspertal","description":"","publisher":{"@id":"https:\/\/yspertal.netzspinnerei.at\/#organization"},"potentialAction":[{"@type":"SearchAction","target":{"@type":"EntryPoint","urlTemplate":"https:\/\/yspertal.netzspinnerei.at\/?s={search_term_string}"},"query-input":{"@type":"PropertyValueSpecification","valueRequired":true,"valueName":"search_term_string"}}],"inLanguage":"de"},{"@type":"Organization","@id":"https:\/\/yspertal.netzspinnerei.at\/#organization","name":"Pflegezentrum Yspertal","url":"https:\/\/yspertal.netzspinnerei.at\/","logo":{"@type":"ImageObject","inLanguage":"de","@id":"https:\/\/yspertal.netzspinnerei.at\/#\/schema\/logo\/image\/","url":"https:\/\/pflegezentrum-yspertal.at\/wordpress\/wp-content\/uploads\/2023\/10\/Logo-Border.jpg","contentUrl":"https:\/\/pflegezentrum-yspertal.at\/wordpress\/wp-content\/uploads\/2023\/10\/Logo-Border.jpg","width":787,"height":102,"caption":"Pflegezentrum Yspertal"},"image":{"@id":"https:\/\/yspertal.netzspinnerei.at\/#\/schema\/logo\/image\/"}},{"@type":"Person","@id":"https:\/\/yspertal.netzspinnerei.at\/#\/schema\/person\/0438af216aae016d571caa687d414651","name":"yspertal","image":{"@type":"ImageObject","inLanguage":"de","@id":"https:\/\/secure.gravatar.com\/avatar\/d6d6f149f3e4dfd0fec95c58d9bf27d576441d81faa3399f60eebaa71358d6a9?s=96&d=mm&r=g","url":"https:\/\/secure.gravatar.com\/avatar\/d6d6f149f3e4dfd0fec95c58d9bf27d576441d81faa3399f60eebaa71358d6a9?s=96&d=mm&r=g","contentUrl":"https:\/\/secure.gravatar.com\/avatar\/d6d6f149f3e4dfd0fec95c58d9bf27d576441d81faa3399f60eebaa71358d6a9?s=96&d=mm&r=g","caption":"yspertal"},"url":"https:\/\/pflegezentrum-yspertal.at\/wordpress\/author\/yspertal"}]}},"_links":{"self":[{"href":"https:\/\/pflegezentrum-yspertal.at\/wordpress\/wp-json\/wp\/v2\/posts\/4088","targetHints":{"allow":["GET"]}}],"collection":[{"href":"https:\/\/pflegezentrum-yspertal.at\/wordpress\/wp-json\/wp\/v2\/posts"}],"about":[{"href":"https:\/\/pflegezentrum-yspertal.at\/wordpress\/wp-json\/wp\/v2\/types\/post"}],"author":[{"embeddable":true,"href":"https:\/\/pflegezentrum-yspertal.at\/wordpress\/wp-json\/wp\/v2\/users\/4"}],"replies":[{"embeddable":true,"href":"https:\/\/pflegezentrum-yspertal.at\/wordpress\/wp-json\/wp\/v2\/comments?post=4088"}],"version-history":[{"count":6,"href":"https:\/\/pflegezentrum-yspertal.at\/wordpress\/wp-json\/wp\/v2\/posts\/4088\/revisions"}],"predecessor-version":[{"id":4245,"href":"https:\/\/pflegezentrum-yspertal.at\/wordpress\/wp-json\/wp\/v2\/posts\/4088\/revisions\/4245"}],"wp:featuredmedia":[{"embeddable":true,"href":"https:\/\/pflegezentrum-yspertal.at\/wordpress\/wp-json\/wp\/v2\/media\/4089"}],"wp:attachment":[{"href":"https:\/\/pflegezentrum-yspertal.at\/wordpress\/wp-json\/wp\/v2\/media?parent=4088"}],"wp:term":[{"taxonomy":"category","embeddable":true,"href":"https:\/\/pflegezentrum-yspertal.at\/wordpress\/wp-json\/wp\/v2\/categories?post=4088"},{"taxonomy":"post_tag","embeddable":true,"href":"https:\/\/pflegezentrum-yspertal.at\/wordpress\/wp-json\/wp\/v2\/tags?post=4088"}],"curies":[{"name":"wp","href":"https:\/\/api.w.org\/{rel}","templated":true}]}}