{"id":1476,"date":"2017-05-30T09:41:29","date_gmt":"2017-05-30T09:41:29","guid":{"rendered":"https:\/\/yspertal.netzspinnerei.at\/?p=1476"},"modified":"2024-03-01T10:10:07","modified_gmt":"2024-03-01T10:10:07","slug":"laufwunder-2017-auch-das-pflegezentrum-yspertal-beteiligte-sich","status":"publish","type":"post","link":"https:\/\/pflegezentrum-yspertal.at\/wordpress\/laufwunder-2017-auch-das-pflegezentrum-yspertal-beteiligte-sich","title":{"rendered":"Laufwunder 2017 &#8211; auch das Pflegezentrum Yspertal beteiligte sich"},"content":{"rendered":"<p><strong>Laufwunder 2017\u00a0 &#8211;\u00a0 auch das Pflegezentrum Yspertal beteiligte sich<\/strong><\/p>\n<p>Seit einigen Jahren veranstaltet die H\u00f6here Lehranstalt f\u00fcr Umwelt und Wirtschaft das Laufwunder. Dabei handelt es sich um ein Projekt der YoungCaritas, bei welchem von Sponsoren Geld f\u00fcr soziale Zwecke pro gelaufener Runde gespendet wird. Heuer wurde f\u00fcr das Projekt \u201eBildung macht stark\u201c, im konkreten f\u00fcr eine Schule in Senegal, die das Leben von Stra\u00dfenkindern nachhaltig verbessern soll, gelaufen.<\/p>\n<p>Im Vorfeld war der Leiter des Projekts, Herr Dominik Ebner, und Sch\u00fcler an der HLUW bei uns im Pflegezentrum und hat f\u00fcr diese Veranstaltung eingeladen. Erstmals gab es heuer n\u00e4mlich eine Seniorenstrecke und die gegangenen Runden wurden von der \u00dcbungsfirma der HLUW gesponsert.<\/p>\n<p>Da am Tag der Veranstaltung am 30. Mai extreme Hitze herrschte, trauten sich nur wenige Bewohner an das Projekt heran. Das Team bestand letztendlich aus Herta Grabner, Walter Rosenmeier, Seniorenbetreuerin Ernestine Lindner und den ehrenamtlichen Mitarbeitern Fam. Klaus und Christine Langergraber. Gemeinsam entschieden wir uns f\u00fcr die l\u00e4ngere Strecke von ca. 620 Metern und bew\u00e4ltigten insgesamt 15 Runden.\u00a0 Es war sehr anstrengend, machte aber auch riesigen Spass mit den Jugendlichen gemeinsam f\u00fcr eine gute Sache zu k\u00e4mpfen. Wir wurden auch bestens mit Getr\u00e4nken und Mehlspeisen versorgt.<\/p>\n<p>Das Team des Pflegezentrums erhielt f\u00fcr die Teilnahme vom Veranstalter einen Pokal \u00fcberreicht, wor\u00fcber wir uns nat\u00fcrlich ganz besonders freuten.<\/p>\n<p><a href=\"https:\/\/pflegezentrum-yspertal.at\/wordpress\/wp-content\/uploads\/2017\/06\/IMG_6309.jpg\"><img loading=\"lazy\" decoding=\"async\" class=\"alignnone size-medium wp-image-1477\" src=\"https:\/\/pflegezentrum-yspertal.at\/wordpress\/wp-content\/uploads\/2017\/06\/IMG_6309-225x300.jpg\" alt=\"\" width=\"225\" height=\"300\" \/><\/a> <a href=\"https:\/\/pflegezentrum-yspertal.at\/wordpress\/wp-content\/uploads\/2017\/06\/IMG_6310.jpg\"><img loading=\"lazy\" decoding=\"async\" class=\"alignnone size-medium wp-image-1478\" src=\"https:\/\/pflegezentrum-yspertal.at\/wordpress\/wp-content\/uploads\/2017\/06\/IMG_6310-300x225.jpg\" alt=\"\" width=\"300\" height=\"225\" \/><\/a> <a href=\"https:\/\/pflegezentrum-yspertal.at\/wordpress\/wp-content\/uploads\/2017\/06\/IMG_6311.jpg\"><img loading=\"lazy\" decoding=\"async\" class=\"alignnone size-medium wp-image-1479\" src=\"https:\/\/pflegezentrum-yspertal.at\/wordpress\/wp-content\/uploads\/2017\/06\/IMG_6311-225x300.jpg\" alt=\"\" width=\"225\" height=\"300\" \/><\/a> <a href=\"https:\/\/pflegezentrum-yspertal.at\/wordpress\/wp-content\/uploads\/2017\/06\/IMG_6314.jpg\"><img loading=\"lazy\" decoding=\"async\" class=\"alignnone size-medium wp-image-1480\" src=\"https:\/\/pflegezentrum-yspertal.at\/wordpress\/wp-content\/uploads\/2017\/06\/IMG_6314-300x225.jpg\" alt=\"\" width=\"300\" height=\"225\" \/><\/a> <a href=\"https:\/\/pflegezentrum-yspertal.at\/wordpress\/wp-content\/uploads\/2017\/06\/IMG_6318.jpg\"><img loading=\"lazy\" decoding=\"async\" class=\"alignnone size-medium wp-image-1481\" src=\"https:\/\/pflegezentrum-yspertal.at\/wordpress\/wp-content\/uploads\/2017\/06\/IMG_6318-300x225.jpg\" alt=\"\" width=\"300\" height=\"225\" \/><\/a> <a href=\"https:\/\/pflegezentrum-yspertal.at\/wordpress\/wp-content\/uploads\/2017\/06\/IMG_6321.jpg\"><img loading=\"lazy\" decoding=\"async\" class=\"alignnone size-medium wp-image-1482\" src=\"https:\/\/pflegezentrum-yspertal.at\/wordpress\/wp-content\/uploads\/2017\/06\/IMG_6321-300x225.jpg\" alt=\"\" width=\"300\" height=\"225\" \/><\/a><\/p>\n","protected":false},"excerpt":{"rendered":"<p>Laufwunder 2017\u00a0 &#8211;\u00a0 auch das Pflegezentrum Yspertal beteiligte sich Seit einigen Jahren veranstaltet die H\u00f6here Lehranstalt f\u00fcr Umwelt und Wirtschaft das Laufwunder. Dabei handelt es sich um ein Projekt der YoungCaritas, bei welchem von Sponsoren Geld f\u00fcr soziale Zwecke pro gelaufener Runde gespendet wird. Heuer wurde f\u00fcr das Projekt \u201eBildung macht stark\u201c, im konkreten f\u00fcr &#8230; <a title=\"Laufwunder 2017 &#8211; auch das Pflegezentrum Yspertal beteiligte sich\" class=\"read-more\" href=\"https:\/\/pflegezentrum-yspertal.at\/wordpress\/laufwunder-2017-auch-das-pflegezentrum-yspertal-beteiligte-sich\" aria-label=\"Mehr Informationen \u00fcber Laufwunder 2017 &#8211; auch das Pflegezentrum Yspertal beteiligte sich\">Weiterlesen<\/a><\/p>\n","protected":false},"author":4,"featured_media":0,"comment_status":"closed","ping_status":"closed","sticky":false,"template":"","format":"standard","meta":{"inline_featured_image":false,"footnotes":""},"categories":[1,31,27],"tags":[],"class_list":["post-1476","post","type-post","status-publish","format-standard","hentry","category-aktuelles","category-nachhaltigkeit","category-was-wir-leben"],"yoast_head":"<!-- This site is optimized with the Yoast SEO plugin v27.4 - https:\/\/yoast.com\/product\/yoast-seo-wordpress\/ -->\n<title>Laufwunder 2017 - auch das Pflegezentrum Yspertal beteiligte sich - Pflegezentrum Yspertal<\/title>\n<meta name=\"robots\" content=\"index, follow, max-snippet:-1, max-image-preview:large, max-video-preview:-1\" \/>\n<link rel=\"canonical\" href=\"https:\/\/pflegezentrum-yspertal.at\/wordpress\/laufwunder-2017-auch-das-pflegezentrum-yspertal-beteiligte-sich\" \/>\n<meta property=\"og:locale\" content=\"de_DE\" \/>\n<meta property=\"og:type\" content=\"article\" \/>\n<meta property=\"og:title\" content=\"Laufwunder 2017 - auch das Pflegezentrum Yspertal beteiligte sich - Pflegezentrum Yspertal\" \/>\n<meta property=\"og:description\" content=\"Laufwunder 2017\u00a0 &#8211;\u00a0 auch das Pflegezentrum Yspertal beteiligte sich Seit einigen Jahren veranstaltet die H\u00f6here Lehranstalt f\u00fcr Umwelt und Wirtschaft das Laufwunder. Dabei handelt es sich um ein Projekt der YoungCaritas, bei welchem von Sponsoren Geld f\u00fcr soziale Zwecke pro gelaufener Runde gespendet wird. Heuer wurde f\u00fcr das Projekt \u201eBildung macht stark\u201c, im konkreten f\u00fcr ... Weiterlesen\" \/>\n<meta property=\"og:url\" content=\"https:\/\/pflegezentrum-yspertal.at\/wordpress\/laufwunder-2017-auch-das-pflegezentrum-yspertal-beteiligte-sich\" \/>\n<meta property=\"og:site_name\" content=\"Pflegezentrum Yspertal\" \/>\n<meta property=\"article:published_time\" content=\"2017-05-30T09:41:29+00:00\" \/>\n<meta property=\"article:modified_time\" content=\"2024-03-01T10:10:07+00:00\" \/>\n<meta property=\"og:image\" content=\"https:\/\/pflegezentrum-yspertal.at\/wordpress\/wp-content\/uploads\/2017\/06\/IMG_6309-225x300.jpg\" \/>\n<meta name=\"author\" content=\"yspertal\" \/>\n<meta name=\"twitter:card\" content=\"summary_large_image\" \/>\n<meta name=\"twitter:label1\" content=\"Verfasst von\" \/>\n\t<meta name=\"twitter:data1\" content=\"yspertal\" \/>\n\t<meta name=\"twitter:label2\" content=\"Gesch\u00e4tzte Lesezeit\" \/>\n\t<meta name=\"twitter:data2\" content=\"3\u00a0Minuten\" \/>\n<script type=\"application\/ld+json\" class=\"yoast-schema-graph\">{\"@context\":\"https:\\\/\\\/schema.org\",\"@graph\":[{\"@type\":\"Article\",\"@id\":\"https:\\\/\\\/pflegezentrum-yspertal.at\\\/wordpress\\\/laufwunder-2017-auch-das-pflegezentrum-yspertal-beteiligte-sich#article\",\"isPartOf\":{\"@id\":\"https:\\\/\\\/pflegezentrum-yspertal.at\\\/wordpress\\\/laufwunder-2017-auch-das-pflegezentrum-yspertal-beteiligte-sich\"},\"author\":{\"name\":\"yspertal\",\"@id\":\"https:\\\/\\\/yspertal.netzspinnerei.at\\\/#\\\/schema\\\/person\\\/0438af216aae016d571caa687d414651\"},\"headline\":\"Laufwunder 2017 &#8211; auch das Pflegezentrum Yspertal beteiligte sich\",\"datePublished\":\"2017-05-30T09:41:29+00:00\",\"dateModified\":\"2024-03-01T10:10:07+00:00\",\"mainEntityOfPage\":{\"@id\":\"https:\\\/\\\/pflegezentrum-yspertal.at\\\/wordpress\\\/laufwunder-2017-auch-das-pflegezentrum-yspertal-beteiligte-sich\"},\"wordCount\":239,\"publisher\":{\"@id\":\"https:\\\/\\\/yspertal.netzspinnerei.at\\\/#organization\"},\"image\":{\"@id\":\"https:\\\/\\\/pflegezentrum-yspertal.at\\\/wordpress\\\/laufwunder-2017-auch-das-pflegezentrum-yspertal-beteiligte-sich#primaryimage\"},\"thumbnailUrl\":\"https:\\\/\\\/pflegezentrum-yspertal.at\\\/wordpress\\\/wp-content\\\/uploads\\\/2017\\\/06\\\/IMG_6309-225x300.jpg\",\"articleSection\":[\"Aktuelles\",\"Nachhaltigkeit\",\"Was wir leben\"],\"inLanguage\":\"de\"},{\"@type\":\"WebPage\",\"@id\":\"https:\\\/\\\/pflegezentrum-yspertal.at\\\/wordpress\\\/laufwunder-2017-auch-das-pflegezentrum-yspertal-beteiligte-sich\",\"url\":\"https:\\\/\\\/pflegezentrum-yspertal.at\\\/wordpress\\\/laufwunder-2017-auch-das-pflegezentrum-yspertal-beteiligte-sich\",\"name\":\"Laufwunder 2017 - auch das Pflegezentrum Yspertal beteiligte sich - Pflegezentrum Yspertal\",\"isPartOf\":{\"@id\":\"https:\\\/\\\/yspertal.netzspinnerei.at\\\/#website\"},\"primaryImageOfPage\":{\"@id\":\"https:\\\/\\\/pflegezentrum-yspertal.at\\\/wordpress\\\/laufwunder-2017-auch-das-pflegezentrum-yspertal-beteiligte-sich#primaryimage\"},\"image\":{\"@id\":\"https:\\\/\\\/pflegezentrum-yspertal.at\\\/wordpress\\\/laufwunder-2017-auch-das-pflegezentrum-yspertal-beteiligte-sich#primaryimage\"},\"thumbnailUrl\":\"https:\\\/\\\/pflegezentrum-yspertal.at\\\/wordpress\\\/wp-content\\\/uploads\\\/2017\\\/06\\\/IMG_6309-225x300.jpg\",\"datePublished\":\"2017-05-30T09:41:29+00:00\",\"dateModified\":\"2024-03-01T10:10:07+00:00\",\"breadcrumb\":{\"@id\":\"https:\\\/\\\/pflegezentrum-yspertal.at\\\/wordpress\\\/laufwunder-2017-auch-das-pflegezentrum-yspertal-beteiligte-sich#breadcrumb\"},\"inLanguage\":\"de\",\"potentialAction\":[{\"@type\":\"ReadAction\",\"target\":[\"https:\\\/\\\/pflegezentrum-yspertal.at\\\/wordpress\\\/laufwunder-2017-auch-das-pflegezentrum-yspertal-beteiligte-sich\"]}]},{\"@type\":\"ImageObject\",\"inLanguage\":\"de\",\"@id\":\"https:\\\/\\\/pflegezentrum-yspertal.at\\\/wordpress\\\/laufwunder-2017-auch-das-pflegezentrum-yspertal-beteiligte-sich#primaryimage\",\"url\":\"https:\\\/\\\/pflegezentrum-yspertal.at\\\/wordpress\\\/wp-content\\\/uploads\\\/2017\\\/06\\\/IMG_6309-225x300.jpg\",\"contentUrl\":\"https:\\\/\\\/pflegezentrum-yspertal.at\\\/wordpress\\\/wp-content\\\/uploads\\\/2017\\\/06\\\/IMG_6309-225x300.jpg\"},{\"@type\":\"BreadcrumbList\",\"@id\":\"https:\\\/\\\/pflegezentrum-yspertal.at\\\/wordpress\\\/laufwunder-2017-auch-das-pflegezentrum-yspertal-beteiligte-sich#breadcrumb\",\"itemListElement\":[{\"@type\":\"ListItem\",\"position\":1,\"name\":\"Home\",\"item\":\"https:\\\/\\\/pflegezentrum-yspertal.at\\\/wordpress\\\/\"},{\"@type\":\"ListItem\",\"position\":2,\"name\":\"Aktuelles\",\"item\":\"https:\\\/\\\/yspertal.netzspinnerei.at\\\/category\\\/aktuelles\"},{\"@type\":\"ListItem\",\"position\":3,\"name\":\"Laufwunder 2017 &#8211; auch das Pflegezentrum Yspertal beteiligte sich\"}]},{\"@type\":\"WebSite\",\"@id\":\"https:\\\/\\\/yspertal.netzspinnerei.at\\\/#website\",\"url\":\"https:\\\/\\\/yspertal.netzspinnerei.at\\\/\",\"name\":\"Pflegezentrum Yspertal\",\"description\":\"\",\"publisher\":{\"@id\":\"https:\\\/\\\/yspertal.netzspinnerei.at\\\/#organization\"},\"potentialAction\":[{\"@type\":\"SearchAction\",\"target\":{\"@type\":\"EntryPoint\",\"urlTemplate\":\"https:\\\/\\\/yspertal.netzspinnerei.at\\\/?s={search_term_string}\"},\"query-input\":{\"@type\":\"PropertyValueSpecification\",\"valueRequired\":true,\"valueName\":\"search_term_string\"}}],\"inLanguage\":\"de\"},{\"@type\":\"Organization\",\"@id\":\"https:\\\/\\\/yspertal.netzspinnerei.at\\\/#organization\",\"name\":\"Pflegezentrum Yspertal\",\"url\":\"https:\\\/\\\/yspertal.netzspinnerei.at\\\/\",\"logo\":{\"@type\":\"ImageObject\",\"inLanguage\":\"de\",\"@id\":\"https:\\\/\\\/yspertal.netzspinnerei.at\\\/#\\\/schema\\\/logo\\\/image\\\/\",\"url\":\"https:\\\/\\\/pflegezentrum-yspertal.at\\\/wordpress\\\/wp-content\\\/uploads\\\/2023\\\/10\\\/Logo-Border.jpg\",\"contentUrl\":\"https:\\\/\\\/pflegezentrum-yspertal.at\\\/wordpress\\\/wp-content\\\/uploads\\\/2023\\\/10\\\/Logo-Border.jpg\",\"width\":787,\"height\":102,\"caption\":\"Pflegezentrum Yspertal\"},\"image\":{\"@id\":\"https:\\\/\\\/yspertal.netzspinnerei.at\\\/#\\\/schema\\\/logo\\\/image\\\/\"}},{\"@type\":\"Person\",\"@id\":\"https:\\\/\\\/yspertal.netzspinnerei.at\\\/#\\\/schema\\\/person\\\/0438af216aae016d571caa687d414651\",\"name\":\"yspertal\",\"image\":{\"@type\":\"ImageObject\",\"inLanguage\":\"de\",\"@id\":\"https:\\\/\\\/secure.gravatar.com\\\/avatar\\\/d6d6f149f3e4dfd0fec95c58d9bf27d576441d81faa3399f60eebaa71358d6a9?s=96&d=mm&r=g\",\"url\":\"https:\\\/\\\/secure.gravatar.com\\\/avatar\\\/d6d6f149f3e4dfd0fec95c58d9bf27d576441d81faa3399f60eebaa71358d6a9?s=96&d=mm&r=g\",\"contentUrl\":\"https:\\\/\\\/secure.gravatar.com\\\/avatar\\\/d6d6f149f3e4dfd0fec95c58d9bf27d576441d81faa3399f60eebaa71358d6a9?s=96&d=mm&r=g\",\"caption\":\"yspertal\"},\"url\":\"https:\\\/\\\/pflegezentrum-yspertal.at\\\/wordpress\\\/author\\\/yspertal\"}]}<\/script>\n<!-- \/ Yoast SEO plugin. -->","yoast_head_json":{"title":"Laufwunder 2017 - auch das Pflegezentrum Yspertal beteiligte sich - Pflegezentrum Yspertal","robots":{"index":"index","follow":"follow","max-snippet":"max-snippet:-1","max-image-preview":"max-image-preview:large","max-video-preview":"max-video-preview:-1"},"canonical":"https:\/\/pflegezentrum-yspertal.at\/wordpress\/laufwunder-2017-auch-das-pflegezentrum-yspertal-beteiligte-sich","og_locale":"de_DE","og_type":"article","og_title":"Laufwunder 2017 - auch das Pflegezentrum Yspertal beteiligte sich - Pflegezentrum Yspertal","og_description":"Laufwunder 2017\u00a0 &#8211;\u00a0 auch das Pflegezentrum Yspertal beteiligte sich Seit einigen Jahren veranstaltet die H\u00f6here Lehranstalt f\u00fcr Umwelt und Wirtschaft das Laufwunder. Dabei handelt es sich um ein Projekt der YoungCaritas, bei welchem von Sponsoren Geld f\u00fcr soziale Zwecke pro gelaufener Runde gespendet wird. Heuer wurde f\u00fcr das Projekt \u201eBildung macht stark\u201c, im konkreten f\u00fcr ... Weiterlesen","og_url":"https:\/\/pflegezentrum-yspertal.at\/wordpress\/laufwunder-2017-auch-das-pflegezentrum-yspertal-beteiligte-sich","og_site_name":"Pflegezentrum Yspertal","article_published_time":"2017-05-30T09:41:29+00:00","article_modified_time":"2024-03-01T10:10:07+00:00","og_image":[{"url":"https:\/\/pflegezentrum-yspertal.at\/wordpress\/wp-content\/uploads\/2017\/06\/IMG_6309-225x300.jpg","type":"","width":"","height":""}],"author":"yspertal","twitter_card":"summary_large_image","twitter_misc":{"Verfasst von":"yspertal","Gesch\u00e4tzte Lesezeit":"3\u00a0Minuten"},"schema":{"@context":"https:\/\/schema.org","@graph":[{"@type":"Article","@id":"https:\/\/pflegezentrum-yspertal.at\/wordpress\/laufwunder-2017-auch-das-pflegezentrum-yspertal-beteiligte-sich#article","isPartOf":{"@id":"https:\/\/pflegezentrum-yspertal.at\/wordpress\/laufwunder-2017-auch-das-pflegezentrum-yspertal-beteiligte-sich"},"author":{"name":"yspertal","@id":"https:\/\/yspertal.netzspinnerei.at\/#\/schema\/person\/0438af216aae016d571caa687d414651"},"headline":"Laufwunder 2017 &#8211; auch das Pflegezentrum Yspertal beteiligte sich","datePublished":"2017-05-30T09:41:29+00:00","dateModified":"2024-03-01T10:10:07+00:00","mainEntityOfPage":{"@id":"https:\/\/pflegezentrum-yspertal.at\/wordpress\/laufwunder-2017-auch-das-pflegezentrum-yspertal-beteiligte-sich"},"wordCount":239,"publisher":{"@id":"https:\/\/yspertal.netzspinnerei.at\/#organization"},"image":{"@id":"https:\/\/pflegezentrum-yspertal.at\/wordpress\/laufwunder-2017-auch-das-pflegezentrum-yspertal-beteiligte-sich#primaryimage"},"thumbnailUrl":"https:\/\/pflegezentrum-yspertal.at\/wordpress\/wp-content\/uploads\/2017\/06\/IMG_6309-225x300.jpg","articleSection":["Aktuelles","Nachhaltigkeit","Was wir leben"],"inLanguage":"de"},{"@type":"WebPage","@id":"https:\/\/pflegezentrum-yspertal.at\/wordpress\/laufwunder-2017-auch-das-pflegezentrum-yspertal-beteiligte-sich","url":"https:\/\/pflegezentrum-yspertal.at\/wordpress\/laufwunder-2017-auch-das-pflegezentrum-yspertal-beteiligte-sich","name":"Laufwunder 2017 - auch das Pflegezentrum Yspertal beteiligte sich - Pflegezentrum Yspertal","isPartOf":{"@id":"https:\/\/yspertal.netzspinnerei.at\/#website"},"primaryImageOfPage":{"@id":"https:\/\/pflegezentrum-yspertal.at\/wordpress\/laufwunder-2017-auch-das-pflegezentrum-yspertal-beteiligte-sich#primaryimage"},"image":{"@id":"https:\/\/pflegezentrum-yspertal.at\/wordpress\/laufwunder-2017-auch-das-pflegezentrum-yspertal-beteiligte-sich#primaryimage"},"thumbnailUrl":"https:\/\/pflegezentrum-yspertal.at\/wordpress\/wp-content\/uploads\/2017\/06\/IMG_6309-225x300.jpg","datePublished":"2017-05-30T09:41:29+00:00","dateModified":"2024-03-01T10:10:07+00:00","breadcrumb":{"@id":"https:\/\/pflegezentrum-yspertal.at\/wordpress\/laufwunder-2017-auch-das-pflegezentrum-yspertal-beteiligte-sich#breadcrumb"},"inLanguage":"de","potentialAction":[{"@type":"ReadAction","target":["https:\/\/pflegezentrum-yspertal.at\/wordpress\/laufwunder-2017-auch-das-pflegezentrum-yspertal-beteiligte-sich"]}]},{"@type":"ImageObject","inLanguage":"de","@id":"https:\/\/pflegezentrum-yspertal.at\/wordpress\/laufwunder-2017-auch-das-pflegezentrum-yspertal-beteiligte-sich#primaryimage","url":"https:\/\/pflegezentrum-yspertal.at\/wordpress\/wp-content\/uploads\/2017\/06\/IMG_6309-225x300.jpg","contentUrl":"https:\/\/pflegezentrum-yspertal.at\/wordpress\/wp-content\/uploads\/2017\/06\/IMG_6309-225x300.jpg"},{"@type":"BreadcrumbList","@id":"https:\/\/pflegezentrum-yspertal.at\/wordpress\/laufwunder-2017-auch-das-pflegezentrum-yspertal-beteiligte-sich#breadcrumb","itemListElement":[{"@type":"ListItem","position":1,"name":"Home","item":"https:\/\/pflegezentrum-yspertal.at\/wordpress\/"},{"@type":"ListItem","position":2,"name":"Aktuelles","item":"https:\/\/yspertal.netzspinnerei.at\/category\/aktuelles"},{"@type":"ListItem","position":3,"name":"Laufwunder 2017 &#8211; auch das Pflegezentrum Yspertal beteiligte sich"}]},{"@type":"WebSite","@id":"https:\/\/yspertal.netzspinnerei.at\/#website","url":"https:\/\/yspertal.netzspinnerei.at\/","name":"Pflegezentrum Yspertal","description":"","publisher":{"@id":"https:\/\/yspertal.netzspinnerei.at\/#organization"},"potentialAction":[{"@type":"SearchAction","target":{"@type":"EntryPoint","urlTemplate":"https:\/\/yspertal.netzspinnerei.at\/?s={search_term_string}"},"query-input":{"@type":"PropertyValueSpecification","valueRequired":true,"valueName":"search_term_string"}}],"inLanguage":"de"},{"@type":"Organization","@id":"https:\/\/yspertal.netzspinnerei.at\/#organization","name":"Pflegezentrum Yspertal","url":"https:\/\/yspertal.netzspinnerei.at\/","logo":{"@type":"ImageObject","inLanguage":"de","@id":"https:\/\/yspertal.netzspinnerei.at\/#\/schema\/logo\/image\/","url":"https:\/\/pflegezentrum-yspertal.at\/wordpress\/wp-content\/uploads\/2023\/10\/Logo-Border.jpg","contentUrl":"https:\/\/pflegezentrum-yspertal.at\/wordpress\/wp-content\/uploads\/2023\/10\/Logo-Border.jpg","width":787,"height":102,"caption":"Pflegezentrum Yspertal"},"image":{"@id":"https:\/\/yspertal.netzspinnerei.at\/#\/schema\/logo\/image\/"}},{"@type":"Person","@id":"https:\/\/yspertal.netzspinnerei.at\/#\/schema\/person\/0438af216aae016d571caa687d414651","name":"yspertal","image":{"@type":"ImageObject","inLanguage":"de","@id":"https:\/\/secure.gravatar.com\/avatar\/d6d6f149f3e4dfd0fec95c58d9bf27d576441d81faa3399f60eebaa71358d6a9?s=96&d=mm&r=g","url":"https:\/\/secure.gravatar.com\/avatar\/d6d6f149f3e4dfd0fec95c58d9bf27d576441d81faa3399f60eebaa71358d6a9?s=96&d=mm&r=g","contentUrl":"https:\/\/secure.gravatar.com\/avatar\/d6d6f149f3e4dfd0fec95c58d9bf27d576441d81faa3399f60eebaa71358d6a9?s=96&d=mm&r=g","caption":"yspertal"},"url":"https:\/\/pflegezentrum-yspertal.at\/wordpress\/author\/yspertal"}]}},"_links":{"self":[{"href":"https:\/\/pflegezentrum-yspertal.at\/wordpress\/wp-json\/wp\/v2\/posts\/1476","targetHints":{"allow":["GET"]}}],"collection":[{"href":"https:\/\/pflegezentrum-yspertal.at\/wordpress\/wp-json\/wp\/v2\/posts"}],"about":[{"href":"https:\/\/pflegezentrum-yspertal.at\/wordpress\/wp-json\/wp\/v2\/types\/post"}],"author":[{"embeddable":true,"href":"https:\/\/pflegezentrum-yspertal.at\/wordpress\/wp-json\/wp\/v2\/users\/4"}],"replies":[{"embeddable":true,"href":"https:\/\/pflegezentrum-yspertal.at\/wordpress\/wp-json\/wp\/v2\/comments?post=1476"}],"version-history":[{"count":1,"href":"https:\/\/pflegezentrum-yspertal.at\/wordpress\/wp-json\/wp\/v2\/posts\/1476\/revisions"}],"predecessor-version":[{"id":1483,"href":"https:\/\/pflegezentrum-yspertal.at\/wordpress\/wp-json\/wp\/v2\/posts\/1476\/revisions\/1483"}],"wp:attachment":[{"href":"https:\/\/pflegezentrum-yspertal.at\/wordpress\/wp-json\/wp\/v2\/media?parent=1476"}],"wp:term":[{"taxonomy":"category","embeddable":true,"href":"https:\/\/pflegezentrum-yspertal.at\/wordpress\/wp-json\/wp\/v2\/categories?post=1476"},{"taxonomy":"post_tag","embeddable":true,"href":"https:\/\/pflegezentrum-yspertal.at\/wordpress\/wp-json\/wp\/v2\/tags?post=1476"}],"curies":[{"name":"wp","href":"https:\/\/api.w.org\/{rel}","templated":true}]}}