{"id":10675,"date":"2026-08-25T05:04:13","date_gmt":"2026-08-25T05:04:13","guid":{"rendered":"https:\/\/pflegezentrum-yspertal.at\/wordpress\/?p=10675"},"modified":"2026-09-03T05:07:51","modified_gmt":"2026-09-03T05:07:51","slug":"ausflug-nach-waldhausen-besinnliche-momente-und-suesser-genuss","status":"publish","type":"post","link":"https:\/\/pflegezentrum-yspertal.at\/wordpress\/ausflug-nach-waldhausen-besinnliche-momente-und-suesser-genuss","title":{"rendered":"Ausflug nach Waldhausen \u2013 Besinnliche Momente und s\u00fc\u00dfer Genuss"},"content":{"rendered":"\n<p class=\"wp-block-paragraph\">Am 25. August 2026 stand f\u00fcr eine nette Damenrunde der n\u00e4chste Ausflug am Programm. Unsere Bewohnerinnen besuchten mit Demenz- und Neuromentaltrainerin Frau Sylvia Kaufmann-Grabner und Seniorenbetreuerin Frau Lisa Naderer die wundersch\u00f6ne Stiftskirche in Waldhausen im Strudengau.<\/p>\n\n\n\n<p class=\"wp-block-paragraph\">In der Kirche nahmen sich die Bewohnerinnen bewusst Zeit f\u00fcr Ruhe und Besinnung. Gemeinsam wurde gebetet und eine Andacht gehalten. Die stille Atmosph\u00e4re lud dazu ein, innezuhalten und gleichzeitig konnten die Bewohnerinnen die kunstvolle Gestaltung und die architektonischen Besonderheiten der Kirche in Ruhe betrachten \u2013 alle waren begeistert!<\/p>\n\n\n\n<p class=\"wp-block-paragraph\">Anschlie\u00dfend besuchten wir das nahegelegene Gasthaus Reutner um einen Kaffee und eine leckere Nachspeise zu genie\u00dfen, uns zu unterhalten und den sch\u00f6nen Ausflug ausklingen zu lassen.<\/p>\n\n\n\n<figure class=\"wp-block-gallery has-nested-images columns-default is-cropped wp-block-gallery-1 is-layout-flex wp-block-gallery-is-layout-flex\">\n<figure class=\"wp-block-image size-large\"><img loading=\"lazy\" decoding=\"async\" width=\"768\" height=\"1024\" data-id=\"10690\" src=\"https:\/\/pflegezentrum-yspertal.at\/wordpress\/wp-content\/uploads\/2026\/09\/WhatsApp-Image-2026-08-28-at-11.20.42-768x1024.jpeg\" alt=\"\" class=\"wp-image-10690\" srcset=\"https:\/\/pflegezentrum-yspertal.at\/wordpress\/wp-content\/uploads\/2026\/09\/WhatsApp-Image-2026-08-28-at-11.20.42-768x1024.jpeg 768w, https:\/\/pflegezentrum-yspertal.at\/wordpress\/wp-content\/uploads\/2026\/09\/WhatsApp-Image-2026-08-28-at-11.20.42-263x350.jpeg 263w, https:\/\/pflegezentrum-yspertal.at\/wordpress\/wp-content\/uploads\/2026\/09\/WhatsApp-Image-2026-08-28-at-11.20.42-1152x1536.jpeg 1152w, https:\/\/pflegezentrum-yspertal.at\/wordpress\/wp-content\/uploads\/2026\/09\/WhatsApp-Image-2026-08-28-at-11.20.42.jpeg 1200w\" sizes=\"auto, (max-width: 768px) 100vw, 768px\" \/><\/figure>\n\n\n\n<figure class=\"wp-block-image size-large\"><img loading=\"lazy\" decoding=\"async\" width=\"1024\" height=\"768\" data-id=\"10680\" src=\"https:\/\/pflegezentrum-yspertal.at\/wordpress\/wp-content\/uploads\/2026\/09\/WhatsApp-Image-2026-08-28-at-11.17.43-1024x768.jpeg\" alt=\"\" class=\"wp-image-10680\" srcset=\"https:\/\/pflegezentrum-yspertal.at\/wordpress\/wp-content\/uploads\/2026\/09\/WhatsApp-Image-2026-08-28-at-11.17.43-1024x768.jpeg 1024w, https:\/\/pflegezentrum-yspertal.at\/wordpress\/wp-content\/uploads\/2026\/09\/WhatsApp-Image-2026-08-28-at-11.17.43-350x263.jpeg 350w, https:\/\/pflegezentrum-yspertal.at\/wordpress\/wp-content\/uploads\/2026\/09\/WhatsApp-Image-2026-08-28-at-11.17.43-768x576.jpeg 768w, https:\/\/pflegezentrum-yspertal.at\/wordpress\/wp-content\/uploads\/2026\/09\/WhatsApp-Image-2026-08-28-at-11.17.43-1536x1152.jpeg 1536w, https:\/\/pflegezentrum-yspertal.at\/wordpress\/wp-content\/uploads\/2026\/09\/WhatsApp-Image-2026-08-28-at-11.17.43.jpeg 1600w\" sizes=\"auto, (max-width: 1024px) 100vw, 1024px\" \/><\/figure>\n\n\n\n<figure class=\"wp-block-image size-large\"><img loading=\"lazy\" decoding=\"async\" width=\"768\" height=\"1024\" data-id=\"10681\" src=\"https:\/\/pflegezentrum-yspertal.at\/wordpress\/wp-content\/uploads\/2026\/09\/WhatsApp-Image-2026-08-28-at-11.18.08-768x1024.jpeg\" alt=\"\" class=\"wp-image-10681\" srcset=\"https:\/\/pflegezentrum-yspertal.at\/wordpress\/wp-content\/uploads\/2026\/09\/WhatsApp-Image-2026-08-28-at-11.18.08-768x1024.jpeg 768w, https:\/\/pflegezentrum-yspertal.at\/wordpress\/wp-content\/uploads\/2026\/09\/WhatsApp-Image-2026-08-28-at-11.18.08-263x350.jpeg 263w, https:\/\/pflegezentrum-yspertal.at\/wordpress\/wp-content\/uploads\/2026\/09\/WhatsApp-Image-2026-08-28-at-11.18.08-1152x1536.jpeg 1152w, https:\/\/pflegezentrum-yspertal.at\/wordpress\/wp-content\/uploads\/2026\/09\/WhatsApp-Image-2026-08-28-at-11.18.08.jpeg 1200w\" sizes=\"auto, (max-width: 768px) 100vw, 768px\" \/><\/figure>\n\n\n\n<figure class=\"wp-block-image size-large\"><img loading=\"lazy\" decoding=\"async\" width=\"768\" height=\"1024\" data-id=\"10689\" src=\"https:\/\/pflegezentrum-yspertal.at\/wordpress\/wp-content\/uploads\/2026\/09\/WhatsApp-Image-2026-08-28-at-11.20.34-768x1024.jpeg\" alt=\"\" class=\"wp-image-10689\" srcset=\"https:\/\/pflegezentrum-yspertal.at\/wordpress\/wp-content\/uploads\/2026\/09\/WhatsApp-Image-2026-08-28-at-11.20.34-768x1024.jpeg 768w, https:\/\/pflegezentrum-yspertal.at\/wordpress\/wp-content\/uploads\/2026\/09\/WhatsApp-Image-2026-08-28-at-11.20.34-263x350.jpeg 263w, https:\/\/pflegezentrum-yspertal.at\/wordpress\/wp-content\/uploads\/2026\/09\/WhatsApp-Image-2026-08-28-at-11.20.34-1152x1536.jpeg 1152w, https:\/\/pflegezentrum-yspertal.at\/wordpress\/wp-content\/uploads\/2026\/09\/WhatsApp-Image-2026-08-28-at-11.20.34.jpeg 1200w\" sizes=\"auto, (max-width: 768px) 100vw, 768px\" \/><\/figure>\n\n\n\n<figure class=\"wp-block-image size-large\"><img loading=\"lazy\" decoding=\"async\" width=\"1024\" height=\"768\" data-id=\"10679\" src=\"https:\/\/pflegezentrum-yspertal.at\/wordpress\/wp-content\/uploads\/2026\/09\/WhatsApp-Image-2026-08-28-at-11.17.41-1024x768.jpeg\" alt=\"\" class=\"wp-image-10679\" srcset=\"https:\/\/pflegezentrum-yspertal.at\/wordpress\/wp-content\/uploads\/2026\/09\/WhatsApp-Image-2026-08-28-at-11.17.41-1024x768.jpeg 1024w, https:\/\/pflegezentrum-yspertal.at\/wordpress\/wp-content\/uploads\/2026\/09\/WhatsApp-Image-2026-08-28-at-11.17.41-350x263.jpeg 350w, https:\/\/pflegezentrum-yspertal.at\/wordpress\/wp-content\/uploads\/2026\/09\/WhatsApp-Image-2026-08-28-at-11.17.41-768x576.jpeg 768w, https:\/\/pflegezentrum-yspertal.at\/wordpress\/wp-content\/uploads\/2026\/09\/WhatsApp-Image-2026-08-28-at-11.17.41-1536x1152.jpeg 1536w, https:\/\/pflegezentrum-yspertal.at\/wordpress\/wp-content\/uploads\/2026\/09\/WhatsApp-Image-2026-08-28-at-11.17.41.jpeg 1600w\" sizes=\"auto, (max-width: 1024px) 100vw, 1024px\" \/><\/figure>\n\n\n\n<figure class=\"wp-block-image size-large\"><img loading=\"lazy\" decoding=\"async\" width=\"1024\" height=\"768\" data-id=\"10678\" src=\"https:\/\/pflegezentrum-yspertal.at\/wordpress\/wp-content\/uploads\/2026\/09\/WhatsApp-Image-2026-08-25-at-19.31.44-1024x768.jpeg\" alt=\"\" class=\"wp-image-10678\" srcset=\"https:\/\/pflegezentrum-yspertal.at\/wordpress\/wp-content\/uploads\/2026\/09\/WhatsApp-Image-2026-08-25-at-19.31.44-1024x768.jpeg 1024w, https:\/\/pflegezentrum-yspertal.at\/wordpress\/wp-content\/uploads\/2026\/09\/WhatsApp-Image-2026-08-25-at-19.31.44-350x263.jpeg 350w, https:\/\/pflegezentrum-yspertal.at\/wordpress\/wp-content\/uploads\/2026\/09\/WhatsApp-Image-2026-08-25-at-19.31.44-768x576.jpeg 768w, https:\/\/pflegezentrum-yspertal.at\/wordpress\/wp-content\/uploads\/2026\/09\/WhatsApp-Image-2026-08-25-at-19.31.44-1536x1152.jpeg 1536w, https:\/\/pflegezentrum-yspertal.at\/wordpress\/wp-content\/uploads\/2026\/09\/WhatsApp-Image-2026-08-25-at-19.31.44.jpeg 1600w\" sizes=\"auto, (max-width: 1024px) 100vw, 1024px\" \/><\/figure>\n\n\n\n<figure class=\"wp-block-image size-large\"><img loading=\"lazy\" decoding=\"async\" width=\"768\" height=\"1024\" data-id=\"10686\" src=\"https:\/\/pflegezentrum-yspertal.at\/wordpress\/wp-content\/uploads\/2026\/09\/WhatsApp-Image-2026-08-28-at-11.19.02-768x1024.jpeg\" alt=\"\" class=\"wp-image-10686\" srcset=\"https:\/\/pflegezentrum-yspertal.at\/wordpress\/wp-content\/uploads\/2026\/09\/WhatsApp-Image-2026-08-28-at-11.19.02-768x1024.jpeg 768w, https:\/\/pflegezentrum-yspertal.at\/wordpress\/wp-content\/uploads\/2026\/09\/WhatsApp-Image-2026-08-28-at-11.19.02-263x350.jpeg 263w, https:\/\/pflegezentrum-yspertal.at\/wordpress\/wp-content\/uploads\/2026\/09\/WhatsApp-Image-2026-08-28-at-11.19.02-1152x1536.jpeg 1152w, https:\/\/pflegezentrum-yspertal.at\/wordpress\/wp-content\/uploads\/2026\/09\/WhatsApp-Image-2026-08-28-at-11.19.02.jpeg 1200w\" sizes=\"auto, (max-width: 768px) 100vw, 768px\" \/><\/figure>\n\n\n\n<figure class=\"wp-block-image size-large\"><img loading=\"lazy\" decoding=\"async\" width=\"1024\" height=\"768\" data-id=\"10687\" src=\"https:\/\/pflegezentrum-yspertal.at\/wordpress\/wp-content\/uploads\/2026\/09\/WhatsApp-Image-2026-08-28-at-11.19.03-1024x768.jpeg\" alt=\"\" class=\"wp-image-10687\" srcset=\"https:\/\/pflegezentrum-yspertal.at\/wordpress\/wp-content\/uploads\/2026\/09\/WhatsApp-Image-2026-08-28-at-11.19.03-1024x768.jpeg 1024w, https:\/\/pflegezentrum-yspertal.at\/wordpress\/wp-content\/uploads\/2026\/09\/WhatsApp-Image-2026-08-28-at-11.19.03-350x263.jpeg 350w, https:\/\/pflegezentrum-yspertal.at\/wordpress\/wp-content\/uploads\/2026\/09\/WhatsApp-Image-2026-08-28-at-11.19.03-768x576.jpeg 768w, https:\/\/pflegezentrum-yspertal.at\/wordpress\/wp-content\/uploads\/2026\/09\/WhatsApp-Image-2026-08-28-at-11.19.03-1536x1152.jpeg 1536w, https:\/\/pflegezentrum-yspertal.at\/wordpress\/wp-content\/uploads\/2026\/09\/WhatsApp-Image-2026-08-28-at-11.19.03.jpeg 1600w\" sizes=\"auto, (max-width: 1024px) 100vw, 1024px\" \/><\/figure>\n\n\n\n<figure class=\"wp-block-image size-large\"><img loading=\"lazy\" decoding=\"async\" width=\"768\" height=\"1024\" data-id=\"10676\" src=\"https:\/\/pflegezentrum-yspertal.at\/wordpress\/wp-content\/uploads\/2026\/09\/WhatsApp-Image-2026-08-25-at-19.31.44-1-768x1024.jpeg\" alt=\"\" class=\"wp-image-10676\" srcset=\"https:\/\/pflegezentrum-yspertal.at\/wordpress\/wp-content\/uploads\/2026\/09\/WhatsApp-Image-2026-08-25-at-19.31.44-1-768x1024.jpeg 768w, https:\/\/pflegezentrum-yspertal.at\/wordpress\/wp-content\/uploads\/2026\/09\/WhatsApp-Image-2026-08-25-at-19.31.44-1-263x350.jpeg 263w, https:\/\/pflegezentrum-yspertal.at\/wordpress\/wp-content\/uploads\/2026\/09\/WhatsApp-Image-2026-08-25-at-19.31.44-1-1152x1536.jpeg 1152w, https:\/\/pflegezentrum-yspertal.at\/wordpress\/wp-content\/uploads\/2026\/09\/WhatsApp-Image-2026-08-25-at-19.31.44-1.jpeg 1200w\" sizes=\"auto, (max-width: 768px) 100vw, 768px\" \/><\/figure>\n\n\n\n<figure class=\"wp-block-image size-large\"><img loading=\"lazy\" decoding=\"async\" width=\"768\" height=\"1024\" data-id=\"10685\" src=\"https:\/\/pflegezentrum-yspertal.at\/wordpress\/wp-content\/uploads\/2026\/09\/WhatsApp-Image-2026-08-28-at-11.19.01-768x1024.jpeg\" alt=\"\" class=\"wp-image-10685\" srcset=\"https:\/\/pflegezentrum-yspertal.at\/wordpress\/wp-content\/uploads\/2026\/09\/WhatsApp-Image-2026-08-28-at-11.19.01-768x1024.jpeg 768w, https:\/\/pflegezentrum-yspertal.at\/wordpress\/wp-content\/uploads\/2026\/09\/WhatsApp-Image-2026-08-28-at-11.19.01-263x350.jpeg 263w, https:\/\/pflegezentrum-yspertal.at\/wordpress\/wp-content\/uploads\/2026\/09\/WhatsApp-Image-2026-08-28-at-11.19.01-1152x1536.jpeg 1152w, https:\/\/pflegezentrum-yspertal.at\/wordpress\/wp-content\/uploads\/2026\/09\/WhatsApp-Image-2026-08-28-at-11.19.01.jpeg 1200w\" sizes=\"auto, (max-width: 768px) 100vw, 768px\" \/><\/figure>\n\n\n\n<figure class=\"wp-block-image size-large\"><img loading=\"lazy\" decoding=\"async\" width=\"1024\" height=\"768\" data-id=\"10684\" src=\"https:\/\/pflegezentrum-yspertal.at\/wordpress\/wp-content\/uploads\/2026\/09\/WhatsApp-Image-2026-08-28-at-11.18.49-1024x768.jpeg\" alt=\"\" class=\"wp-image-10684\" srcset=\"https:\/\/pflegezentrum-yspertal.at\/wordpress\/wp-content\/uploads\/2026\/09\/WhatsApp-Image-2026-08-28-at-11.18.49-1024x768.jpeg 1024w, https:\/\/pflegezentrum-yspertal.at\/wordpress\/wp-content\/uploads\/2026\/09\/WhatsApp-Image-2026-08-28-at-11.18.49-350x263.jpeg 350w, https:\/\/pflegezentrum-yspertal.at\/wordpress\/wp-content\/uploads\/2026\/09\/WhatsApp-Image-2026-08-28-at-11.18.49-768x576.jpeg 768w, https:\/\/pflegezentrum-yspertal.at\/wordpress\/wp-content\/uploads\/2026\/09\/WhatsApp-Image-2026-08-28-at-11.18.49-1536x1152.jpeg 1536w, https:\/\/pflegezentrum-yspertal.at\/wordpress\/wp-content\/uploads\/2026\/09\/WhatsApp-Image-2026-08-28-at-11.18.49-rotated.jpeg 1600w\" sizes=\"auto, (max-width: 1024px) 100vw, 1024px\" \/><\/figure>\n\n\n\n<figure class=\"wp-block-image size-large\"><img loading=\"lazy\" decoding=\"async\" width=\"768\" height=\"1024\" data-id=\"10682\" src=\"https:\/\/pflegezentrum-yspertal.at\/wordpress\/wp-content\/uploads\/2026\/09\/WhatsApp-Image-2026-08-28-at-11.18.39-768x1024.jpeg\" alt=\"\" class=\"wp-image-10682\" srcset=\"https:\/\/pflegezentrum-yspertal.at\/wordpress\/wp-content\/uploads\/2026\/09\/WhatsApp-Image-2026-08-28-at-11.18.39-768x1024.jpeg 768w, https:\/\/pflegezentrum-yspertal.at\/wordpress\/wp-content\/uploads\/2026\/09\/WhatsApp-Image-2026-08-28-at-11.18.39-263x350.jpeg 263w, https:\/\/pflegezentrum-yspertal.at\/wordpress\/wp-content\/uploads\/2026\/09\/WhatsApp-Image-2026-08-28-at-11.18.39-1152x1536.jpeg 1152w, https:\/\/pflegezentrum-yspertal.at\/wordpress\/wp-content\/uploads\/2026\/09\/WhatsApp-Image-2026-08-28-at-11.18.39.jpeg 1200w\" sizes=\"auto, (max-width: 768px) 100vw, 768px\" \/><\/figure>\n\n\n\n<figure class=\"wp-block-image size-large\"><img loading=\"lazy\" decoding=\"async\" width=\"768\" height=\"1024\" data-id=\"10683\" src=\"https:\/\/pflegezentrum-yspertal.at\/wordpress\/wp-content\/uploads\/2026\/09\/WhatsApp-Image-2026-08-28-at-11.18.42-768x1024.jpeg\" alt=\"\" class=\"wp-image-10683\" srcset=\"https:\/\/pflegezentrum-yspertal.at\/wordpress\/wp-content\/uploads\/2026\/09\/WhatsApp-Image-2026-08-28-at-11.18.42-768x1024.jpeg 768w, https:\/\/pflegezentrum-yspertal.at\/wordpress\/wp-content\/uploads\/2026\/09\/WhatsApp-Image-2026-08-28-at-11.18.42-263x350.jpeg 263w, https:\/\/pflegezentrum-yspertal.at\/wordpress\/wp-content\/uploads\/2026\/09\/WhatsApp-Image-2026-08-28-at-11.18.42-1152x1536.jpeg 1152w, https:\/\/pflegezentrum-yspertal.at\/wordpress\/wp-content\/uploads\/2026\/09\/WhatsApp-Image-2026-08-28-at-11.18.42.jpeg 1200w\" sizes=\"auto, (max-width: 768px) 100vw, 768px\" \/><\/figure>\n\n\n\n<figure class=\"wp-block-image size-large\"><img loading=\"lazy\" decoding=\"async\" width=\"1024\" height=\"768\" data-id=\"10688\" src=\"https:\/\/pflegezentrum-yspertal.at\/wordpress\/wp-content\/uploads\/2026\/09\/WhatsApp-Image-2026-08-28-at-11.19.05-1024x768.jpeg\" alt=\"\" class=\"wp-image-10688\" srcset=\"https:\/\/pflegezentrum-yspertal.at\/wordpress\/wp-content\/uploads\/2026\/09\/WhatsApp-Image-2026-08-28-at-11.19.05-1024x768.jpeg 1024w, https:\/\/pflegezentrum-yspertal.at\/wordpress\/wp-content\/uploads\/2026\/09\/WhatsApp-Image-2026-08-28-at-11.19.05-350x263.jpeg 350w, https:\/\/pflegezentrum-yspertal.at\/wordpress\/wp-content\/uploads\/2026\/09\/WhatsApp-Image-2026-08-28-at-11.19.05-768x576.jpeg 768w, https:\/\/pflegezentrum-yspertal.at\/wordpress\/wp-content\/uploads\/2026\/09\/WhatsApp-Image-2026-08-28-at-11.19.05-1536x1152.jpeg 1536w, https:\/\/pflegezentrum-yspertal.at\/wordpress\/wp-content\/uploads\/2026\/09\/WhatsApp-Image-2026-08-28-at-11.19.05.jpeg 1600w\" sizes=\"auto, (max-width: 1024px) 100vw, 1024px\" \/><\/figure>\n<\/figure>\n","protected":false},"excerpt":{"rendered":"<p>Am 25. August 2026 stand f\u00fcr eine nette Damenrunde der n\u00e4chste Ausflug am Programm. Unsere Bewohnerinnen besuchten mit Demenz- und Neuromentaltrainerin Frau Sylvia Kaufmann-Grabner und Seniorenbetreuerin Frau Lisa Naderer die wundersch\u00f6ne Stiftskirche in Waldhausen im Strudengau. In der Kirche nahmen sich die Bewohnerinnen bewusst Zeit f\u00fcr Ruhe und Besinnung. Gemeinsam wurde gebetet und eine Andacht &#8230; <a title=\"Ausflug nach Waldhausen \u2013 Besinnliche Momente und s\u00fc\u00dfer Genuss\" class=\"read-more\" href=\"https:\/\/pflegezentrum-yspertal.at\/wordpress\/ausflug-nach-waldhausen-besinnliche-momente-und-suesser-genuss\" aria-label=\"Mehr Informationen \u00fcber Ausflug nach Waldhausen \u2013 Besinnliche Momente und s\u00fc\u00dfer Genuss\">Weiterlesen<\/a><\/p>\n","protected":false},"author":6,"featured_media":10677,"comment_status":"closed","ping_status":"closed","sticky":false,"template":"","format":"standard","meta":{"inline_featured_image":false,"footnotes":""},"categories":[1],"tags":[],"class_list":["post-10675","post","type-post","status-publish","format-standard","has-post-thumbnail","hentry","category-aktuelles"],"yoast_head":"<!-- This site is optimized with the Yoast SEO plugin v28.4 - https:\/\/yoast.com\/product\/yoast-seo-wordpress\/ -->\n<title>Ausflug nach Waldhausen \u2013 Besinnliche Momente und s\u00fc\u00dfer Genuss - Pflegezentrum Yspertal<\/title>\n<meta name=\"robots\" content=\"index, follow, max-snippet:-1, max-image-preview:large, max-video-preview:-1\" \/>\n<link rel=\"canonical\" href=\"https:\/\/pflegezentrum-yspertal.at\/wordpress\/ausflug-nach-waldhausen-besinnliche-momente-und-suesser-genuss\" \/>\n<meta property=\"og:locale\" content=\"de_DE\" \/>\n<meta property=\"og:type\" content=\"article\" \/>\n<meta property=\"og:title\" content=\"Ausflug nach Waldhausen \u2013 Besinnliche Momente und s\u00fc\u00dfer Genuss - Pflegezentrum Yspertal\" \/>\n<meta property=\"og:description\" content=\"Am 25. August 2026 stand f\u00fcr eine nette Damenrunde der n\u00e4chste Ausflug am Programm. Unsere Bewohnerinnen besuchten mit Demenz- und Neuromentaltrainerin Frau Sylvia Kaufmann-Grabner und Seniorenbetreuerin Frau Lisa Naderer die wundersch\u00f6ne Stiftskirche in Waldhausen im Strudengau. In der Kirche nahmen sich die Bewohnerinnen bewusst Zeit f\u00fcr Ruhe und Besinnung. Gemeinsam wurde gebetet und eine Andacht ... Weiterlesen\" \/>\n<meta property=\"og:url\" content=\"https:\/\/pflegezentrum-yspertal.at\/wordpress\/ausflug-nach-waldhausen-besinnliche-momente-und-suesser-genuss\" \/>\n<meta property=\"og:site_name\" content=\"Pflegezentrum Yspertal\" \/>\n<meta property=\"article:published_time\" content=\"2026-08-25T05:04:13+00:00\" \/>\n<meta property=\"article:modified_time\" content=\"2026-09-03T05:07:51+00:00\" \/>\n<meta property=\"og:image\" content=\"https:\/\/pflegezentrum-yspertal.at\/wordpress\/wp-content\/uploads\/2026\/09\/WhatsApp-Image-2026-08-25-at-19.31.44-2.jpeg\" \/>\n\t<meta property=\"og:image:width\" content=\"1600\" \/>\n\t<meta property=\"og:image:height\" content=\"1200\" \/>\n\t<meta property=\"og:image:type\" content=\"image\/jpeg\" \/>\n<meta name=\"author\" content=\"Raphael Wimmer\" \/>\n<meta name=\"twitter:card\" content=\"summary_large_image\" \/>\n<meta name=\"twitter:label1\" content=\"Verfasst von\" \/>\n\t<meta name=\"twitter:data1\" content=\"Raphael Wimmer\" \/>\n\t<meta name=\"twitter:label2\" content=\"Gesch\u00e4tzte Lesezeit\" \/>\n\t<meta name=\"twitter:data2\" content=\"4\u00a0Minuten\" \/>\n<script type=\"application\/ld+json\" class=\"yoast-schema-graph\">{\"@context\":\"https:\\\/\\\/schema.org\",\"@graph\":[{\"@type\":\"Article\",\"@id\":\"https:\\\/\\\/pflegezentrum-yspertal.at\\\/wordpress\\\/ausflug-nach-waldhausen-besinnliche-momente-und-suesser-genuss#article\",\"isPartOf\":{\"@id\":\"https:\\\/\\\/pflegezentrum-yspertal.at\\\/wordpress\\\/ausflug-nach-waldhausen-besinnliche-momente-und-suesser-genuss\"},\"author\":{\"name\":\"Raphael Wimmer\",\"@id\":\"https:\\\/\\\/yspertal.netzspinnerei.at\\\/#\\\/schema\\\/person\\\/3e8014c0760ea01a636f57b133b3634c\"},\"headline\":\"Ausflug nach Waldhausen \u2013 Besinnliche Momente und s\u00fc\u00dfer Genuss\",\"datePublished\":\"2026-08-25T05:04:13+00:00\",\"dateModified\":\"2026-09-03T05:07:51+00:00\",\"mainEntityOfPage\":{\"@id\":\"https:\\\/\\\/pflegezentrum-yspertal.at\\\/wordpress\\\/ausflug-nach-waldhausen-besinnliche-momente-und-suesser-genuss\"},\"wordCount\":124,\"publisher\":{\"@id\":\"https:\\\/\\\/yspertal.netzspinnerei.at\\\/#organization\"},\"image\":{\"@id\":\"https:\\\/\\\/pflegezentrum-yspertal.at\\\/wordpress\\\/ausflug-nach-waldhausen-besinnliche-momente-und-suesser-genuss#primaryimage\"},\"thumbnailUrl\":\"https:\\\/\\\/pflegezentrum-yspertal.at\\\/wordpress\\\/wp-content\\\/uploads\\\/2026\\\/09\\\/WhatsApp-Image-2026-08-25-at-19.31.44-2.jpeg\",\"articleSection\":[\"Aktuelles\"],\"inLanguage\":\"de\"},{\"@type\":\"WebPage\",\"@id\":\"https:\\\/\\\/pflegezentrum-yspertal.at\\\/wordpress\\\/ausflug-nach-waldhausen-besinnliche-momente-und-suesser-genuss\",\"url\":\"https:\\\/\\\/pflegezentrum-yspertal.at\\\/wordpress\\\/ausflug-nach-waldhausen-besinnliche-momente-und-suesser-genuss\",\"name\":\"Ausflug nach Waldhausen \u2013 Besinnliche Momente und s\u00fc\u00dfer Genuss - Pflegezentrum Yspertal\",\"isPartOf\":{\"@id\":\"https:\\\/\\\/yspertal.netzspinnerei.at\\\/#website\"},\"primaryImageOfPage\":{\"@id\":\"https:\\\/\\\/pflegezentrum-yspertal.at\\\/wordpress\\\/ausflug-nach-waldhausen-besinnliche-momente-und-suesser-genuss#primaryimage\"},\"image\":{\"@id\":\"https:\\\/\\\/pflegezentrum-yspertal.at\\\/wordpress\\\/ausflug-nach-waldhausen-besinnliche-momente-und-suesser-genuss#primaryimage\"},\"thumbnailUrl\":\"https:\\\/\\\/pflegezentrum-yspertal.at\\\/wordpress\\\/wp-content\\\/uploads\\\/2026\\\/09\\\/WhatsApp-Image-2026-08-25-at-19.31.44-2.jpeg\",\"datePublished\":\"2026-08-25T05:04:13+00:00\",\"dateModified\":\"2026-09-03T05:07:51+00:00\",\"breadcrumb\":{\"@id\":\"https:\\\/\\\/pflegezentrum-yspertal.at\\\/wordpress\\\/ausflug-nach-waldhausen-besinnliche-momente-und-suesser-genuss#breadcrumb\"},\"inLanguage\":\"de\",\"potentialAction\":[{\"@type\":\"ReadAction\",\"target\":[\"https:\\\/\\\/pflegezentrum-yspertal.at\\\/wordpress\\\/ausflug-nach-waldhausen-besinnliche-momente-und-suesser-genuss\"]}]},{\"@type\":\"ImageObject\",\"inLanguage\":\"de\",\"@id\":\"https:\\\/\\\/pflegezentrum-yspertal.at\\\/wordpress\\\/ausflug-nach-waldhausen-besinnliche-momente-und-suesser-genuss#primaryimage\",\"url\":\"https:\\\/\\\/pflegezentrum-yspertal.at\\\/wordpress\\\/wp-content\\\/uploads\\\/2026\\\/09\\\/WhatsApp-Image-2026-08-25-at-19.31.44-2.jpeg\",\"contentUrl\":\"https:\\\/\\\/pflegezentrum-yspertal.at\\\/wordpress\\\/wp-content\\\/uploads\\\/2026\\\/09\\\/WhatsApp-Image-2026-08-25-at-19.31.44-2.jpeg\",\"width\":1600,\"height\":1200},{\"@type\":\"BreadcrumbList\",\"@id\":\"https:\\\/\\\/pflegezentrum-yspertal.at\\\/wordpress\\\/ausflug-nach-waldhausen-besinnliche-momente-und-suesser-genuss#breadcrumb\",\"itemListElement\":[{\"@type\":\"ListItem\",\"position\":1,\"name\":\"Home\",\"item\":\"https:\\\/\\\/pflegezentrum-yspertal.at\\\/wordpress\\\/\"},{\"@type\":\"ListItem\",\"position\":2,\"name\":\"Aktuelles\",\"item\":\"https:\\\/\\\/yspertal.netzspinnerei.at\\\/category\\\/aktuelles\"},{\"@type\":\"ListItem\",\"position\":3,\"name\":\"Ausflug nach Waldhausen \u2013 Besinnliche Momente und s\u00fc\u00dfer Genuss\"}]},{\"@type\":\"WebSite\",\"@id\":\"https:\\\/\\\/yspertal.netzspinnerei.at\\\/#website\",\"url\":\"https:\\\/\\\/yspertal.netzspinnerei.at\\\/\",\"name\":\"Pflegezentrum Yspertal\",\"description\":\"\",\"publisher\":{\"@id\":\"https:\\\/\\\/yspertal.netzspinnerei.at\\\/#organization\"},\"potentialAction\":[{\"@type\":\"SearchAction\",\"target\":{\"@type\":\"EntryPoint\",\"urlTemplate\":\"https:\\\/\\\/yspertal.netzspinnerei.at\\\/?s={search_term_string}\"},\"query-input\":{\"@type\":\"PropertyValueSpecification\",\"valueRequired\":true,\"valueName\":\"search_term_string\"}}],\"inLanguage\":\"de\"},{\"@type\":\"Organization\",\"@id\":\"https:\\\/\\\/yspertal.netzspinnerei.at\\\/#organization\",\"name\":\"Pflegezentrum Yspertal\",\"url\":\"https:\\\/\\\/yspertal.netzspinnerei.at\\\/\",\"logo\":{\"@type\":\"ImageObject\",\"inLanguage\":\"de\",\"@id\":\"https:\\\/\\\/yspertal.netzspinnerei.at\\\/#\\\/schema\\\/logo\\\/image\\\/\",\"url\":\"https:\\\/\\\/pflegezentrum-yspertal.at\\\/wordpress\\\/wp-content\\\/uploads\\\/2023\\\/10\\\/Logo-Border.jpg\",\"contentUrl\":\"https:\\\/\\\/pflegezentrum-yspertal.at\\\/wordpress\\\/wp-content\\\/uploads\\\/2023\\\/10\\\/Logo-Border.jpg\",\"width\":787,\"height\":102,\"caption\":\"Pflegezentrum Yspertal\"},\"image\":{\"@id\":\"https:\\\/\\\/yspertal.netzspinnerei.at\\\/#\\\/schema\\\/logo\\\/image\\\/\"}},{\"@type\":\"Person\",\"@id\":\"https:\\\/\\\/yspertal.netzspinnerei.at\\\/#\\\/schema\\\/person\\\/3e8014c0760ea01a636f57b133b3634c\",\"name\":\"Raphael Wimmer\",\"image\":{\"@type\":\"ImageObject\",\"inLanguage\":\"de\",\"@id\":\"https:\\\/\\\/secure.gravatar.com\\\/avatar\\\/a7fec3f5d03fa07909c45b6e9ce155223209eca5822accc3dda35a5815ff09fa?s=96&d=mm&r=g\",\"url\":\"https:\\\/\\\/secure.gravatar.com\\\/avatar\\\/a7fec3f5d03fa07909c45b6e9ce155223209eca5822accc3dda35a5815ff09fa?s=96&d=mm&r=g\",\"contentUrl\":\"https:\\\/\\\/secure.gravatar.com\\\/avatar\\\/a7fec3f5d03fa07909c45b6e9ce155223209eca5822accc3dda35a5815ff09fa?s=96&d=mm&r=g\",\"caption\":\"Raphael Wimmer\"},\"url\":\"https:\\\/\\\/pflegezentrum-yspertal.at\\\/wordpress\\\/author\\\/raphael-wimmer\"}]}<\/script>\n<!-- \/ Yoast SEO plugin. -->","yoast_head_json":{"title":"Ausflug nach Waldhausen \u2013 Besinnliche Momente und s\u00fc\u00dfer Genuss - Pflegezentrum Yspertal","robots":{"index":"index","follow":"follow","max-snippet":"max-snippet:-1","max-image-preview":"max-image-preview:large","max-video-preview":"max-video-preview:-1"},"canonical":"https:\/\/pflegezentrum-yspertal.at\/wordpress\/ausflug-nach-waldhausen-besinnliche-momente-und-suesser-genuss","og_locale":"de_DE","og_type":"article","og_title":"Ausflug nach Waldhausen \u2013 Besinnliche Momente und s\u00fc\u00dfer Genuss - Pflegezentrum Yspertal","og_description":"Am 25. August 2026 stand f\u00fcr eine nette Damenrunde der n\u00e4chste Ausflug am Programm. Unsere Bewohnerinnen besuchten mit Demenz- und Neuromentaltrainerin Frau Sylvia Kaufmann-Grabner und Seniorenbetreuerin Frau Lisa Naderer die wundersch\u00f6ne Stiftskirche in Waldhausen im Strudengau. In der Kirche nahmen sich die Bewohnerinnen bewusst Zeit f\u00fcr Ruhe und Besinnung. Gemeinsam wurde gebetet und eine Andacht ... Weiterlesen","og_url":"https:\/\/pflegezentrum-yspertal.at\/wordpress\/ausflug-nach-waldhausen-besinnliche-momente-und-suesser-genuss","og_site_name":"Pflegezentrum Yspertal","article_published_time":"2026-08-25T05:04:13+00:00","article_modified_time":"2026-09-03T05:07:51+00:00","og_image":[{"width":1600,"height":1200,"url":"https:\/\/pflegezentrum-yspertal.at\/wordpress\/wp-content\/uploads\/2026\/09\/WhatsApp-Image-2026-08-25-at-19.31.44-2.jpeg","type":"image\/jpeg"}],"author":"Raphael Wimmer","twitter_card":"summary_large_image","twitter_misc":{"Verfasst von":"Raphael Wimmer","Gesch\u00e4tzte Lesezeit":"4\u00a0Minuten"},"schema":{"@context":"https:\/\/schema.org","@graph":[{"@type":"Article","@id":"https:\/\/pflegezentrum-yspertal.at\/wordpress\/ausflug-nach-waldhausen-besinnliche-momente-und-suesser-genuss#article","isPartOf":{"@id":"https:\/\/pflegezentrum-yspertal.at\/wordpress\/ausflug-nach-waldhausen-besinnliche-momente-und-suesser-genuss"},"author":{"name":"Raphael Wimmer","@id":"https:\/\/yspertal.netzspinnerei.at\/#\/schema\/person\/3e8014c0760ea01a636f57b133b3634c"},"headline":"Ausflug nach Waldhausen \u2013 Besinnliche Momente und s\u00fc\u00dfer Genuss","datePublished":"2026-08-25T05:04:13+00:00","dateModified":"2026-09-03T05:07:51+00:00","mainEntityOfPage":{"@id":"https:\/\/pflegezentrum-yspertal.at\/wordpress\/ausflug-nach-waldhausen-besinnliche-momente-und-suesser-genuss"},"wordCount":124,"publisher":{"@id":"https:\/\/yspertal.netzspinnerei.at\/#organization"},"image":{"@id":"https:\/\/pflegezentrum-yspertal.at\/wordpress\/ausflug-nach-waldhausen-besinnliche-momente-und-suesser-genuss#primaryimage"},"thumbnailUrl":"https:\/\/pflegezentrum-yspertal.at\/wordpress\/wp-content\/uploads\/2026\/09\/WhatsApp-Image-2026-08-25-at-19.31.44-2.jpeg","articleSection":["Aktuelles"],"inLanguage":"de"},{"@type":"WebPage","@id":"https:\/\/pflegezentrum-yspertal.at\/wordpress\/ausflug-nach-waldhausen-besinnliche-momente-und-suesser-genuss","url":"https:\/\/pflegezentrum-yspertal.at\/wordpress\/ausflug-nach-waldhausen-besinnliche-momente-und-suesser-genuss","name":"Ausflug nach Waldhausen \u2013 Besinnliche Momente und s\u00fc\u00dfer Genuss - Pflegezentrum Yspertal","isPartOf":{"@id":"https:\/\/yspertal.netzspinnerei.at\/#website"},"primaryImageOfPage":{"@id":"https:\/\/pflegezentrum-yspertal.at\/wordpress\/ausflug-nach-waldhausen-besinnliche-momente-und-suesser-genuss#primaryimage"},"image":{"@id":"https:\/\/pflegezentrum-yspertal.at\/wordpress\/ausflug-nach-waldhausen-besinnliche-momente-und-suesser-genuss#primaryimage"},"thumbnailUrl":"https:\/\/pflegezentrum-yspertal.at\/wordpress\/wp-content\/uploads\/2026\/09\/WhatsApp-Image-2026-08-25-at-19.31.44-2.jpeg","datePublished":"2026-08-25T05:04:13+00:00","dateModified":"2026-09-03T05:07:51+00:00","breadcrumb":{"@id":"https:\/\/pflegezentrum-yspertal.at\/wordpress\/ausflug-nach-waldhausen-besinnliche-momente-und-suesser-genuss#breadcrumb"},"inLanguage":"de","potentialAction":[{"@type":"ReadAction","target":["https:\/\/pflegezentrum-yspertal.at\/wordpress\/ausflug-nach-waldhausen-besinnliche-momente-und-suesser-genuss"]}]},{"@type":"ImageObject","inLanguage":"de","@id":"https:\/\/pflegezentrum-yspertal.at\/wordpress\/ausflug-nach-waldhausen-besinnliche-momente-und-suesser-genuss#primaryimage","url":"https:\/\/pflegezentrum-yspertal.at\/wordpress\/wp-content\/uploads\/2026\/09\/WhatsApp-Image-2026-08-25-at-19.31.44-2.jpeg","contentUrl":"https:\/\/pflegezentrum-yspertal.at\/wordpress\/wp-content\/uploads\/2026\/09\/WhatsApp-Image-2026-08-25-at-19.31.44-2.jpeg","width":1600,"height":1200},{"@type":"BreadcrumbList","@id":"https:\/\/pflegezentrum-yspertal.at\/wordpress\/ausflug-nach-waldhausen-besinnliche-momente-und-suesser-genuss#breadcrumb","itemListElement":[{"@type":"ListItem","position":1,"name":"Home","item":"https:\/\/pflegezentrum-yspertal.at\/wordpress\/"},{"@type":"ListItem","position":2,"name":"Aktuelles","item":"https:\/\/yspertal.netzspinnerei.at\/category\/aktuelles"},{"@type":"ListItem","position":3,"name":"Ausflug nach Waldhausen \u2013 Besinnliche Momente und s\u00fc\u00dfer Genuss"}]},{"@type":"WebSite","@id":"https:\/\/yspertal.netzspinnerei.at\/#website","url":"https:\/\/yspertal.netzspinnerei.at\/","name":"Pflegezentrum Yspertal","description":"","publisher":{"@id":"https:\/\/yspertal.netzspinnerei.at\/#organization"},"potentialAction":[{"@type":"SearchAction","target":{"@type":"EntryPoint","urlTemplate":"https:\/\/yspertal.netzspinnerei.at\/?s={search_term_string}"},"query-input":{"@type":"PropertyValueSpecification","valueRequired":true,"valueName":"search_term_string"}}],"inLanguage":"de"},{"@type":"Organization","@id":"https:\/\/yspertal.netzspinnerei.at\/#organization","name":"Pflegezentrum Yspertal","url":"https:\/\/yspertal.netzspinnerei.at\/","logo":{"@type":"ImageObject","inLanguage":"de","@id":"https:\/\/yspertal.netzspinnerei.at\/#\/schema\/logo\/image\/","url":"https:\/\/pflegezentrum-yspertal.at\/wordpress\/wp-content\/uploads\/2023\/10\/Logo-Border.jpg","contentUrl":"https:\/\/pflegezentrum-yspertal.at\/wordpress\/wp-content\/uploads\/2023\/10\/Logo-Border.jpg","width":787,"height":102,"caption":"Pflegezentrum Yspertal"},"image":{"@id":"https:\/\/yspertal.netzspinnerei.at\/#\/schema\/logo\/image\/"}},{"@type":"Person","@id":"https:\/\/yspertal.netzspinnerei.at\/#\/schema\/person\/3e8014c0760ea01a636f57b133b3634c","name":"Raphael Wimmer","image":{"@type":"ImageObject","inLanguage":"de","@id":"https:\/\/secure.gravatar.com\/avatar\/a7fec3f5d03fa07909c45b6e9ce155223209eca5822accc3dda35a5815ff09fa?s=96&d=mm&r=g","url":"https:\/\/secure.gravatar.com\/avatar\/a7fec3f5d03fa07909c45b6e9ce155223209eca5822accc3dda35a5815ff09fa?s=96&d=mm&r=g","contentUrl":"https:\/\/secure.gravatar.com\/avatar\/a7fec3f5d03fa07909c45b6e9ce155223209eca5822accc3dda35a5815ff09fa?s=96&d=mm&r=g","caption":"Raphael Wimmer"},"url":"https:\/\/pflegezentrum-yspertal.at\/wordpress\/author\/raphael-wimmer"}]}},"_links":{"self":[{"href":"https:\/\/pflegezentrum-yspertal.at\/wordpress\/wp-json\/wp\/v2\/posts\/10675","targetHints":{"allow":["GET"]}}],"collection":[{"href":"https:\/\/pflegezentrum-yspertal.at\/wordpress\/wp-json\/wp\/v2\/posts"}],"about":[{"href":"https:\/\/pflegezentrum-yspertal.at\/wordpress\/wp-json\/wp\/v2\/types\/post"}],"author":[{"embeddable":true,"href":"https:\/\/pflegezentrum-yspertal.at\/wordpress\/wp-json\/wp\/v2\/users\/6"}],"replies":[{"embeddable":true,"href":"https:\/\/pflegezentrum-yspertal.at\/wordpress\/wp-json\/wp\/v2\/comments?post=10675"}],"version-history":[{"count":1,"href":"https:\/\/pflegezentrum-yspertal.at\/wordpress\/wp-json\/wp\/v2\/posts\/10675\/revisions"}],"predecessor-version":[{"id":10691,"href":"https:\/\/pflegezentrum-yspertal.at\/wordpress\/wp-json\/wp\/v2\/posts\/10675\/revisions\/10691"}],"wp:featuredmedia":[{"embeddable":true,"href":"https:\/\/pflegezentrum-yspertal.at\/wordpress\/wp-json\/wp\/v2\/media\/10677"}],"wp:attachment":[{"href":"https:\/\/pflegezentrum-yspertal.at\/wordpress\/wp-json\/wp\/v2\/media?parent=10675"}],"wp:term":[{"taxonomy":"category","embeddable":true,"href":"https:\/\/pflegezentrum-yspertal.at\/wordpress\/wp-json\/wp\/v2\/categories?post=10675"},{"taxonomy":"post_tag","embeddable":true,"href":"https:\/\/pflegezentrum-yspertal.at\/wordpress\/wp-json\/wp\/v2\/tags?post=10675"}],"curies":[{"name":"wp","href":"https:\/\/api.w.org\/{rel}","templated":true}]}}