{"id":10671,"date":"2026-09-03T04:32:11","date_gmt":"2026-09-03T04:32:11","guid":{"rendered":"https:\/\/pflegezentrum-yspertal.at\/wordpress\/?p=10671"},"modified":"2026-09-03T04:32:13","modified_gmt":"2026-09-03T04:32:13","slug":"mit-freude-geerntet-aus-dem-hochbeet-wird-leckerer-zucchinikuchen","status":"publish","type":"post","link":"https:\/\/pflegezentrum-yspertal.at\/wordpress\/mit-freude-geerntet-aus-dem-hochbeet-wird-leckerer-zucchinikuchen","title":{"rendered":"Mit Freude geerntet \u2013 Aus dem Hochbeet wird leckerer Zucchinikuchen"},"content":{"rendered":"\n<p class=\"wp-block-paragraph\">Fr. Reinberger erntete gemeinsam mit unserem Lehrm\u00e4dchen Lilliane eine Zucchini aus dem hauseigenen Garten. Das Hochbeet wurde im Fr\u00fchjahr bepflanzt und durch regelm\u00e4\u00dfige Pflege konnte das Gem\u00fcse durch die Bewohnerinnen geerntet werden. Das Gem\u00fcse wurde in der K\u00fcche zu einem leckeren Zucchinikuchen weiterverarbeitet. &nbsp;<\/p>\n\n\n\n<p class=\"wp-block-paragraph\">Die Bewohnerinnen zeigten sich sichtlich stolz \u00fcber das Ergebnis ihrer Gartenpflege und tauschten sich angeregt \u00fcber die Gr\u00f6\u00dfe und Qualit\u00e4t der einzelnen Fr\u00fcchte aus. F\u00fcr viele war die Arbeit im Hochbeet nicht nur eine sinnvolle Besch\u00e4ftigung an der frischen Luft, sondern auch eine willkommene Erinnerung an fr\u00fchere Zeiten, in denen der eigene Garten oder das Gem\u00fcsebeet eine wichtige Rolle im Alltag gespielt hatten.<\/p>\n","protected":false},"excerpt":{"rendered":"<p>Fr. Reinberger erntete gemeinsam mit unserem Lehrm\u00e4dchen Lilliane eine Zucchini aus dem hauseigenen Garten. Das Hochbeet wurde im Fr\u00fchjahr bepflanzt und durch regelm\u00e4\u00dfige Pflege konnte das Gem\u00fcse durch die Bewohnerinnen geerntet werden. Das Gem\u00fcse wurde in der K\u00fcche zu einem leckeren Zucchinikuchen weiterverarbeitet. &nbsp; Die Bewohnerinnen zeigten sich sichtlich stolz \u00fcber das Ergebnis ihrer Gartenpflege &#8230; <a title=\"Mit Freude geerntet \u2013 Aus dem Hochbeet wird leckerer Zucchinikuchen\" class=\"read-more\" href=\"https:\/\/pflegezentrum-yspertal.at\/wordpress\/mit-freude-geerntet-aus-dem-hochbeet-wird-leckerer-zucchinikuchen\" aria-label=\"Mehr Informationen \u00fcber Mit Freude geerntet \u2013 Aus dem Hochbeet wird leckerer Zucchinikuchen\">Weiterlesen<\/a><\/p>\n","protected":false},"author":6,"featured_media":10672,"comment_status":"closed","ping_status":"closed","sticky":false,"template":"","format":"standard","meta":{"inline_featured_image":false,"footnotes":""},"categories":[1],"tags":[],"class_list":["post-10671","post","type-post","status-publish","format-standard","has-post-thumbnail","hentry","category-aktuelles"],"yoast_head":"<!-- This site is optimized with the Yoast SEO plugin v28.4 - https:\/\/yoast.com\/product\/yoast-seo-wordpress\/ -->\n<title>Mit Freude geerntet \u2013 Aus dem Hochbeet wird leckerer Zucchinikuchen - Pflegezentrum Yspertal<\/title>\n<meta name=\"robots\" content=\"index, follow, max-snippet:-1, max-image-preview:large, max-video-preview:-1\" \/>\n<link rel=\"canonical\" href=\"https:\/\/pflegezentrum-yspertal.at\/wordpress\/mit-freude-geerntet-aus-dem-hochbeet-wird-leckerer-zucchinikuchen\" \/>\n<meta property=\"og:locale\" content=\"de_DE\" \/>\n<meta property=\"og:type\" content=\"article\" \/>\n<meta property=\"og:title\" content=\"Mit Freude geerntet \u2013 Aus dem Hochbeet wird leckerer Zucchinikuchen - Pflegezentrum Yspertal\" \/>\n<meta property=\"og:description\" content=\"Fr. Reinberger erntete gemeinsam mit unserem Lehrm\u00e4dchen Lilliane eine Zucchini aus dem hauseigenen Garten. Das Hochbeet wurde im Fr\u00fchjahr bepflanzt und durch regelm\u00e4\u00dfige Pflege konnte das Gem\u00fcse durch die Bewohnerinnen geerntet werden. Das Gem\u00fcse wurde in der K\u00fcche zu einem leckeren Zucchinikuchen weiterverarbeitet. &nbsp; Die Bewohnerinnen zeigten sich sichtlich stolz \u00fcber das Ergebnis ihrer Gartenpflege ... Weiterlesen\" \/>\n<meta property=\"og:url\" content=\"https:\/\/pflegezentrum-yspertal.at\/wordpress\/mit-freude-geerntet-aus-dem-hochbeet-wird-leckerer-zucchinikuchen\" \/>\n<meta property=\"og:site_name\" content=\"Pflegezentrum Yspertal\" \/>\n<meta property=\"article:published_time\" content=\"2026-09-03T04:32:11+00:00\" \/>\n<meta property=\"article:modified_time\" content=\"2026-09-03T04:32:13+00:00\" \/>\n<meta property=\"og:image\" content=\"https:\/\/pflegezentrum-yspertal.at\/wordpress\/wp-content\/uploads\/2026\/09\/Bild1.jpg\" \/>\n\t<meta property=\"og:image:width\" content=\"823\" \/>\n\t<meta property=\"og:image:height\" content=\"1097\" \/>\n\t<meta property=\"og:image:type\" content=\"image\/jpeg\" \/>\n<meta name=\"author\" content=\"Raphael Wimmer\" \/>\n<meta name=\"twitter:card\" content=\"summary_large_image\" \/>\n<meta name=\"twitter:label1\" content=\"Verfasst von\" \/>\n\t<meta name=\"twitter:data1\" content=\"Raphael Wimmer\" \/>\n\t<meta name=\"twitter:label2\" content=\"Gesch\u00e4tzte Lesezeit\" \/>\n\t<meta name=\"twitter:data2\" content=\"1\u00a0Minute\" \/>\n<script type=\"application\/ld+json\" class=\"yoast-schema-graph\">{\"@context\":\"https:\\\/\\\/schema.org\",\"@graph\":[{\"@type\":\"Article\",\"@id\":\"https:\\\/\\\/pflegezentrum-yspertal.at\\\/wordpress\\\/mit-freude-geerntet-aus-dem-hochbeet-wird-leckerer-zucchinikuchen#article\",\"isPartOf\":{\"@id\":\"https:\\\/\\\/pflegezentrum-yspertal.at\\\/wordpress\\\/mit-freude-geerntet-aus-dem-hochbeet-wird-leckerer-zucchinikuchen\"},\"author\":{\"name\":\"Raphael Wimmer\",\"@id\":\"https:\\\/\\\/yspertal.netzspinnerei.at\\\/#\\\/schema\\\/person\\\/3e8014c0760ea01a636f57b133b3634c\"},\"headline\":\"Mit Freude geerntet \u2013 Aus dem Hochbeet wird leckerer Zucchinikuchen\",\"datePublished\":\"2026-09-03T04:32:11+00:00\",\"dateModified\":\"2026-09-03T04:32:13+00:00\",\"mainEntityOfPage\":{\"@id\":\"https:\\\/\\\/pflegezentrum-yspertal.at\\\/wordpress\\\/mit-freude-geerntet-aus-dem-hochbeet-wird-leckerer-zucchinikuchen\"},\"wordCount\":129,\"publisher\":{\"@id\":\"https:\\\/\\\/yspertal.netzspinnerei.at\\\/#organization\"},\"image\":{\"@id\":\"https:\\\/\\\/pflegezentrum-yspertal.at\\\/wordpress\\\/mit-freude-geerntet-aus-dem-hochbeet-wird-leckerer-zucchinikuchen#primaryimage\"},\"thumbnailUrl\":\"https:\\\/\\\/pflegezentrum-yspertal.at\\\/wordpress\\\/wp-content\\\/uploads\\\/2026\\\/09\\\/Bild1.jpg\",\"articleSection\":[\"Aktuelles\"],\"inLanguage\":\"de\"},{\"@type\":\"WebPage\",\"@id\":\"https:\\\/\\\/pflegezentrum-yspertal.at\\\/wordpress\\\/mit-freude-geerntet-aus-dem-hochbeet-wird-leckerer-zucchinikuchen\",\"url\":\"https:\\\/\\\/pflegezentrum-yspertal.at\\\/wordpress\\\/mit-freude-geerntet-aus-dem-hochbeet-wird-leckerer-zucchinikuchen\",\"name\":\"Mit Freude geerntet \u2013 Aus dem Hochbeet wird leckerer Zucchinikuchen - Pflegezentrum Yspertal\",\"isPartOf\":{\"@id\":\"https:\\\/\\\/yspertal.netzspinnerei.at\\\/#website\"},\"primaryImageOfPage\":{\"@id\":\"https:\\\/\\\/pflegezentrum-yspertal.at\\\/wordpress\\\/mit-freude-geerntet-aus-dem-hochbeet-wird-leckerer-zucchinikuchen#primaryimage\"},\"image\":{\"@id\":\"https:\\\/\\\/pflegezentrum-yspertal.at\\\/wordpress\\\/mit-freude-geerntet-aus-dem-hochbeet-wird-leckerer-zucchinikuchen#primaryimage\"},\"thumbnailUrl\":\"https:\\\/\\\/pflegezentrum-yspertal.at\\\/wordpress\\\/wp-content\\\/uploads\\\/2026\\\/09\\\/Bild1.jpg\",\"datePublished\":\"2026-09-03T04:32:11+00:00\",\"dateModified\":\"2026-09-03T04:32:13+00:00\",\"breadcrumb\":{\"@id\":\"https:\\\/\\\/pflegezentrum-yspertal.at\\\/wordpress\\\/mit-freude-geerntet-aus-dem-hochbeet-wird-leckerer-zucchinikuchen#breadcrumb\"},\"inLanguage\":\"de\",\"potentialAction\":[{\"@type\":\"ReadAction\",\"target\":[\"https:\\\/\\\/pflegezentrum-yspertal.at\\\/wordpress\\\/mit-freude-geerntet-aus-dem-hochbeet-wird-leckerer-zucchinikuchen\"]}]},{\"@type\":\"ImageObject\",\"inLanguage\":\"de\",\"@id\":\"https:\\\/\\\/pflegezentrum-yspertal.at\\\/wordpress\\\/mit-freude-geerntet-aus-dem-hochbeet-wird-leckerer-zucchinikuchen#primaryimage\",\"url\":\"https:\\\/\\\/pflegezentrum-yspertal.at\\\/wordpress\\\/wp-content\\\/uploads\\\/2026\\\/09\\\/Bild1.jpg\",\"contentUrl\":\"https:\\\/\\\/pflegezentrum-yspertal.at\\\/wordpress\\\/wp-content\\\/uploads\\\/2026\\\/09\\\/Bild1.jpg\",\"width\":823,\"height\":1097},{\"@type\":\"BreadcrumbList\",\"@id\":\"https:\\\/\\\/pflegezentrum-yspertal.at\\\/wordpress\\\/mit-freude-geerntet-aus-dem-hochbeet-wird-leckerer-zucchinikuchen#breadcrumb\",\"itemListElement\":[{\"@type\":\"ListItem\",\"position\":1,\"name\":\"Home\",\"item\":\"https:\\\/\\\/pflegezentrum-yspertal.at\\\/wordpress\\\/\"},{\"@type\":\"ListItem\",\"position\":2,\"name\":\"Aktuelles\",\"item\":\"https:\\\/\\\/yspertal.netzspinnerei.at\\\/category\\\/aktuelles\"},{\"@type\":\"ListItem\",\"position\":3,\"name\":\"Mit Freude geerntet \u2013 Aus dem Hochbeet wird leckerer Zucchinikuchen\"}]},{\"@type\":\"WebSite\",\"@id\":\"https:\\\/\\\/yspertal.netzspinnerei.at\\\/#website\",\"url\":\"https:\\\/\\\/yspertal.netzspinnerei.at\\\/\",\"name\":\"Pflegezentrum Yspertal\",\"description\":\"\",\"publisher\":{\"@id\":\"https:\\\/\\\/yspertal.netzspinnerei.at\\\/#organization\"},\"potentialAction\":[{\"@type\":\"SearchAction\",\"target\":{\"@type\":\"EntryPoint\",\"urlTemplate\":\"https:\\\/\\\/yspertal.netzspinnerei.at\\\/?s={search_term_string}\"},\"query-input\":{\"@type\":\"PropertyValueSpecification\",\"valueRequired\":true,\"valueName\":\"search_term_string\"}}],\"inLanguage\":\"de\"},{\"@type\":\"Organization\",\"@id\":\"https:\\\/\\\/yspertal.netzspinnerei.at\\\/#organization\",\"name\":\"Pflegezentrum Yspertal\",\"url\":\"https:\\\/\\\/yspertal.netzspinnerei.at\\\/\",\"logo\":{\"@type\":\"ImageObject\",\"inLanguage\":\"de\",\"@id\":\"https:\\\/\\\/yspertal.netzspinnerei.at\\\/#\\\/schema\\\/logo\\\/image\\\/\",\"url\":\"https:\\\/\\\/pflegezentrum-yspertal.at\\\/wordpress\\\/wp-content\\\/uploads\\\/2023\\\/10\\\/Logo-Border.jpg\",\"contentUrl\":\"https:\\\/\\\/pflegezentrum-yspertal.at\\\/wordpress\\\/wp-content\\\/uploads\\\/2023\\\/10\\\/Logo-Border.jpg\",\"width\":787,\"height\":102,\"caption\":\"Pflegezentrum Yspertal\"},\"image\":{\"@id\":\"https:\\\/\\\/yspertal.netzspinnerei.at\\\/#\\\/schema\\\/logo\\\/image\\\/\"}},{\"@type\":\"Person\",\"@id\":\"https:\\\/\\\/yspertal.netzspinnerei.at\\\/#\\\/schema\\\/person\\\/3e8014c0760ea01a636f57b133b3634c\",\"name\":\"Raphael Wimmer\",\"image\":{\"@type\":\"ImageObject\",\"inLanguage\":\"de\",\"@id\":\"https:\\\/\\\/secure.gravatar.com\\\/avatar\\\/a7fec3f5d03fa07909c45b6e9ce155223209eca5822accc3dda35a5815ff09fa?s=96&d=mm&r=g\",\"url\":\"https:\\\/\\\/secure.gravatar.com\\\/avatar\\\/a7fec3f5d03fa07909c45b6e9ce155223209eca5822accc3dda35a5815ff09fa?s=96&d=mm&r=g\",\"contentUrl\":\"https:\\\/\\\/secure.gravatar.com\\\/avatar\\\/a7fec3f5d03fa07909c45b6e9ce155223209eca5822accc3dda35a5815ff09fa?s=96&d=mm&r=g\",\"caption\":\"Raphael Wimmer\"},\"url\":\"https:\\\/\\\/pflegezentrum-yspertal.at\\\/wordpress\\\/author\\\/raphael-wimmer\"}]}<\/script>\n<!-- \/ Yoast SEO plugin. -->","yoast_head_json":{"title":"Mit Freude geerntet \u2013 Aus dem Hochbeet wird leckerer Zucchinikuchen - Pflegezentrum Yspertal","robots":{"index":"index","follow":"follow","max-snippet":"max-snippet:-1","max-image-preview":"max-image-preview:large","max-video-preview":"max-video-preview:-1"},"canonical":"https:\/\/pflegezentrum-yspertal.at\/wordpress\/mit-freude-geerntet-aus-dem-hochbeet-wird-leckerer-zucchinikuchen","og_locale":"de_DE","og_type":"article","og_title":"Mit Freude geerntet \u2013 Aus dem Hochbeet wird leckerer Zucchinikuchen - Pflegezentrum Yspertal","og_description":"Fr. Reinberger erntete gemeinsam mit unserem Lehrm\u00e4dchen Lilliane eine Zucchini aus dem hauseigenen Garten. Das Hochbeet wurde im Fr\u00fchjahr bepflanzt und durch regelm\u00e4\u00dfige Pflege konnte das Gem\u00fcse durch die Bewohnerinnen geerntet werden. Das Gem\u00fcse wurde in der K\u00fcche zu einem leckeren Zucchinikuchen weiterverarbeitet. &nbsp; Die Bewohnerinnen zeigten sich sichtlich stolz \u00fcber das Ergebnis ihrer Gartenpflege ... Weiterlesen","og_url":"https:\/\/pflegezentrum-yspertal.at\/wordpress\/mit-freude-geerntet-aus-dem-hochbeet-wird-leckerer-zucchinikuchen","og_site_name":"Pflegezentrum Yspertal","article_published_time":"2026-09-03T04:32:11+00:00","article_modified_time":"2026-09-03T04:32:13+00:00","og_image":[{"width":823,"height":1097,"url":"https:\/\/pflegezentrum-yspertal.at\/wordpress\/wp-content\/uploads\/2026\/09\/Bild1.jpg","type":"image\/jpeg"}],"author":"Raphael Wimmer","twitter_card":"summary_large_image","twitter_misc":{"Verfasst von":"Raphael Wimmer","Gesch\u00e4tzte Lesezeit":"1\u00a0Minute"},"schema":{"@context":"https:\/\/schema.org","@graph":[{"@type":"Article","@id":"https:\/\/pflegezentrum-yspertal.at\/wordpress\/mit-freude-geerntet-aus-dem-hochbeet-wird-leckerer-zucchinikuchen#article","isPartOf":{"@id":"https:\/\/pflegezentrum-yspertal.at\/wordpress\/mit-freude-geerntet-aus-dem-hochbeet-wird-leckerer-zucchinikuchen"},"author":{"name":"Raphael Wimmer","@id":"https:\/\/yspertal.netzspinnerei.at\/#\/schema\/person\/3e8014c0760ea01a636f57b133b3634c"},"headline":"Mit Freude geerntet \u2013 Aus dem Hochbeet wird leckerer Zucchinikuchen","datePublished":"2026-09-03T04:32:11+00:00","dateModified":"2026-09-03T04:32:13+00:00","mainEntityOfPage":{"@id":"https:\/\/pflegezentrum-yspertal.at\/wordpress\/mit-freude-geerntet-aus-dem-hochbeet-wird-leckerer-zucchinikuchen"},"wordCount":129,"publisher":{"@id":"https:\/\/yspertal.netzspinnerei.at\/#organization"},"image":{"@id":"https:\/\/pflegezentrum-yspertal.at\/wordpress\/mit-freude-geerntet-aus-dem-hochbeet-wird-leckerer-zucchinikuchen#primaryimage"},"thumbnailUrl":"https:\/\/pflegezentrum-yspertal.at\/wordpress\/wp-content\/uploads\/2026\/09\/Bild1.jpg","articleSection":["Aktuelles"],"inLanguage":"de"},{"@type":"WebPage","@id":"https:\/\/pflegezentrum-yspertal.at\/wordpress\/mit-freude-geerntet-aus-dem-hochbeet-wird-leckerer-zucchinikuchen","url":"https:\/\/pflegezentrum-yspertal.at\/wordpress\/mit-freude-geerntet-aus-dem-hochbeet-wird-leckerer-zucchinikuchen","name":"Mit Freude geerntet \u2013 Aus dem Hochbeet wird leckerer Zucchinikuchen - Pflegezentrum Yspertal","isPartOf":{"@id":"https:\/\/yspertal.netzspinnerei.at\/#website"},"primaryImageOfPage":{"@id":"https:\/\/pflegezentrum-yspertal.at\/wordpress\/mit-freude-geerntet-aus-dem-hochbeet-wird-leckerer-zucchinikuchen#primaryimage"},"image":{"@id":"https:\/\/pflegezentrum-yspertal.at\/wordpress\/mit-freude-geerntet-aus-dem-hochbeet-wird-leckerer-zucchinikuchen#primaryimage"},"thumbnailUrl":"https:\/\/pflegezentrum-yspertal.at\/wordpress\/wp-content\/uploads\/2026\/09\/Bild1.jpg","datePublished":"2026-09-03T04:32:11+00:00","dateModified":"2026-09-03T04:32:13+00:00","breadcrumb":{"@id":"https:\/\/pflegezentrum-yspertal.at\/wordpress\/mit-freude-geerntet-aus-dem-hochbeet-wird-leckerer-zucchinikuchen#breadcrumb"},"inLanguage":"de","potentialAction":[{"@type":"ReadAction","target":["https:\/\/pflegezentrum-yspertal.at\/wordpress\/mit-freude-geerntet-aus-dem-hochbeet-wird-leckerer-zucchinikuchen"]}]},{"@type":"ImageObject","inLanguage":"de","@id":"https:\/\/pflegezentrum-yspertal.at\/wordpress\/mit-freude-geerntet-aus-dem-hochbeet-wird-leckerer-zucchinikuchen#primaryimage","url":"https:\/\/pflegezentrum-yspertal.at\/wordpress\/wp-content\/uploads\/2026\/09\/Bild1.jpg","contentUrl":"https:\/\/pflegezentrum-yspertal.at\/wordpress\/wp-content\/uploads\/2026\/09\/Bild1.jpg","width":823,"height":1097},{"@type":"BreadcrumbList","@id":"https:\/\/pflegezentrum-yspertal.at\/wordpress\/mit-freude-geerntet-aus-dem-hochbeet-wird-leckerer-zucchinikuchen#breadcrumb","itemListElement":[{"@type":"ListItem","position":1,"name":"Home","item":"https:\/\/pflegezentrum-yspertal.at\/wordpress\/"},{"@type":"ListItem","position":2,"name":"Aktuelles","item":"https:\/\/yspertal.netzspinnerei.at\/category\/aktuelles"},{"@type":"ListItem","position":3,"name":"Mit Freude geerntet \u2013 Aus dem Hochbeet wird leckerer Zucchinikuchen"}]},{"@type":"WebSite","@id":"https:\/\/yspertal.netzspinnerei.at\/#website","url":"https:\/\/yspertal.netzspinnerei.at\/","name":"Pflegezentrum Yspertal","description":"","publisher":{"@id":"https:\/\/yspertal.netzspinnerei.at\/#organization"},"potentialAction":[{"@type":"SearchAction","target":{"@type":"EntryPoint","urlTemplate":"https:\/\/yspertal.netzspinnerei.at\/?s={search_term_string}"},"query-input":{"@type":"PropertyValueSpecification","valueRequired":true,"valueName":"search_term_string"}}],"inLanguage":"de"},{"@type":"Organization","@id":"https:\/\/yspertal.netzspinnerei.at\/#organization","name":"Pflegezentrum Yspertal","url":"https:\/\/yspertal.netzspinnerei.at\/","logo":{"@type":"ImageObject","inLanguage":"de","@id":"https:\/\/yspertal.netzspinnerei.at\/#\/schema\/logo\/image\/","url":"https:\/\/pflegezentrum-yspertal.at\/wordpress\/wp-content\/uploads\/2023\/10\/Logo-Border.jpg","contentUrl":"https:\/\/pflegezentrum-yspertal.at\/wordpress\/wp-content\/uploads\/2023\/10\/Logo-Border.jpg","width":787,"height":102,"caption":"Pflegezentrum Yspertal"},"image":{"@id":"https:\/\/yspertal.netzspinnerei.at\/#\/schema\/logo\/image\/"}},{"@type":"Person","@id":"https:\/\/yspertal.netzspinnerei.at\/#\/schema\/person\/3e8014c0760ea01a636f57b133b3634c","name":"Raphael Wimmer","image":{"@type":"ImageObject","inLanguage":"de","@id":"https:\/\/secure.gravatar.com\/avatar\/a7fec3f5d03fa07909c45b6e9ce155223209eca5822accc3dda35a5815ff09fa?s=96&d=mm&r=g","url":"https:\/\/secure.gravatar.com\/avatar\/a7fec3f5d03fa07909c45b6e9ce155223209eca5822accc3dda35a5815ff09fa?s=96&d=mm&r=g","contentUrl":"https:\/\/secure.gravatar.com\/avatar\/a7fec3f5d03fa07909c45b6e9ce155223209eca5822accc3dda35a5815ff09fa?s=96&d=mm&r=g","caption":"Raphael Wimmer"},"url":"https:\/\/pflegezentrum-yspertal.at\/wordpress\/author\/raphael-wimmer"}]}},"_links":{"self":[{"href":"https:\/\/pflegezentrum-yspertal.at\/wordpress\/wp-json\/wp\/v2\/posts\/10671","targetHints":{"allow":["GET"]}}],"collection":[{"href":"https:\/\/pflegezentrum-yspertal.at\/wordpress\/wp-json\/wp\/v2\/posts"}],"about":[{"href":"https:\/\/pflegezentrum-yspertal.at\/wordpress\/wp-json\/wp\/v2\/types\/post"}],"author":[{"embeddable":true,"href":"https:\/\/pflegezentrum-yspertal.at\/wordpress\/wp-json\/wp\/v2\/users\/6"}],"replies":[{"embeddable":true,"href":"https:\/\/pflegezentrum-yspertal.at\/wordpress\/wp-json\/wp\/v2\/comments?post=10671"}],"version-history":[{"count":1,"href":"https:\/\/pflegezentrum-yspertal.at\/wordpress\/wp-json\/wp\/v2\/posts\/10671\/revisions"}],"predecessor-version":[{"id":10673,"href":"https:\/\/pflegezentrum-yspertal.at\/wordpress\/wp-json\/wp\/v2\/posts\/10671\/revisions\/10673"}],"wp:featuredmedia":[{"embeddable":true,"href":"https:\/\/pflegezentrum-yspertal.at\/wordpress\/wp-json\/wp\/v2\/media\/10672"}],"wp:attachment":[{"href":"https:\/\/pflegezentrum-yspertal.at\/wordpress\/wp-json\/wp\/v2\/media?parent=10671"}],"wp:term":[{"taxonomy":"category","embeddable":true,"href":"https:\/\/pflegezentrum-yspertal.at\/wordpress\/wp-json\/wp\/v2\/categories?post=10671"},{"taxonomy":"post_tag","embeddable":true,"href":"https:\/\/pflegezentrum-yspertal.at\/wordpress\/wp-json\/wp\/v2\/tags?post=10671"}],"curies":[{"name":"wp","href":"https:\/\/api.w.org\/{rel}","templated":true}]}}