{"id":10662,"date":"2026-08-17T04:22:28","date_gmt":"2026-08-17T04:22:28","guid":{"rendered":"https:\/\/pflegezentrum-yspertal.at\/wordpress\/?p=10662"},"modified":"2026-09-03T04:30:05","modified_gmt":"2026-09-03T04:30:05","slug":"geburtstagsrunde-im-august-gemeinsam-feiern-und-erinnerungen-teilen","status":"publish","type":"post","link":"https:\/\/pflegezentrum-yspertal.at\/wordpress\/geburtstagsrunde-im-august-gemeinsam-feiern-und-erinnerungen-teilen","title":{"rendered":"Geburtstagsrunde im August \u2013 Gemeinsam feiern und Erinnerungen teilen"},"content":{"rendered":"\n<p class=\"wp-block-paragraph\">Am 17. August 2026 durften wir in unserem Haus eine besonders gem\u00fctliche Geburtstagsrunde feiern. In kleiner, feiner Runde kamen unsere Bewohnerinnen und Bewohner zusammen, um die Geburtstagskinder des Monats geb\u00fchrend zu feiern.<\/p>\n\n\n\n<p class=\"wp-block-paragraph\">F\u00fcr die passende musikalische Umrahmung sorgte Frau Annemarie Hackl von unserem Ehrenamts-Team. Bekannte Melodien und sch\u00f6ne Kl\u00e4nge luden zum Mitsingen, Mitschunkeln und Erinnern ein.<\/p>\n\n\n\n<p class=\"wp-block-paragraph\">Bei Kaffee, Kuchen und netten Gespr\u00e4chen wurde gemeinsam auf die Geburtstagskinder angesto\u00dfen. Ganz besonders durften wir Frau Maria Fichtinger zu ihrem 90. Geburtstag und Herrn Franz Weitzenb\u00f6ck zu seinem 92. Geburtstag gratulieren.<\/p>\n\n\n\n<figure class=\"wp-block-gallery has-nested-images columns-default is-cropped wp-block-gallery-1 is-layout-flex wp-block-gallery-is-layout-flex\">\n<figure class=\"wp-block-image size-large\"><img loading=\"lazy\" decoding=\"async\" width=\"1024\" height=\"768\" data-id=\"10664\" src=\"https:\/\/pflegezentrum-yspertal.at\/wordpress\/wp-content\/uploads\/2026\/09\/WhatsApp-Image-2026-08-19-at-08.57.51-1024x768.jpeg\" alt=\"\" class=\"wp-image-10664\" srcset=\"https:\/\/pflegezentrum-yspertal.at\/wordpress\/wp-content\/uploads\/2026\/09\/WhatsApp-Image-2026-08-19-at-08.57.51-1024x768.jpeg 1024w, https:\/\/pflegezentrum-yspertal.at\/wordpress\/wp-content\/uploads\/2026\/09\/WhatsApp-Image-2026-08-19-at-08.57.51-350x263.jpeg 350w, https:\/\/pflegezentrum-yspertal.at\/wordpress\/wp-content\/uploads\/2026\/09\/WhatsApp-Image-2026-08-19-at-08.57.51-768x576.jpeg 768w, https:\/\/pflegezentrum-yspertal.at\/wordpress\/wp-content\/uploads\/2026\/09\/WhatsApp-Image-2026-08-19-at-08.57.51-1536x1152.jpeg 1536w, https:\/\/pflegezentrum-yspertal.at\/wordpress\/wp-content\/uploads\/2026\/09\/WhatsApp-Image-2026-08-19-at-08.57.51.jpeg 1600w\" sizes=\"auto, (max-width: 1024px) 100vw, 1024px\" \/><\/figure>\n\n\n\n<figure class=\"wp-block-image size-large\"><img loading=\"lazy\" decoding=\"async\" width=\"1024\" height=\"768\" data-id=\"10665\" src=\"https:\/\/pflegezentrum-yspertal.at\/wordpress\/wp-content\/uploads\/2026\/09\/WhatsApp-Image-2026-08-19-at-08.57.50-1-1024x768.jpeg\" alt=\"\" class=\"wp-image-10665\" srcset=\"https:\/\/pflegezentrum-yspertal.at\/wordpress\/wp-content\/uploads\/2026\/09\/WhatsApp-Image-2026-08-19-at-08.57.50-1-1024x768.jpeg 1024w, https:\/\/pflegezentrum-yspertal.at\/wordpress\/wp-content\/uploads\/2026\/09\/WhatsApp-Image-2026-08-19-at-08.57.50-1-350x263.jpeg 350w, https:\/\/pflegezentrum-yspertal.at\/wordpress\/wp-content\/uploads\/2026\/09\/WhatsApp-Image-2026-08-19-at-08.57.50-1-768x576.jpeg 768w, https:\/\/pflegezentrum-yspertal.at\/wordpress\/wp-content\/uploads\/2026\/09\/WhatsApp-Image-2026-08-19-at-08.57.50-1-1536x1152.jpeg 1536w, https:\/\/pflegezentrum-yspertal.at\/wordpress\/wp-content\/uploads\/2026\/09\/WhatsApp-Image-2026-08-19-at-08.57.50-1.jpeg 1600w\" sizes=\"auto, (max-width: 1024px) 100vw, 1024px\" \/><\/figure>\n<\/figure>\n","protected":false},"excerpt":{"rendered":"<p>Am 17. August 2026 durften wir in unserem Haus eine besonders gem\u00fctliche Geburtstagsrunde feiern. In kleiner, feiner Runde kamen unsere Bewohnerinnen und Bewohner zusammen, um die Geburtstagskinder des Monats geb\u00fchrend zu feiern. F\u00fcr die passende musikalische Umrahmung sorgte Frau Annemarie Hackl von unserem Ehrenamts-Team. Bekannte Melodien und sch\u00f6ne Kl\u00e4nge luden zum Mitsingen, Mitschunkeln und Erinnern &#8230; <a title=\"Geburtstagsrunde im August \u2013 Gemeinsam feiern und Erinnerungen teilen\" class=\"read-more\" href=\"https:\/\/pflegezentrum-yspertal.at\/wordpress\/geburtstagsrunde-im-august-gemeinsam-feiern-und-erinnerungen-teilen\" aria-label=\"Mehr Informationen \u00fcber Geburtstagsrunde im August \u2013 Gemeinsam feiern und Erinnerungen teilen\">Weiterlesen<\/a><\/p>\n","protected":false},"author":6,"featured_media":10663,"comment_status":"closed","ping_status":"closed","sticky":false,"template":"","format":"standard","meta":{"inline_featured_image":false,"footnotes":""},"categories":[1],"tags":[],"class_list":["post-10662","post","type-post","status-publish","format-standard","has-post-thumbnail","hentry","category-aktuelles"],"yoast_head":"<!-- This site is optimized with the Yoast SEO plugin v28.4 - https:\/\/yoast.com\/product\/yoast-seo-wordpress\/ -->\n<title>Geburtstagsrunde im August \u2013 Gemeinsam feiern und Erinnerungen teilen - Pflegezentrum Yspertal<\/title>\n<meta name=\"robots\" content=\"index, follow, max-snippet:-1, max-image-preview:large, max-video-preview:-1\" \/>\n<link rel=\"canonical\" href=\"https:\/\/pflegezentrum-yspertal.at\/wordpress\/geburtstagsrunde-im-august-gemeinsam-feiern-und-erinnerungen-teilen\" \/>\n<meta property=\"og:locale\" content=\"de_DE\" \/>\n<meta property=\"og:type\" content=\"article\" \/>\n<meta property=\"og:title\" content=\"Geburtstagsrunde im August \u2013 Gemeinsam feiern und Erinnerungen teilen - Pflegezentrum Yspertal\" \/>\n<meta property=\"og:description\" content=\"Am 17. August 2026 durften wir in unserem Haus eine besonders gem\u00fctliche Geburtstagsrunde feiern. In kleiner, feiner Runde kamen unsere Bewohnerinnen und Bewohner zusammen, um die Geburtstagskinder des Monats geb\u00fchrend zu feiern. F\u00fcr die passende musikalische Umrahmung sorgte Frau Annemarie Hackl von unserem Ehrenamts-Team. Bekannte Melodien und sch\u00f6ne Kl\u00e4nge luden zum Mitsingen, Mitschunkeln und Erinnern ... Weiterlesen\" \/>\n<meta property=\"og:url\" content=\"https:\/\/pflegezentrum-yspertal.at\/wordpress\/geburtstagsrunde-im-august-gemeinsam-feiern-und-erinnerungen-teilen\" \/>\n<meta property=\"og:site_name\" content=\"Pflegezentrum Yspertal\" \/>\n<meta property=\"article:published_time\" content=\"2026-08-17T04:22:28+00:00\" \/>\n<meta property=\"article:modified_time\" content=\"2026-09-03T04:30:05+00:00\" \/>\n<meta property=\"og:image\" content=\"https:\/\/pflegezentrum-yspertal.at\/wordpress\/wp-content\/uploads\/2026\/09\/WhatsApp-Image-2026-08-19-at-08.57.50.jpeg\" \/>\n\t<meta property=\"og:image:width\" content=\"1200\" \/>\n\t<meta property=\"og:image:height\" content=\"1600\" \/>\n\t<meta property=\"og:image:type\" content=\"image\/jpeg\" \/>\n<meta name=\"author\" content=\"Raphael Wimmer\" \/>\n<meta name=\"twitter:card\" content=\"summary_large_image\" \/>\n<meta name=\"twitter:label1\" content=\"Verfasst von\" \/>\n\t<meta name=\"twitter:data1\" content=\"Raphael Wimmer\" \/>\n\t<meta name=\"twitter:label2\" content=\"Gesch\u00e4tzte Lesezeit\" \/>\n\t<meta name=\"twitter:data2\" content=\"2\u00a0Minuten\" \/>\n<script type=\"application\/ld+json\" class=\"yoast-schema-graph\">{\"@context\":\"https:\\\/\\\/schema.org\",\"@graph\":[{\"@type\":\"Article\",\"@id\":\"https:\\\/\\\/pflegezentrum-yspertal.at\\\/wordpress\\\/geburtstagsrunde-im-august-gemeinsam-feiern-und-erinnerungen-teilen#article\",\"isPartOf\":{\"@id\":\"https:\\\/\\\/pflegezentrum-yspertal.at\\\/wordpress\\\/geburtstagsrunde-im-august-gemeinsam-feiern-und-erinnerungen-teilen\"},\"author\":{\"name\":\"Raphael Wimmer\",\"@id\":\"https:\\\/\\\/yspertal.netzspinnerei.at\\\/#\\\/schema\\\/person\\\/3e8014c0760ea01a636f57b133b3634c\"},\"headline\":\"Geburtstagsrunde im August \u2013 Gemeinsam feiern und Erinnerungen teilen\",\"datePublished\":\"2026-08-17T04:22:28+00:00\",\"dateModified\":\"2026-09-03T04:30:05+00:00\",\"mainEntityOfPage\":{\"@id\":\"https:\\\/\\\/pflegezentrum-yspertal.at\\\/wordpress\\\/geburtstagsrunde-im-august-gemeinsam-feiern-und-erinnerungen-teilen\"},\"wordCount\":100,\"publisher\":{\"@id\":\"https:\\\/\\\/yspertal.netzspinnerei.at\\\/#organization\"},\"image\":{\"@id\":\"https:\\\/\\\/pflegezentrum-yspertal.at\\\/wordpress\\\/geburtstagsrunde-im-august-gemeinsam-feiern-und-erinnerungen-teilen#primaryimage\"},\"thumbnailUrl\":\"https:\\\/\\\/pflegezentrum-yspertal.at\\\/wordpress\\\/wp-content\\\/uploads\\\/2026\\\/09\\\/WhatsApp-Image-2026-08-19-at-08.57.50.jpeg\",\"articleSection\":[\"Aktuelles\"],\"inLanguage\":\"de\"},{\"@type\":\"WebPage\",\"@id\":\"https:\\\/\\\/pflegezentrum-yspertal.at\\\/wordpress\\\/geburtstagsrunde-im-august-gemeinsam-feiern-und-erinnerungen-teilen\",\"url\":\"https:\\\/\\\/pflegezentrum-yspertal.at\\\/wordpress\\\/geburtstagsrunde-im-august-gemeinsam-feiern-und-erinnerungen-teilen\",\"name\":\"Geburtstagsrunde im August \u2013 Gemeinsam feiern und Erinnerungen teilen - Pflegezentrum Yspertal\",\"isPartOf\":{\"@id\":\"https:\\\/\\\/yspertal.netzspinnerei.at\\\/#website\"},\"primaryImageOfPage\":{\"@id\":\"https:\\\/\\\/pflegezentrum-yspertal.at\\\/wordpress\\\/geburtstagsrunde-im-august-gemeinsam-feiern-und-erinnerungen-teilen#primaryimage\"},\"image\":{\"@id\":\"https:\\\/\\\/pflegezentrum-yspertal.at\\\/wordpress\\\/geburtstagsrunde-im-august-gemeinsam-feiern-und-erinnerungen-teilen#primaryimage\"},\"thumbnailUrl\":\"https:\\\/\\\/pflegezentrum-yspertal.at\\\/wordpress\\\/wp-content\\\/uploads\\\/2026\\\/09\\\/WhatsApp-Image-2026-08-19-at-08.57.50.jpeg\",\"datePublished\":\"2026-08-17T04:22:28+00:00\",\"dateModified\":\"2026-09-03T04:30:05+00:00\",\"breadcrumb\":{\"@id\":\"https:\\\/\\\/pflegezentrum-yspertal.at\\\/wordpress\\\/geburtstagsrunde-im-august-gemeinsam-feiern-und-erinnerungen-teilen#breadcrumb\"},\"inLanguage\":\"de\",\"potentialAction\":[{\"@type\":\"ReadAction\",\"target\":[\"https:\\\/\\\/pflegezentrum-yspertal.at\\\/wordpress\\\/geburtstagsrunde-im-august-gemeinsam-feiern-und-erinnerungen-teilen\"]}]},{\"@type\":\"ImageObject\",\"inLanguage\":\"de\",\"@id\":\"https:\\\/\\\/pflegezentrum-yspertal.at\\\/wordpress\\\/geburtstagsrunde-im-august-gemeinsam-feiern-und-erinnerungen-teilen#primaryimage\",\"url\":\"https:\\\/\\\/pflegezentrum-yspertal.at\\\/wordpress\\\/wp-content\\\/uploads\\\/2026\\\/09\\\/WhatsApp-Image-2026-08-19-at-08.57.50.jpeg\",\"contentUrl\":\"https:\\\/\\\/pflegezentrum-yspertal.at\\\/wordpress\\\/wp-content\\\/uploads\\\/2026\\\/09\\\/WhatsApp-Image-2026-08-19-at-08.57.50.jpeg\",\"width\":1200,\"height\":1600},{\"@type\":\"BreadcrumbList\",\"@id\":\"https:\\\/\\\/pflegezentrum-yspertal.at\\\/wordpress\\\/geburtstagsrunde-im-august-gemeinsam-feiern-und-erinnerungen-teilen#breadcrumb\",\"itemListElement\":[{\"@type\":\"ListItem\",\"position\":1,\"name\":\"Home\",\"item\":\"https:\\\/\\\/pflegezentrum-yspertal.at\\\/wordpress\\\/\"},{\"@type\":\"ListItem\",\"position\":2,\"name\":\"Aktuelles\",\"item\":\"https:\\\/\\\/yspertal.netzspinnerei.at\\\/category\\\/aktuelles\"},{\"@type\":\"ListItem\",\"position\":3,\"name\":\"Geburtstagsrunde im August \u2013 Gemeinsam feiern und Erinnerungen teilen\"}]},{\"@type\":\"WebSite\",\"@id\":\"https:\\\/\\\/yspertal.netzspinnerei.at\\\/#website\",\"url\":\"https:\\\/\\\/yspertal.netzspinnerei.at\\\/\",\"name\":\"Pflegezentrum Yspertal\",\"description\":\"\",\"publisher\":{\"@id\":\"https:\\\/\\\/yspertal.netzspinnerei.at\\\/#organization\"},\"potentialAction\":[{\"@type\":\"SearchAction\",\"target\":{\"@type\":\"EntryPoint\",\"urlTemplate\":\"https:\\\/\\\/yspertal.netzspinnerei.at\\\/?s={search_term_string}\"},\"query-input\":{\"@type\":\"PropertyValueSpecification\",\"valueRequired\":true,\"valueName\":\"search_term_string\"}}],\"inLanguage\":\"de\"},{\"@type\":\"Organization\",\"@id\":\"https:\\\/\\\/yspertal.netzspinnerei.at\\\/#organization\",\"name\":\"Pflegezentrum Yspertal\",\"url\":\"https:\\\/\\\/yspertal.netzspinnerei.at\\\/\",\"logo\":{\"@type\":\"ImageObject\",\"inLanguage\":\"de\",\"@id\":\"https:\\\/\\\/yspertal.netzspinnerei.at\\\/#\\\/schema\\\/logo\\\/image\\\/\",\"url\":\"https:\\\/\\\/pflegezentrum-yspertal.at\\\/wordpress\\\/wp-content\\\/uploads\\\/2023\\\/10\\\/Logo-Border.jpg\",\"contentUrl\":\"https:\\\/\\\/pflegezentrum-yspertal.at\\\/wordpress\\\/wp-content\\\/uploads\\\/2023\\\/10\\\/Logo-Border.jpg\",\"width\":787,\"height\":102,\"caption\":\"Pflegezentrum Yspertal\"},\"image\":{\"@id\":\"https:\\\/\\\/yspertal.netzspinnerei.at\\\/#\\\/schema\\\/logo\\\/image\\\/\"}},{\"@type\":\"Person\",\"@id\":\"https:\\\/\\\/yspertal.netzspinnerei.at\\\/#\\\/schema\\\/person\\\/3e8014c0760ea01a636f57b133b3634c\",\"name\":\"Raphael Wimmer\",\"image\":{\"@type\":\"ImageObject\",\"inLanguage\":\"de\",\"@id\":\"https:\\\/\\\/secure.gravatar.com\\\/avatar\\\/a7fec3f5d03fa07909c45b6e9ce155223209eca5822accc3dda35a5815ff09fa?s=96&d=mm&r=g\",\"url\":\"https:\\\/\\\/secure.gravatar.com\\\/avatar\\\/a7fec3f5d03fa07909c45b6e9ce155223209eca5822accc3dda35a5815ff09fa?s=96&d=mm&r=g\",\"contentUrl\":\"https:\\\/\\\/secure.gravatar.com\\\/avatar\\\/a7fec3f5d03fa07909c45b6e9ce155223209eca5822accc3dda35a5815ff09fa?s=96&d=mm&r=g\",\"caption\":\"Raphael Wimmer\"},\"url\":\"https:\\\/\\\/pflegezentrum-yspertal.at\\\/wordpress\\\/author\\\/raphael-wimmer\"}]}<\/script>\n<!-- \/ Yoast SEO plugin. -->","yoast_head_json":{"title":"Geburtstagsrunde im August \u2013 Gemeinsam feiern und Erinnerungen teilen - Pflegezentrum Yspertal","robots":{"index":"index","follow":"follow","max-snippet":"max-snippet:-1","max-image-preview":"max-image-preview:large","max-video-preview":"max-video-preview:-1"},"canonical":"https:\/\/pflegezentrum-yspertal.at\/wordpress\/geburtstagsrunde-im-august-gemeinsam-feiern-und-erinnerungen-teilen","og_locale":"de_DE","og_type":"article","og_title":"Geburtstagsrunde im August \u2013 Gemeinsam feiern und Erinnerungen teilen - Pflegezentrum Yspertal","og_description":"Am 17. August 2026 durften wir in unserem Haus eine besonders gem\u00fctliche Geburtstagsrunde feiern. In kleiner, feiner Runde kamen unsere Bewohnerinnen und Bewohner zusammen, um die Geburtstagskinder des Monats geb\u00fchrend zu feiern. F\u00fcr die passende musikalische Umrahmung sorgte Frau Annemarie Hackl von unserem Ehrenamts-Team. Bekannte Melodien und sch\u00f6ne Kl\u00e4nge luden zum Mitsingen, Mitschunkeln und Erinnern ... Weiterlesen","og_url":"https:\/\/pflegezentrum-yspertal.at\/wordpress\/geburtstagsrunde-im-august-gemeinsam-feiern-und-erinnerungen-teilen","og_site_name":"Pflegezentrum Yspertal","article_published_time":"2026-08-17T04:22:28+00:00","article_modified_time":"2026-09-03T04:30:05+00:00","og_image":[{"width":1200,"height":1600,"url":"https:\/\/pflegezentrum-yspertal.at\/wordpress\/wp-content\/uploads\/2026\/09\/WhatsApp-Image-2026-08-19-at-08.57.50.jpeg","type":"image\/jpeg"}],"author":"Raphael Wimmer","twitter_card":"summary_large_image","twitter_misc":{"Verfasst von":"Raphael Wimmer","Gesch\u00e4tzte Lesezeit":"2\u00a0Minuten"},"schema":{"@context":"https:\/\/schema.org","@graph":[{"@type":"Article","@id":"https:\/\/pflegezentrum-yspertal.at\/wordpress\/geburtstagsrunde-im-august-gemeinsam-feiern-und-erinnerungen-teilen#article","isPartOf":{"@id":"https:\/\/pflegezentrum-yspertal.at\/wordpress\/geburtstagsrunde-im-august-gemeinsam-feiern-und-erinnerungen-teilen"},"author":{"name":"Raphael Wimmer","@id":"https:\/\/yspertal.netzspinnerei.at\/#\/schema\/person\/3e8014c0760ea01a636f57b133b3634c"},"headline":"Geburtstagsrunde im August \u2013 Gemeinsam feiern und Erinnerungen teilen","datePublished":"2026-08-17T04:22:28+00:00","dateModified":"2026-09-03T04:30:05+00:00","mainEntityOfPage":{"@id":"https:\/\/pflegezentrum-yspertal.at\/wordpress\/geburtstagsrunde-im-august-gemeinsam-feiern-und-erinnerungen-teilen"},"wordCount":100,"publisher":{"@id":"https:\/\/yspertal.netzspinnerei.at\/#organization"},"image":{"@id":"https:\/\/pflegezentrum-yspertal.at\/wordpress\/geburtstagsrunde-im-august-gemeinsam-feiern-und-erinnerungen-teilen#primaryimage"},"thumbnailUrl":"https:\/\/pflegezentrum-yspertal.at\/wordpress\/wp-content\/uploads\/2026\/09\/WhatsApp-Image-2026-08-19-at-08.57.50.jpeg","articleSection":["Aktuelles"],"inLanguage":"de"},{"@type":"WebPage","@id":"https:\/\/pflegezentrum-yspertal.at\/wordpress\/geburtstagsrunde-im-august-gemeinsam-feiern-und-erinnerungen-teilen","url":"https:\/\/pflegezentrum-yspertal.at\/wordpress\/geburtstagsrunde-im-august-gemeinsam-feiern-und-erinnerungen-teilen","name":"Geburtstagsrunde im August \u2013 Gemeinsam feiern und Erinnerungen teilen - Pflegezentrum Yspertal","isPartOf":{"@id":"https:\/\/yspertal.netzspinnerei.at\/#website"},"primaryImageOfPage":{"@id":"https:\/\/pflegezentrum-yspertal.at\/wordpress\/geburtstagsrunde-im-august-gemeinsam-feiern-und-erinnerungen-teilen#primaryimage"},"image":{"@id":"https:\/\/pflegezentrum-yspertal.at\/wordpress\/geburtstagsrunde-im-august-gemeinsam-feiern-und-erinnerungen-teilen#primaryimage"},"thumbnailUrl":"https:\/\/pflegezentrum-yspertal.at\/wordpress\/wp-content\/uploads\/2026\/09\/WhatsApp-Image-2026-08-19-at-08.57.50.jpeg","datePublished":"2026-08-17T04:22:28+00:00","dateModified":"2026-09-03T04:30:05+00:00","breadcrumb":{"@id":"https:\/\/pflegezentrum-yspertal.at\/wordpress\/geburtstagsrunde-im-august-gemeinsam-feiern-und-erinnerungen-teilen#breadcrumb"},"inLanguage":"de","potentialAction":[{"@type":"ReadAction","target":["https:\/\/pflegezentrum-yspertal.at\/wordpress\/geburtstagsrunde-im-august-gemeinsam-feiern-und-erinnerungen-teilen"]}]},{"@type":"ImageObject","inLanguage":"de","@id":"https:\/\/pflegezentrum-yspertal.at\/wordpress\/geburtstagsrunde-im-august-gemeinsam-feiern-und-erinnerungen-teilen#primaryimage","url":"https:\/\/pflegezentrum-yspertal.at\/wordpress\/wp-content\/uploads\/2026\/09\/WhatsApp-Image-2026-08-19-at-08.57.50.jpeg","contentUrl":"https:\/\/pflegezentrum-yspertal.at\/wordpress\/wp-content\/uploads\/2026\/09\/WhatsApp-Image-2026-08-19-at-08.57.50.jpeg","width":1200,"height":1600},{"@type":"BreadcrumbList","@id":"https:\/\/pflegezentrum-yspertal.at\/wordpress\/geburtstagsrunde-im-august-gemeinsam-feiern-und-erinnerungen-teilen#breadcrumb","itemListElement":[{"@type":"ListItem","position":1,"name":"Home","item":"https:\/\/pflegezentrum-yspertal.at\/wordpress\/"},{"@type":"ListItem","position":2,"name":"Aktuelles","item":"https:\/\/yspertal.netzspinnerei.at\/category\/aktuelles"},{"@type":"ListItem","position":3,"name":"Geburtstagsrunde im August \u2013 Gemeinsam feiern und Erinnerungen teilen"}]},{"@type":"WebSite","@id":"https:\/\/yspertal.netzspinnerei.at\/#website","url":"https:\/\/yspertal.netzspinnerei.at\/","name":"Pflegezentrum Yspertal","description":"","publisher":{"@id":"https:\/\/yspertal.netzspinnerei.at\/#organization"},"potentialAction":[{"@type":"SearchAction","target":{"@type":"EntryPoint","urlTemplate":"https:\/\/yspertal.netzspinnerei.at\/?s={search_term_string}"},"query-input":{"@type":"PropertyValueSpecification","valueRequired":true,"valueName":"search_term_string"}}],"inLanguage":"de"},{"@type":"Organization","@id":"https:\/\/yspertal.netzspinnerei.at\/#organization","name":"Pflegezentrum Yspertal","url":"https:\/\/yspertal.netzspinnerei.at\/","logo":{"@type":"ImageObject","inLanguage":"de","@id":"https:\/\/yspertal.netzspinnerei.at\/#\/schema\/logo\/image\/","url":"https:\/\/pflegezentrum-yspertal.at\/wordpress\/wp-content\/uploads\/2023\/10\/Logo-Border.jpg","contentUrl":"https:\/\/pflegezentrum-yspertal.at\/wordpress\/wp-content\/uploads\/2023\/10\/Logo-Border.jpg","width":787,"height":102,"caption":"Pflegezentrum Yspertal"},"image":{"@id":"https:\/\/yspertal.netzspinnerei.at\/#\/schema\/logo\/image\/"}},{"@type":"Person","@id":"https:\/\/yspertal.netzspinnerei.at\/#\/schema\/person\/3e8014c0760ea01a636f57b133b3634c","name":"Raphael Wimmer","image":{"@type":"ImageObject","inLanguage":"de","@id":"https:\/\/secure.gravatar.com\/avatar\/a7fec3f5d03fa07909c45b6e9ce155223209eca5822accc3dda35a5815ff09fa?s=96&d=mm&r=g","url":"https:\/\/secure.gravatar.com\/avatar\/a7fec3f5d03fa07909c45b6e9ce155223209eca5822accc3dda35a5815ff09fa?s=96&d=mm&r=g","contentUrl":"https:\/\/secure.gravatar.com\/avatar\/a7fec3f5d03fa07909c45b6e9ce155223209eca5822accc3dda35a5815ff09fa?s=96&d=mm&r=g","caption":"Raphael Wimmer"},"url":"https:\/\/pflegezentrum-yspertal.at\/wordpress\/author\/raphael-wimmer"}]}},"_links":{"self":[{"href":"https:\/\/pflegezentrum-yspertal.at\/wordpress\/wp-json\/wp\/v2\/posts\/10662","targetHints":{"allow":["GET"]}}],"collection":[{"href":"https:\/\/pflegezentrum-yspertal.at\/wordpress\/wp-json\/wp\/v2\/posts"}],"about":[{"href":"https:\/\/pflegezentrum-yspertal.at\/wordpress\/wp-json\/wp\/v2\/types\/post"}],"author":[{"embeddable":true,"href":"https:\/\/pflegezentrum-yspertal.at\/wordpress\/wp-json\/wp\/v2\/users\/6"}],"replies":[{"embeddable":true,"href":"https:\/\/pflegezentrum-yspertal.at\/wordpress\/wp-json\/wp\/v2\/comments?post=10662"}],"version-history":[{"count":2,"href":"https:\/\/pflegezentrum-yspertal.at\/wordpress\/wp-json\/wp\/v2\/posts\/10662\/revisions"}],"predecessor-version":[{"id":10669,"href":"https:\/\/pflegezentrum-yspertal.at\/wordpress\/wp-json\/wp\/v2\/posts\/10662\/revisions\/10669"}],"wp:featuredmedia":[{"embeddable":true,"href":"https:\/\/pflegezentrum-yspertal.at\/wordpress\/wp-json\/wp\/v2\/media\/10663"}],"wp:attachment":[{"href":"https:\/\/pflegezentrum-yspertal.at\/wordpress\/wp-json\/wp\/v2\/media?parent=10662"}],"wp:term":[{"taxonomy":"category","embeddable":true,"href":"https:\/\/pflegezentrum-yspertal.at\/wordpress\/wp-json\/wp\/v2\/categories?post=10662"},{"taxonomy":"post_tag","embeddable":true,"href":"https:\/\/pflegezentrum-yspertal.at\/wordpress\/wp-json\/wp\/v2\/tags?post=10662"}],"curies":[{"name":"wp","href":"https:\/\/api.w.org\/{rel}","templated":true}]}}