{"id":10146,"date":"2026-03-13T06:10:45","date_gmt":"2026-03-13T06:10:45","guid":{"rendered":"https:\/\/pflegezentrum-yspertal.at\/wordpress\/?p=10146"},"modified":"2026-03-13T06:10:49","modified_gmt":"2026-03-13T06:10:49","slug":"starker-start-in-die-pflegeausbildung","status":"publish","type":"post","link":"https:\/\/pflegezentrum-yspertal.at\/wordpress\/starker-start-in-die-pflegeausbildung","title":{"rendered":"Starker Start in die Pflegeausbildung"},"content":{"rendered":"\n<p><strong>Unser drittes Lehrm\u00e4dchen, Gr\u00f6ssbacher Lilliane, hat die erste Klasse der Landesberufsschule St.P\u00f6lten f\u00fcr Pflegeassistenz mit einem ausgezeichneten Zeugnis abgeschlossen.<\/strong><\/p>\n\n\n\n<p><strong>Sie war mit viel Engagement und Eifer dabei, sodass sie jetzt ihr Wissen in der weiteren Lehre im PZ Yspertal erweitern und vertiefen kann. Wir w\u00fcnschen ihr weiterhin bei ihrer Ausbildung viel Erfolg.<\/strong><\/p>\n\n\n\n<figure class=\"wp-block-image size-large\"><img loading=\"lazy\" decoding=\"async\" width=\"1024\" height=\"683\" src=\"https:\/\/pflegezentrum-yspertal.at\/wordpress\/wp-content\/uploads\/2026\/03\/R6__17771-1024x683.jpg\" alt=\"\" class=\"wp-image-10148\" srcset=\"https:\/\/pflegezentrum-yspertal.at\/wordpress\/wp-content\/uploads\/2026\/03\/R6__17771-1024x683.jpg 1024w, https:\/\/pflegezentrum-yspertal.at\/wordpress\/wp-content\/uploads\/2026\/03\/R6__17771-350x233.jpg 350w, https:\/\/pflegezentrum-yspertal.at\/wordpress\/wp-content\/uploads\/2026\/03\/R6__17771-768x512.jpg 768w, https:\/\/pflegezentrum-yspertal.at\/wordpress\/wp-content\/uploads\/2026\/03\/R6__17771-1536x1024.jpg 1536w, https:\/\/pflegezentrum-yspertal.at\/wordpress\/wp-content\/uploads\/2026\/03\/R6__17771-2048x1365.jpg 2048w\" sizes=\"auto, (max-width: 1024px) 100vw, 1024px\" \/><\/figure>\n","protected":false},"excerpt":{"rendered":"<p>Unser drittes Lehrm\u00e4dchen, Gr\u00f6ssbacher Lilliane, hat die erste Klasse der Landesberufsschule St.P\u00f6lten f\u00fcr Pflegeassistenz mit einem ausgezeichneten Zeugnis abgeschlossen. Sie war mit viel Engagement und Eifer dabei, sodass sie jetzt ihr Wissen in der weiteren Lehre im PZ Yspertal erweitern und vertiefen kann. Wir w\u00fcnschen ihr weiterhin bei ihrer Ausbildung viel Erfolg.<\/p>\n","protected":false},"author":6,"featured_media":10148,"comment_status":"closed","ping_status":"closed","sticky":false,"template":"","format":"standard","meta":{"inline_featured_image":false,"footnotes":""},"categories":[1],"tags":[],"class_list":["post-10146","post","type-post","status-publish","format-standard","has-post-thumbnail","hentry","category-aktuelles"],"yoast_head":"<!-- This site is optimized with the Yoast SEO plugin v27.4 - https:\/\/yoast.com\/product\/yoast-seo-wordpress\/ -->\n<title>Starker Start in die Pflegeausbildung - Pflegezentrum Yspertal<\/title>\n<meta name=\"robots\" content=\"index, follow, max-snippet:-1, max-image-preview:large, max-video-preview:-1\" \/>\n<link rel=\"canonical\" href=\"https:\/\/pflegezentrum-yspertal.at\/wordpress\/starker-start-in-die-pflegeausbildung\" \/>\n<meta property=\"og:locale\" content=\"de_DE\" \/>\n<meta property=\"og:type\" content=\"article\" \/>\n<meta property=\"og:title\" content=\"Starker Start in die Pflegeausbildung - Pflegezentrum Yspertal\" \/>\n<meta property=\"og:description\" content=\"Unser drittes Lehrm\u00e4dchen, Gr\u00f6ssbacher Lilliane, hat die erste Klasse der Landesberufsschule St.P\u00f6lten f\u00fcr Pflegeassistenz mit einem ausgezeichneten Zeugnis abgeschlossen. Sie war mit viel Engagement und Eifer dabei, sodass sie jetzt ihr Wissen in der weiteren Lehre im PZ Yspertal erweitern und vertiefen kann. Wir w\u00fcnschen ihr weiterhin bei ihrer Ausbildung viel Erfolg.\" \/>\n<meta property=\"og:url\" content=\"https:\/\/pflegezentrum-yspertal.at\/wordpress\/starker-start-in-die-pflegeausbildung\" \/>\n<meta property=\"og:site_name\" content=\"Pflegezentrum Yspertal\" \/>\n<meta property=\"article:published_time\" content=\"2026-03-13T06:10:45+00:00\" \/>\n<meta property=\"article:modified_time\" content=\"2026-03-13T06:10:49+00:00\" \/>\n<meta property=\"og:image\" content=\"https:\/\/pflegezentrum-yspertal.at\/wordpress\/wp-content\/uploads\/2026\/03\/R6__17771-scaled.jpg\" \/>\n\t<meta property=\"og:image:width\" content=\"2560\" \/>\n\t<meta property=\"og:image:height\" content=\"1707\" \/>\n\t<meta property=\"og:image:type\" content=\"image\/jpeg\" \/>\n<meta name=\"author\" content=\"Raphael Wimmer\" \/>\n<meta name=\"twitter:card\" content=\"summary_large_image\" \/>\n<meta name=\"twitter:label1\" content=\"Verfasst von\" \/>\n\t<meta name=\"twitter:data1\" content=\"Raphael Wimmer\" \/>\n\t<meta name=\"twitter:label2\" content=\"Gesch\u00e4tzte Lesezeit\" \/>\n\t<meta name=\"twitter:data2\" content=\"1\u00a0Minute\" \/>\n<script type=\"application\/ld+json\" class=\"yoast-schema-graph\">{\"@context\":\"https:\\\/\\\/schema.org\",\"@graph\":[{\"@type\":\"Article\",\"@id\":\"https:\\\/\\\/pflegezentrum-yspertal.at\\\/wordpress\\\/starker-start-in-die-pflegeausbildung#article\",\"isPartOf\":{\"@id\":\"https:\\\/\\\/pflegezentrum-yspertal.at\\\/wordpress\\\/starker-start-in-die-pflegeausbildung\"},\"author\":{\"name\":\"Raphael Wimmer\",\"@id\":\"https:\\\/\\\/yspertal.netzspinnerei.at\\\/#\\\/schema\\\/person\\\/3e8014c0760ea01a636f57b133b3634c\"},\"headline\":\"Starker Start in die Pflegeausbildung\",\"datePublished\":\"2026-03-13T06:10:45+00:00\",\"dateModified\":\"2026-03-13T06:10:49+00:00\",\"mainEntityOfPage\":{\"@id\":\"https:\\\/\\\/pflegezentrum-yspertal.at\\\/wordpress\\\/starker-start-in-die-pflegeausbildung\"},\"wordCount\":63,\"publisher\":{\"@id\":\"https:\\\/\\\/yspertal.netzspinnerei.at\\\/#organization\"},\"image\":{\"@id\":\"https:\\\/\\\/pflegezentrum-yspertal.at\\\/wordpress\\\/starker-start-in-die-pflegeausbildung#primaryimage\"},\"thumbnailUrl\":\"https:\\\/\\\/pflegezentrum-yspertal.at\\\/wordpress\\\/wp-content\\\/uploads\\\/2026\\\/03\\\/R6__17771-scaled.jpg\",\"articleSection\":[\"Aktuelles\"],\"inLanguage\":\"de\"},{\"@type\":\"WebPage\",\"@id\":\"https:\\\/\\\/pflegezentrum-yspertal.at\\\/wordpress\\\/starker-start-in-die-pflegeausbildung\",\"url\":\"https:\\\/\\\/pflegezentrum-yspertal.at\\\/wordpress\\\/starker-start-in-die-pflegeausbildung\",\"name\":\"Starker Start in die Pflegeausbildung - Pflegezentrum Yspertal\",\"isPartOf\":{\"@id\":\"https:\\\/\\\/yspertal.netzspinnerei.at\\\/#website\"},\"primaryImageOfPage\":{\"@id\":\"https:\\\/\\\/pflegezentrum-yspertal.at\\\/wordpress\\\/starker-start-in-die-pflegeausbildung#primaryimage\"},\"image\":{\"@id\":\"https:\\\/\\\/pflegezentrum-yspertal.at\\\/wordpress\\\/starker-start-in-die-pflegeausbildung#primaryimage\"},\"thumbnailUrl\":\"https:\\\/\\\/pflegezentrum-yspertal.at\\\/wordpress\\\/wp-content\\\/uploads\\\/2026\\\/03\\\/R6__17771-scaled.jpg\",\"datePublished\":\"2026-03-13T06:10:45+00:00\",\"dateModified\":\"2026-03-13T06:10:49+00:00\",\"breadcrumb\":{\"@id\":\"https:\\\/\\\/pflegezentrum-yspertal.at\\\/wordpress\\\/starker-start-in-die-pflegeausbildung#breadcrumb\"},\"inLanguage\":\"de\",\"potentialAction\":[{\"@type\":\"ReadAction\",\"target\":[\"https:\\\/\\\/pflegezentrum-yspertal.at\\\/wordpress\\\/starker-start-in-die-pflegeausbildung\"]}]},{\"@type\":\"ImageObject\",\"inLanguage\":\"de\",\"@id\":\"https:\\\/\\\/pflegezentrum-yspertal.at\\\/wordpress\\\/starker-start-in-die-pflegeausbildung#primaryimage\",\"url\":\"https:\\\/\\\/pflegezentrum-yspertal.at\\\/wordpress\\\/wp-content\\\/uploads\\\/2026\\\/03\\\/R6__17771-scaled.jpg\",\"contentUrl\":\"https:\\\/\\\/pflegezentrum-yspertal.at\\\/wordpress\\\/wp-content\\\/uploads\\\/2026\\\/03\\\/R6__17771-scaled.jpg\",\"width\":2560,\"height\":1707},{\"@type\":\"BreadcrumbList\",\"@id\":\"https:\\\/\\\/pflegezentrum-yspertal.at\\\/wordpress\\\/starker-start-in-die-pflegeausbildung#breadcrumb\",\"itemListElement\":[{\"@type\":\"ListItem\",\"position\":1,\"name\":\"Home\",\"item\":\"https:\\\/\\\/pflegezentrum-yspertal.at\\\/wordpress\\\/\"},{\"@type\":\"ListItem\",\"position\":2,\"name\":\"Aktuelles\",\"item\":\"https:\\\/\\\/yspertal.netzspinnerei.at\\\/category\\\/aktuelles\"},{\"@type\":\"ListItem\",\"position\":3,\"name\":\"Starker Start in die Pflegeausbildung\"}]},{\"@type\":\"WebSite\",\"@id\":\"https:\\\/\\\/yspertal.netzspinnerei.at\\\/#website\",\"url\":\"https:\\\/\\\/yspertal.netzspinnerei.at\\\/\",\"name\":\"Pflegezentrum Yspertal\",\"description\":\"\",\"publisher\":{\"@id\":\"https:\\\/\\\/yspertal.netzspinnerei.at\\\/#organization\"},\"potentialAction\":[{\"@type\":\"SearchAction\",\"target\":{\"@type\":\"EntryPoint\",\"urlTemplate\":\"https:\\\/\\\/yspertal.netzspinnerei.at\\\/?s={search_term_string}\"},\"query-input\":{\"@type\":\"PropertyValueSpecification\",\"valueRequired\":true,\"valueName\":\"search_term_string\"}}],\"inLanguage\":\"de\"},{\"@type\":\"Organization\",\"@id\":\"https:\\\/\\\/yspertal.netzspinnerei.at\\\/#organization\",\"name\":\"Pflegezentrum Yspertal\",\"url\":\"https:\\\/\\\/yspertal.netzspinnerei.at\\\/\",\"logo\":{\"@type\":\"ImageObject\",\"inLanguage\":\"de\",\"@id\":\"https:\\\/\\\/yspertal.netzspinnerei.at\\\/#\\\/schema\\\/logo\\\/image\\\/\",\"url\":\"https:\\\/\\\/pflegezentrum-yspertal.at\\\/wordpress\\\/wp-content\\\/uploads\\\/2023\\\/10\\\/Logo-Border.jpg\",\"contentUrl\":\"https:\\\/\\\/pflegezentrum-yspertal.at\\\/wordpress\\\/wp-content\\\/uploads\\\/2023\\\/10\\\/Logo-Border.jpg\",\"width\":787,\"height\":102,\"caption\":\"Pflegezentrum Yspertal\"},\"image\":{\"@id\":\"https:\\\/\\\/yspertal.netzspinnerei.at\\\/#\\\/schema\\\/logo\\\/image\\\/\"}},{\"@type\":\"Person\",\"@id\":\"https:\\\/\\\/yspertal.netzspinnerei.at\\\/#\\\/schema\\\/person\\\/3e8014c0760ea01a636f57b133b3634c\",\"name\":\"Raphael Wimmer\",\"image\":{\"@type\":\"ImageObject\",\"inLanguage\":\"de\",\"@id\":\"https:\\\/\\\/secure.gravatar.com\\\/avatar\\\/a7fec3f5d03fa07909c45b6e9ce155223209eca5822accc3dda35a5815ff09fa?s=96&d=mm&r=g\",\"url\":\"https:\\\/\\\/secure.gravatar.com\\\/avatar\\\/a7fec3f5d03fa07909c45b6e9ce155223209eca5822accc3dda35a5815ff09fa?s=96&d=mm&r=g\",\"contentUrl\":\"https:\\\/\\\/secure.gravatar.com\\\/avatar\\\/a7fec3f5d03fa07909c45b6e9ce155223209eca5822accc3dda35a5815ff09fa?s=96&d=mm&r=g\",\"caption\":\"Raphael Wimmer\"},\"url\":\"https:\\\/\\\/pflegezentrum-yspertal.at\\\/wordpress\\\/author\\\/raphael-wimmer\"}]}<\/script>\n<!-- \/ Yoast SEO plugin. -->","yoast_head_json":{"title":"Starker Start in die Pflegeausbildung - Pflegezentrum Yspertal","robots":{"index":"index","follow":"follow","max-snippet":"max-snippet:-1","max-image-preview":"max-image-preview:large","max-video-preview":"max-video-preview:-1"},"canonical":"https:\/\/pflegezentrum-yspertal.at\/wordpress\/starker-start-in-die-pflegeausbildung","og_locale":"de_DE","og_type":"article","og_title":"Starker Start in die Pflegeausbildung - Pflegezentrum Yspertal","og_description":"Unser drittes Lehrm\u00e4dchen, Gr\u00f6ssbacher Lilliane, hat die erste Klasse der Landesberufsschule St.P\u00f6lten f\u00fcr Pflegeassistenz mit einem ausgezeichneten Zeugnis abgeschlossen. Sie war mit viel Engagement und Eifer dabei, sodass sie jetzt ihr Wissen in der weiteren Lehre im PZ Yspertal erweitern und vertiefen kann. Wir w\u00fcnschen ihr weiterhin bei ihrer Ausbildung viel Erfolg.","og_url":"https:\/\/pflegezentrum-yspertal.at\/wordpress\/starker-start-in-die-pflegeausbildung","og_site_name":"Pflegezentrum Yspertal","article_published_time":"2026-03-13T06:10:45+00:00","article_modified_time":"2026-03-13T06:10:49+00:00","og_image":[{"width":2560,"height":1707,"url":"https:\/\/pflegezentrum-yspertal.at\/wordpress\/wp-content\/uploads\/2026\/03\/R6__17771-scaled.jpg","type":"image\/jpeg"}],"author":"Raphael Wimmer","twitter_card":"summary_large_image","twitter_misc":{"Verfasst von":"Raphael Wimmer","Gesch\u00e4tzte Lesezeit":"1\u00a0Minute"},"schema":{"@context":"https:\/\/schema.org","@graph":[{"@type":"Article","@id":"https:\/\/pflegezentrum-yspertal.at\/wordpress\/starker-start-in-die-pflegeausbildung#article","isPartOf":{"@id":"https:\/\/pflegezentrum-yspertal.at\/wordpress\/starker-start-in-die-pflegeausbildung"},"author":{"name":"Raphael Wimmer","@id":"https:\/\/yspertal.netzspinnerei.at\/#\/schema\/person\/3e8014c0760ea01a636f57b133b3634c"},"headline":"Starker Start in die Pflegeausbildung","datePublished":"2026-03-13T06:10:45+00:00","dateModified":"2026-03-13T06:10:49+00:00","mainEntityOfPage":{"@id":"https:\/\/pflegezentrum-yspertal.at\/wordpress\/starker-start-in-die-pflegeausbildung"},"wordCount":63,"publisher":{"@id":"https:\/\/yspertal.netzspinnerei.at\/#organization"},"image":{"@id":"https:\/\/pflegezentrum-yspertal.at\/wordpress\/starker-start-in-die-pflegeausbildung#primaryimage"},"thumbnailUrl":"https:\/\/pflegezentrum-yspertal.at\/wordpress\/wp-content\/uploads\/2026\/03\/R6__17771-scaled.jpg","articleSection":["Aktuelles"],"inLanguage":"de"},{"@type":"WebPage","@id":"https:\/\/pflegezentrum-yspertal.at\/wordpress\/starker-start-in-die-pflegeausbildung","url":"https:\/\/pflegezentrum-yspertal.at\/wordpress\/starker-start-in-die-pflegeausbildung","name":"Starker Start in die Pflegeausbildung - Pflegezentrum Yspertal","isPartOf":{"@id":"https:\/\/yspertal.netzspinnerei.at\/#website"},"primaryImageOfPage":{"@id":"https:\/\/pflegezentrum-yspertal.at\/wordpress\/starker-start-in-die-pflegeausbildung#primaryimage"},"image":{"@id":"https:\/\/pflegezentrum-yspertal.at\/wordpress\/starker-start-in-die-pflegeausbildung#primaryimage"},"thumbnailUrl":"https:\/\/pflegezentrum-yspertal.at\/wordpress\/wp-content\/uploads\/2026\/03\/R6__17771-scaled.jpg","datePublished":"2026-03-13T06:10:45+00:00","dateModified":"2026-03-13T06:10:49+00:00","breadcrumb":{"@id":"https:\/\/pflegezentrum-yspertal.at\/wordpress\/starker-start-in-die-pflegeausbildung#breadcrumb"},"inLanguage":"de","potentialAction":[{"@type":"ReadAction","target":["https:\/\/pflegezentrum-yspertal.at\/wordpress\/starker-start-in-die-pflegeausbildung"]}]},{"@type":"ImageObject","inLanguage":"de","@id":"https:\/\/pflegezentrum-yspertal.at\/wordpress\/starker-start-in-die-pflegeausbildung#primaryimage","url":"https:\/\/pflegezentrum-yspertal.at\/wordpress\/wp-content\/uploads\/2026\/03\/R6__17771-scaled.jpg","contentUrl":"https:\/\/pflegezentrum-yspertal.at\/wordpress\/wp-content\/uploads\/2026\/03\/R6__17771-scaled.jpg","width":2560,"height":1707},{"@type":"BreadcrumbList","@id":"https:\/\/pflegezentrum-yspertal.at\/wordpress\/starker-start-in-die-pflegeausbildung#breadcrumb","itemListElement":[{"@type":"ListItem","position":1,"name":"Home","item":"https:\/\/pflegezentrum-yspertal.at\/wordpress\/"},{"@type":"ListItem","position":2,"name":"Aktuelles","item":"https:\/\/yspertal.netzspinnerei.at\/category\/aktuelles"},{"@type":"ListItem","position":3,"name":"Starker Start in die Pflegeausbildung"}]},{"@type":"WebSite","@id":"https:\/\/yspertal.netzspinnerei.at\/#website","url":"https:\/\/yspertal.netzspinnerei.at\/","name":"Pflegezentrum Yspertal","description":"","publisher":{"@id":"https:\/\/yspertal.netzspinnerei.at\/#organization"},"potentialAction":[{"@type":"SearchAction","target":{"@type":"EntryPoint","urlTemplate":"https:\/\/yspertal.netzspinnerei.at\/?s={search_term_string}"},"query-input":{"@type":"PropertyValueSpecification","valueRequired":true,"valueName":"search_term_string"}}],"inLanguage":"de"},{"@type":"Organization","@id":"https:\/\/yspertal.netzspinnerei.at\/#organization","name":"Pflegezentrum Yspertal","url":"https:\/\/yspertal.netzspinnerei.at\/","logo":{"@type":"ImageObject","inLanguage":"de","@id":"https:\/\/yspertal.netzspinnerei.at\/#\/schema\/logo\/image\/","url":"https:\/\/pflegezentrum-yspertal.at\/wordpress\/wp-content\/uploads\/2023\/10\/Logo-Border.jpg","contentUrl":"https:\/\/pflegezentrum-yspertal.at\/wordpress\/wp-content\/uploads\/2023\/10\/Logo-Border.jpg","width":787,"height":102,"caption":"Pflegezentrum Yspertal"},"image":{"@id":"https:\/\/yspertal.netzspinnerei.at\/#\/schema\/logo\/image\/"}},{"@type":"Person","@id":"https:\/\/yspertal.netzspinnerei.at\/#\/schema\/person\/3e8014c0760ea01a636f57b133b3634c","name":"Raphael Wimmer","image":{"@type":"ImageObject","inLanguage":"de","@id":"https:\/\/secure.gravatar.com\/avatar\/a7fec3f5d03fa07909c45b6e9ce155223209eca5822accc3dda35a5815ff09fa?s=96&d=mm&r=g","url":"https:\/\/secure.gravatar.com\/avatar\/a7fec3f5d03fa07909c45b6e9ce155223209eca5822accc3dda35a5815ff09fa?s=96&d=mm&r=g","contentUrl":"https:\/\/secure.gravatar.com\/avatar\/a7fec3f5d03fa07909c45b6e9ce155223209eca5822accc3dda35a5815ff09fa?s=96&d=mm&r=g","caption":"Raphael Wimmer"},"url":"https:\/\/pflegezentrum-yspertal.at\/wordpress\/author\/raphael-wimmer"}]}},"_links":{"self":[{"href":"https:\/\/pflegezentrum-yspertal.at\/wordpress\/wp-json\/wp\/v2\/posts\/10146","targetHints":{"allow":["GET"]}}],"collection":[{"href":"https:\/\/pflegezentrum-yspertal.at\/wordpress\/wp-json\/wp\/v2\/posts"}],"about":[{"href":"https:\/\/pflegezentrum-yspertal.at\/wordpress\/wp-json\/wp\/v2\/types\/post"}],"author":[{"embeddable":true,"href":"https:\/\/pflegezentrum-yspertal.at\/wordpress\/wp-json\/wp\/v2\/users\/6"}],"replies":[{"embeddable":true,"href":"https:\/\/pflegezentrum-yspertal.at\/wordpress\/wp-json\/wp\/v2\/comments?post=10146"}],"version-history":[{"count":1,"href":"https:\/\/pflegezentrum-yspertal.at\/wordpress\/wp-json\/wp\/v2\/posts\/10146\/revisions"}],"predecessor-version":[{"id":10149,"href":"https:\/\/pflegezentrum-yspertal.at\/wordpress\/wp-json\/wp\/v2\/posts\/10146\/revisions\/10149"}],"wp:featuredmedia":[{"embeddable":true,"href":"https:\/\/pflegezentrum-yspertal.at\/wordpress\/wp-json\/wp\/v2\/media\/10148"}],"wp:attachment":[{"href":"https:\/\/pflegezentrum-yspertal.at\/wordpress\/wp-json\/wp\/v2\/media?parent=10146"}],"wp:term":[{"taxonomy":"category","embeddable":true,"href":"https:\/\/pflegezentrum-yspertal.at\/wordpress\/wp-json\/wp\/v2\/categories?post=10146"},{"taxonomy":"post_tag","embeddable":true,"href":"https:\/\/pflegezentrum-yspertal.at\/wordpress\/wp-json\/wp\/v2\/tags?post=10146"}],"curies":[{"name":"wp","href":"https:\/\/api.w.org\/{rel}","templated":true}]}}